{"id":121202,"date":"2025-12-24T18:25:33","date_gmt":"2025-12-24T18:25:33","guid":{"rendered":"https:\/\/www.europesays.com\/no\/121202\/"},"modified":"2025-12-24T18:25:33","modified_gmt":"2025-12-24T18:25:33","slug":"julesnakk-med-carina-dahl-endte-med-legebesok","status":"publish","type":"post","link":"https:\/\/www.europesays.com\/no\/121202\/","title":{"rendered":"Julesnakk med Carina Dahl: Endte med legebes\u00f8k:"},"content":{"rendered":"<p class=\"no_italic m-no_italic\" data-lab-italic=\"\">Artist Carina Dahl (40) m\u00e5tte ta til takke med en femteplass i \u00abSkal vi danse\u00bb, etter \u00e5 ha tapt danseduellen mot Tiril Eckhoff (35) i kvartfinalen.\u00a0<\/p>\n<p class=\"no_italic m-no_italic\" data-lab-italic=\"\"><b>Tale Torjussen (20)\u00a0<\/b>ble som kjent <a href=\"https:\/\/www.tv2.no\/underholdning\/dette-er-vinneren-av-skal-vi-danse-en-barndomsdrom\/18404119\/\" target=\"_blank\" rel=\"nofollow noopener\">nylig k\u00e5ret vinner<\/a>, akkurat i tide for den store julefeiringen.<\/p>\n<p class=\"no_italic m-no_italic\" data-lab-italic=\"\">Etter mange uker p\u00e5 parketten, og enormt mange timer med dansetrening bak seg, tar Dahl en velfortjent juleferie i \u00e5r.<\/p>\n<p class=\"no_italic m-no_italic bold m-bold\" data-lab-italic=\"\" data-lab-font_weight=\"bold\">\u2013 Hva skal du gj\u00f8re i julen?<\/p>\n<p>\u2013 Jeg skal ha fri for f\u00f8rste gang p\u00e5 sykt mange \u00e5r. Tatt meg helt fri, fordi jeg regnet med at\u00a0\u00abSkal vi danse\u00bb kom til \u00e5 v\u00e6re krevende nok. S\u00e5 jeg har for f\u00f8rste gang invitert til julaften i min leilighet. Det blir veldig stas.<\/p>\n<p> \u2013 Vi er ikke s\u00e5 mange, bare meg, mamma og s\u00f8ster. Det blir deilig med oss tre, helt avslappende med god mat.<\/p>\n<p class=\"italic m-italic\" data-lab-italic=\"italic\"> \u2013 Hva klarer du deg ikke uten, om du skal ha en riktig god jul?<\/p>\n<p> \u2013 Jeg spiser s\u00e5 mye i julen. Pinnekj\u00f8tt er noe jeg m\u00e5 ha. Sm\u00e5godt blir det ogs\u00e5 mye av. S\u00e5 blir det jo litt akevitt og \u00f8l.<\/p>\n<p>Feiret p\u00e5 sykehuset<\/p>\n<p class=\"italic m-italic\" data-lab-italic=\"italic\"> \u2013 Savner du noen kj\u00e6re i jula?<\/p>\n<p>\u2013 I fjor var en veldig rar jul, fordi vi m\u00e5tte feire p\u00e5 sykehuset, ettersom pappa var syk med kreft. Det var en kjip jul.\u00a0<\/p>\n<p>    <a class=\"article__link\" data-ga-active-label=\"\" data-ga-active-label-animation=\"\" href=\"https:\/\/www.tv2.no\/underholdning\/hyllet-faren-det-var-beintoft\/18360029\/\" rel=\"nofollow noopener\" target=\"_blank\"><\/p>\n<p>    <img class=\"image__img lazyload\" itemprop=\"image\" title=\"\" alt=\"\" width=\"978\" height=\"411\" bad-src=\"https:\/\/www.europesays.com\/no\/wp-content\/uploads\/2025\/12\/1766600726_50_18360040.webp\" fetchpriority=\"auto\" \/><\/p>\n<p>\n            Hyllet faren: \u2013 Det var beint\u00f8ft\n        <\/p>\n<p>    <\/a><\/p>\n<p>\u2013 Samtidig som han l\u00e5 p\u00e5 sykehus, m\u00e5tte jeg levere p\u00e5 scenen og late som ingenting.\u00a0Det var vanskelig. Det var mildt sagt store kontraster i livet mitt p\u00e5 det tidspunktet. Selv om det var gode prognoser for kreften hans og ikke noe jeg kunne gj\u00f8re, var det vanskelig \u00e5 reise rundt og spille.<\/p>\n<p>Situasjonen Dahl sto i p\u00e5virket henne mer enn hun selv trodde.<\/p>\n<p>\u2013 Den ene dagen mens jeg kj\u00f8rte bil, etter \u00e5 ha hentet noen av bandmedlemmene mine, kjente jeg at det begynte \u00e5 svartne for meg. S\u00e5 da tenkte jeg:\u00a0\u00abHerregud, jeg m\u00e5 stoppe bilen\u00bb. S\u00e5 begynte det \u00e5 prikke i fingrene, samtidig som jeg tenkte:\u00a0\u00abJeg m\u00e5 bli bra igjen, jeg skal jo spille for 2000 mennesker\u00bb.\u00a0<\/p>\n<p>\u2013 S\u00e5 vi dro til legen, og det viste seg \u00e5 v\u00e6re en slags panikkanfall. S\u00e5 det var en m\u00e5te kroppen sa fra p\u00e5 at ting var vanskelig. Men n\u00e5r jeg fikk vite at det var det, s\u00e5 var det lett \u00e5 legge fra seg og peise p\u00e5 videre.\u00a0<\/p>\n<p>\u2013 Kjennes ensomt<\/p>\n<p class=\"italic m-italic\" data-lab-italic=\"italic\"> \u2013 Hva er den rareste julen du har hatt?<\/p>\n<p>\u2013 Jeg har som regel feiret jul med familien, men det har v\u00e6rt noen \u00e5r hvor jeg s\u00e5 \u00e5 si har v\u00e6rt alene p\u00e5 hotellrommet f\u00f8rste juledag fordi jeg skal spille en konsert.\u00a0<\/p>\n<p>    <a class=\"article__link\" data-ga-active-label=\"\" data-ga-active-label-animation=\"\" href=\"https:\/\/www.tv2.no\/underholdning\/frierbrevene-renner-inn-darlig-timing\/18264245\/\" rel=\"nofollow noopener\" target=\"_blank\"><\/p>\n<p>    <img class=\"image__img lazyload\" itemprop=\"image\" title=\"\" alt=\"\" width=\"978\" height=\"411\" bad-src=\"https:\/\/www.europesays.com\/no\/wp-content\/uploads\/2025\/12\/18264332.webp\" fetchpriority=\"auto\" \/><\/p>\n<p>\n            Frierbrevene renner inn\n        <\/p>\n<p>    <\/a><\/p>\n<p>\u2013 Da kjenner du jo litt p\u00e5 det, n\u00e5r man ser alle koser seg p\u00e5 sosiale medier, at man er p\u00e5 jobb. Iblant kan det kjennes ensomt i julen, selv om man er med bandet og har en veldig kul jobb.\u00a0I fjor ble det helt ekstremt, for da spilte jeg fire dager p\u00e5 rad i romjulen, s\u00e5 det ble en kort feiring, samtidig som pappa l\u00e5 syk.\u00a0<\/p>\n<p>Fikk intim gave av Viggo Venn<\/p>\n<p class=\"italic m-italic\" data-lab-italic=\"italic\"> \u2013 Hva er den verste\/rareste julegaven du har f\u00e5tt?<\/p>\n<p>\u2013 Vi fikk julegave av Viggo. Jeg vet ikke om jeg kan si hva det var, men det var en form for julekuler til kroppen. Det er nok den rareste gaven jeg har f\u00e5tt. <\/p>\n<p>\u2013 Det var ogs\u00e5 et \u00e5r hvor jeg fikk det jeg trodde bare var en boks med hjemmebleking av h\u00e5ret. Det var ikke f\u00f8r et halvt \u00e5r senere jeg fant ut at det l\u00e5 en fin topp inne i den.<\/p>\n","protected":false},"excerpt":{"rendered":"Artist Carina Dahl (40) m\u00e5tte ta til takke med en femteplass i \u00abSkal vi danse\u00bb, etter \u00e5 ha&hellip;\n","protected":false},"author":2,"featured_media":121203,"comment_status":"","ping_status":"","sticky":false,"template":"","format":"standard","meta":{"footnotes":""},"categories":[10],"tags":[20,21,24,25,15,22,23,13,30,28,29,14,16,26,27],"class_list":{"0":"post-121202","1":"post","2":"type-post","3":"status-publish","4":"format-standard","5":"has-post-thumbnail","7":"category-norge","8":"tag-breaking-news","9":"tag-breakingnews","10":"tag-featured-news","11":"tag-featurednews","12":"tag-headlines","13":"tag-latest-news","14":"tag-latestnews","15":"tag-news","16":"tag-no","17":"tag-norge","18":"tag-norway","19":"tag-nyheter","20":"tag-overskrifter","21":"tag-top-stories","22":"tag-topstories"},"share_on_mastodon":{"url":"https:\/\/pubeurope.com\/@no\/115775951546594878","error":""},"_links":{"self":[{"href":"https:\/\/www.europesays.com\/no\/wp-json\/wp\/v2\/posts\/121202","targetHints":{"allow":["GET"]}}],"collection":[{"href":"https:\/\/www.europesays.com\/no\/wp-json\/wp\/v2\/posts"}],"about":[{"href":"https:\/\/www.europesays.com\/no\/wp-json\/wp\/v2\/types\/post"}],"author":[{"embeddable":true,"href":"https:\/\/www.europesays.com\/no\/wp-json\/wp\/v2\/users\/2"}],"replies":[{"embeddable":true,"href":"https:\/\/www.europesays.com\/no\/wp-json\/wp\/v2\/comments?post=121202"}],"version-history":[{"count":0,"href":"https:\/\/www.europesays.com\/no\/wp-json\/wp\/v2\/posts\/121202\/revisions"}],"wp:featuredmedia":[{"embeddable":true,"href":"https:\/\/www.europesays.com\/no\/wp-json\/wp\/v2\/media\/121203"}],"wp:attachment":[{"href":"https:\/\/www.europesays.com\/no\/wp-json\/wp\/v2\/media?parent=121202"}],"wp:term":[{"taxonomy":"category","embeddable":true,"href":"https:\/\/www.europesays.com\/no\/wp-json\/wp\/v2\/categories?post=121202"},{"taxonomy":"post_tag","embeddable":true,"href":"https:\/\/www.europesays.com\/no\/wp-json\/wp\/v2\/tags?post=121202"}],"curies":[{"name":"wp","href":"https:\/\/api.w.org\/{rel}","templated":true}]}}