{"id":121204,"date":"2025-12-24T18:34:29","date_gmt":"2025-12-24T18:34:29","guid":{"rendered":"https:\/\/www.europesays.com\/no\/121204\/"},"modified":"2025-12-24T18:34:29","modified_gmt":"2025-12-24T18:34:29","slug":"avdode-sivert-guttorm-bakken-ble-funnet-med-hoydemaske-nrk","status":"publish","type":"post","link":"https:\/\/www.europesays.com\/no\/121204\/","title":{"rendered":"Avd\u00f8de Sivert Guttorm Bakken ble funnet med h\u00f8ydemaske &#8211; NRK"},"content":{"rendered":"<ol>\n<li><a href=\"https:\/\/news.google.com\/rss\/articles\/CBMilAFBVV95cUxOMWc3cDZybHdhME52VDVoaUFxbHJ5UUZDTlJrU21hMEwyRmVUVVZaOTc3UmpXZWJsSXZLUzVkX3VfRGVHaVJOQ28xQkFUN1liUnlHOWhIQ3RYRU1WcW1YVkFuTVJoYVd1ZTlWYUtsbHozV0d5RVBlSEhLNzZ4X3BpdS1NaEhnTFEwbFBzc0d1ajd1dTRS?oc=5\" target=\"_blank\" rel=\"nofollow noopener\">Avd\u00f8de Sivert Guttorm Bakken ble funnet med h\u00f8ydemaske<\/a>&nbsp;&nbsp;NRK<\/li>\n<li><a href=\"https:\/\/news.google.com\/rss\/articles\/CBMiigFBVV95cUxPT3dDODdHZlBtSHhzalZDckZTNHBwdTZOM0NPR0V6NTZKYW43VDFvRS11eDJhVjhqamtERGI0a0pWVFJwVVZsb2EwbzJnaTNSYlI1cmRyZnU4SzZsT19XX2pNQmhMVEhiSTJickxka3plRzVWTDhIM2RwUktsaC1xUVI2UHRMTzFLNmc?oc=5\" target=\"_blank\" rel=\"nofollow noopener\">siste: Sivert Guttorm Bakken (27 funnet med h\u00f8ydemaske<\/a>&nbsp;&nbsp;VG<\/li>\n<li><a href=\"https:\/\/news.google.com\/rss\/articles\/CBMioAFBVV95cUxQUC13UEdic2k0UUFVN3VtWk1DcVFPVzJocFVTYXctc1lvMjliT1h3NDEzdkF6LXkyNUNFRmVZcElzSVZ5TU5qZUtMN05KTUo5SVZXWjB4TV9zblNuQlV0bmpDNDlDNm8tOEJ4YkJMTnU3aTVYMW41eTQzellDSEFUaHBpYWpjbmktaFVzQ19pM2lXVFNiYnNGRjF5TktJUGtG?oc=5\" target=\"_blank\" rel=\"nofollow noopener\">Deler ny informasjon om d\u00f8dsfallet til Sivert Bakken<\/a>&nbsp;&nbsp;Nettavisen<\/li>\n<li><a href=\"https:\/\/news.google.com\/rss\/articles\/CBMilwFBVV95cUxONzBqd1BpX29tdS1WVUtUMEUtVjB3NEFjcEVLckJ3dzM3bk1tT2YycVQ3N1lyaDMwUEpROEhQeXdjUFVxeXViUUMzWVBwQ1M1MzNHSlVDeWVPdVRmQi05VG9KVWhRbm9HNjR2eENTOEpTT2pNMlBqQldPUHZIYXdFUGw2TXBBb2pqb2NScnRhNUpuTW9HRi04?oc=5\" target=\"_blank\" rel=\"nofollow noopener\">Sivert Guttorm Bakken er d\u00f8d \u2013 skiskytterfamilien i sorg<\/a>&nbsp;&nbsp;NRK<\/li>\n<li><a href=\"https:\/\/news.google.com\/rss\/articles\/CBMiekFVX3lxTE5zeDVIWkdqd0ZPZDlXNUVRTF8yZ0dBbTdxUklfQXd4WkxpSUNhRVkzVTRuMUtUemhEZFpBeXNPNE51MExiR2tXejBlOTdObTREUzktS2gwVm5oektaa2tGU0FUSDJoWlpjYW1TR1pJNHFFV2h2OTl5aDJ3?oc=5\" target=\"_blank\" rel=\"nofollow noopener\">Thingnes B\u00f8 i sorg: \u2013 Gode, fine Sivert<\/a>&nbsp;&nbsp;TV2.no<\/li>\n<\/ol>\n","protected":false},"excerpt":{"rendered":"Avd\u00f8de Sivert Guttorm Bakken ble funnet med h\u00f8ydemaske&nbsp;&nbsp;NRK siste: Sivert Guttorm Bakken (27 funnet med h\u00f8ydemaske&nbsp;&nbsp;VG Deler ny&hellip;\n","protected":false},"author":2,"featured_media":120547,"comment_status":"","ping_status":"","sticky":false,"template":"","format":"standard","meta":{"footnotes":""},"categories":[10],"tags":[20,21,24,25,15,22,23,13,30,28,29,14,16,26,27],"class_list":{"0":"post-121204","1":"post","2":"type-post","3":"status-publish","4":"format-standard","5":"has-post-thumbnail","7":"category-norge","8":"tag-breaking-news","9":"tag-breakingnews","10":"tag-featured-news","11":"tag-featurednews","12":"tag-headlines","13":"tag-latest-news","14":"tag-latestnews","15":"tag-news","16":"tag-no","17":"tag-norge","18":"tag-norway","19":"tag-nyheter","20":"tag-overskrifter","21":"tag-top-stories","22":"tag-topstories"},"share_on_mastodon":{"url":"https:\/\/pubeurope.com\/@no\/115775987015220609","error":""},"_links":{"self":[{"href":"https:\/\/www.europesays.com\/no\/wp-json\/wp\/v2\/posts\/121204","targetHints":{"allow":["GET"]}}],"collection":[{"href":"https:\/\/www.europesays.com\/no\/wp-json\/wp\/v2\/posts"}],"about":[{"href":"https:\/\/www.europesays.com\/no\/wp-json\/wp\/v2\/types\/post"}],"author":[{"embeddable":true,"href":"https:\/\/www.europesays.com\/no\/wp-json\/wp\/v2\/users\/2"}],"replies":[{"embeddable":true,"href":"https:\/\/www.europesays.com\/no\/wp-json\/wp\/v2\/comments?post=121204"}],"version-history":[{"count":0,"href":"https:\/\/www.europesays.com\/no\/wp-json\/wp\/v2\/posts\/121204\/revisions"}],"wp:featuredmedia":[{"embeddable":true,"href":"https:\/\/www.europesays.com\/no\/wp-json\/wp\/v2\/media\/120547"}],"wp:attachment":[{"href":"https:\/\/www.europesays.com\/no\/wp-json\/wp\/v2\/media?parent=121204"}],"wp:term":[{"taxonomy":"category","embeddable":true,"href":"https:\/\/www.europesays.com\/no\/wp-json\/wp\/v2\/categories?post=121204"},{"taxonomy":"post_tag","embeddable":true,"href":"https:\/\/www.europesays.com\/no\/wp-json\/wp\/v2\/tags?post=121204"}],"curies":[{"name":"wp","href":"https:\/\/api.w.org\/{rel}","templated":true}]}}