{"id":121207,"date":"2025-12-24T18:39:15","date_gmt":"2025-12-24T18:39:15","guid":{"rendered":"https:\/\/www.europesays.com\/no\/121207\/"},"modified":"2025-12-24T18:39:15","modified_gmt":"2025-12-24T18:39:15","slug":"aret-har-vaert-en-stor-utfordring","status":"publish","type":"post","link":"https:\/\/www.europesays.com\/no\/121207\/","title":{"rendered":"\u2013 \u00c5ret har v\u00e6rt en stor utfordring"},"content":{"rendered":"\n<p class=\"_lead_o9xde_2 _lead_xtcu6_50 layout-component text-serif-m layout-normal text-serif-l layout-component layout-wide layout-padded _wide_17hqh_1 layout-padded\">Erling Braut Haaland (25) topper VGs 100-liste over Norges st\u00f8rste idrettsstjerner \u2013 og gir i den anledning et innblikk i hvordan 2025 har v\u00e6rt.<\/p>\n<p><img alt=\"OPP- OG NEDTURER: Erling Braut Haaland stiller strenge krav til egen prestasjon, og sier at dette \u00e5ret b\u00e5de har bydd p\u00e5 utfordringer og store oppturer. Foto: Mike Egerton \/ Pa Photos\" class=\"_image_qp4xg_65 layout-component layout-wide\" data-fullscreen- data-track-element-type=\"Article image fullscreen\" data-track-name=\"ImageFullscreen\" fetchpriority=\"high\" decoding=\"sync\" loading=\"eager\" height=\"3757\" itemprop=\"image\"  src=\"https:\/\/www.europesays.com\/no\/wp-content\/uploads\/2025\/12\/0c8c3fac-792f-4342-87c3-b15a217de299\"  style=\"object-position:0% 0%\" width=\"5635\"\/>OPP- OG NEDTURER: Erling Braut Haaland stiller strenge krav til egen prestasjon, og sier at dette \u00e5ret b\u00e5de har bydd p\u00e5 utfordringer og store oppturer. Foto: Mike Egerton \/ Pa Photos<\/p>\n<ul aria-hidden=\"true\" class=\"_images_ntbth_112\">\n<li><a class=\"_link_ntbth_117\" href=\"https:\/\/www.vg.no\/forfatter\/yasmin-sunde-hoel\" style=\"z-index:2\" title=\"Yasmin Sunde Hoel\" rel=\"nofollow noopener\" target=\"_blank\"><img alt=\"Bilde av Yasmin Sunde Hoel\" class=\"_image_ntbth_93\" fetchpriority=\"low\" loading=\"lazy\" decoding=\"async\" itemprop=\"image\"  src=\"https:\/\/www.europesays.com\/no\/wp-content\/uploads\/2025\/12\/1766601550_337_9b0968a4-bfc7-4456-a6f4-b0a569ad0436\"  width=\"480\"\/><\/a><\/li>\n<li><a class=\"_link_ntbth_117\" href=\"https:\/\/www.vg.no\/forfatter\/frode-buanes\" style=\"z-index:1\" title=\"Frode Buanes\" rel=\"nofollow noopener\" target=\"_blank\"><img alt=\"Bilde av Frode Buanes\" class=\"_image_ntbth_93\" fetchpriority=\"low\" loading=\"lazy\" decoding=\"async\" itemprop=\"image\"  src=\"https:\/\/www.europesays.com\/no\/wp-content\/uploads\/2025\/12\/a392e4ae-cd45-4ba1-8b18-a1481c8126d5\"  width=\"480\"\/><\/a><\/li>\n<\/ul>\n<p> Oppdatert onsdag 24. desember kl. 19:15    <\/p>\n<ul class=\"_list_o9xde_3 _list_64s2r_85 _unordered_o9xde_106 text-sans-m\">\n<li class=\"_item_o9xde_30\">Erling Braut Haaland topper VGs 100-liste over Norges st\u00f8rste idrettsstjerner for fjerde \u00e5r p\u00e5 rad.<\/li>\n<li class=\"_item_o9xde_30\">2025 ble spesielt med Norges VM-kvalifisering og Haaland som ble mestscorende.<\/li>\n<li class=\"_item_o9xde_30\">Haaland gjorde 2025 historisk ved \u00e5 n\u00e5 100 Premier League-m\u00e5l raskest.<\/li>\n<li class=\"_item_o9xde_30\">Privat har Haaland blitt pappa og startet en YouTube-kanal.<\/li>\n<\/ul>\n<p>Vis mer <\/p>\n<p class=\"_paragraph_o9xde_4 _paragraph_xtcu6_10 layout-component text-serif-m layout-normal text-serif-m layout-padded\">Manchester City-stjernen vinner k\u00e5ringen for fjerde \u00e5r p\u00e5 rad. <\/p>\n<p class=\"_paragraph_o9xde_4 _paragraph_xtcu6_10 layout-component text-serif-m layout-normal text-serif-m layout-padded\"><strong class=\"_strong_o9xde_25\">Han sl\u00e5r dermed sjakkesset Magnus Carlsen som toppet tre ganger i 2012, 2013 og 2014, og blir den som har vunnet flest ganger p\u00e5 rad.<\/strong><\/p>\n<p class=\"_paragraph_o9xde_4 _paragraph_xtcu6_10 layout-component text-serif-m layout-normal text-serif-m layout-padded\">\u2013 Det er en stor \u00e6re fordi det blir bestemt av folk hjemme, sier Erling Braut Haaland i en kommentar til VG, videreformidlet gjennom hans pressekoordinator Alex Rowan.<\/p>\n<p class=\"_paragraph_o9xde_4 _paragraph_xtcu6_10 layout-component text-serif-m layout-normal text-serif-m layout-padded\">\u2013 Norge er stedet der alt startet for meg, s\u00e5 hvis folk der f\u00f8ler at jeg gj\u00f8r noe riktig, betyr det mye. Samtidig gj\u00f8r jeg bare jobben min \u2014 pr\u00f8ver \u00e5 forbedre meg, score m\u00e5l og gj\u00f8re folk stolte. Men ja, denne f\u00f8les spesiell fordi den kommer fra mitt eget land, sier Haaland. <\/p>\n<p class=\"_paragraph_o9xde_4 _paragraph_xtcu6_10 layout-component text-serif-m layout-normal text-serif-m layout-padded\"><strong class=\"_strong_o9xde_25\">2025 endte som et helt spesielt \u00e5r i Haalands karriere. <\/strong><\/p>\n<p><img alt=\"EUFORI: Dette \u00f8yeblikket fra 2025 kommer nok Haaland til \u00e5 huske. Hele landslaget feirer vilt i garderoben etter \u00e5 ha sl\u00e5tt Israel 3\u20130 i h\u00f8st og tatt et stort steg mot VM.  Foto: VEGARD GR\u00d8TT \/ Bildbyr\u00e5n\" class=\"_image_qp4xg_65 layout-component layout-normal\" data-fullscreen- data-track-element-type=\"Article image fullscreen\" data-track-name=\"ImageFullscreen\" decoding=\"async\" loading=\"lazy\" height=\"3900\" itemprop=\"image\"  src=\"https:\/\/www.europesays.com\/no\/wp-content\/uploads\/2025\/12\/91acae22-43f2-43c6-9ec2-62a9f305017e\"  style=\"object-position:0% 0%\" width=\"5850\"\/>EUFORI: Dette \u00f8yeblikket fra 2025 kommer nok Haaland til \u00e5 huske. Hele landslaget feirer vilt i garderoben etter \u00e5 ha sl\u00e5tt Israel 3\u20130 i h\u00f8st og tatt et stort steg mot VM.  Foto: VEGARD GR\u00d8TT \/ Bildbyr\u00e5n<\/p>\n<p class=\"_paragraph_o9xde_4 _paragraph_xtcu6_10 layout-component text-serif-m layout-normal text-serif-m layout-padded\">Han var mer enn sentral da Norge tok seg til fotball-VM for f\u00f8rste gang p\u00e5 28 \u00e5r. <\/p>\n<p class=\"_paragraph_o9xde_4 _paragraph_xtcu6_10 layout-component text-serif-m layout-normal text-serif-m layout-padded\">Haaland scoret i samtlige av de ni kampene han spilte for landslaget i 2025 \u2013 17 m\u00e5l totalt.<\/p>\n<p class=\"_paragraph_o9xde_4 _paragraph_xtcu6_10 layout-component text-serif-m layout-normal text-serif-m layout-padded\">Norge gikk ubeseiret gjennom \u00e5ret, med \u00e5tte seiere og \u00e9n uavgjort treningskamp mot New Zealand (da var ikke Haaland med \u2013 han fikk hvile). <\/p>\n<p class=\"_paragraph_o9xde_4 _paragraph_xtcu6_10 layout-component text-serif-m layout-normal text-serif-m layout-padded\"><strong class=\"_strong_o9xde_25\">Innsatsen og VM-billetten ble hyllet av et enormt folkehav p\u00e5 R\u00e5dhusplassen. <\/strong><\/p>\n<p><img alt=\"TOK ORDET: Haaland og resten av landslaget fikk oppleve \u00e5 bli tatt imot litt som konger etter \u00e5 ha sikret plass i neste sommers VM, og Haaland sa noen ord i anledningen.  Foto: Lars Martin Hunstad \/ VG\" class=\"_image_qp4xg_65 layout-component layout-normal\" data-fullscreen- data-track-element-type=\"Article image fullscreen\" data-track-name=\"ImageFullscreen\" decoding=\"async\" loading=\"lazy\" height=\"2427\" itemprop=\"image\"  src=\"https:\/\/www.europesays.com\/no\/wp-content\/uploads\/2025\/12\/fec82dd8-3a38-4036-bd46-56f15a52a57e\"  style=\"object-position:0% 0%\" width=\"3641\"\/>TOK ORDET: Haaland og resten av landslaget fikk oppleve \u00e5 bli tatt imot litt som konger etter \u00e5 ha sikret plass i neste sommers VM, og Haaland sa noen ord i anledningen.  Foto: Lars Martin Hunstad \/ VG<\/p>\n<p class=\"_paragraph_o9xde_4 _paragraph_xtcu6_10 layout-component text-serif-m layout-normal text-serif-m layout-padded\">Kraftspissen st\u00e5r n\u00e5 med formidable 55 scoringer p\u00e5 48 kamper for Norge.<\/p>\n<p class=\"_paragraph_o9xde_4 _paragraph_xtcu6_10 layout-component text-serif-m layout-normal text-serif-m layout-padded\"><strong class=\"_strong_o9xde_25\">I <a href=\"https:\/\/www.vg.no\/tag\/premier-league?utm_source=vg-article&amp;utm_medium=auto-tagger&amp;utm_campaign=JO14W4\" class=\"_link_o9xde_39\" rel=\"nofollow noopener\" target=\"_blank\">Premier League<\/a> ble han i slutten av november den raskeste i historien til \u00e5 score 100 m\u00e5l. <\/strong><\/p>\n<p class=\"_paragraph_o9xde_4 _paragraph_xtcu6_10 layout-component text-serif-m layout-normal text-serif-m layout-padded\">Den rekorden brukte Haaland bare 111 kamper p\u00e5.<\/p>\n<p class=\"_paragraph_o9xde_4 _paragraph_xtcu6_10 layout-component text-serif-m layout-normal text-serif-m layout-padded\"><strong class=\"_strong_o9xde_25\">Samtidig har det ogs\u00e5 v\u00e6rt et \u00e5r uten trofeer for Haaland og Manchester City, noe han trekker frem som det som har v\u00e6rt vanskelig. <\/strong><\/p>\n<p class=\"_paragraph_o9xde_4 _paragraph_xtcu6_10 layout-component text-serif-m layout-normal text-serif-m layout-padded\">\u2013 Dette \u00e5ret har v\u00e6rt en stor utfordring. Jeg har spilt mye, scoret m\u00e5l, vunnet kamper, men ikke oppn\u00e5dd den typen suksess som forventes av meg p\u00e5 klubbniv\u00e5, sier Haaland. <\/p>\n<p><img alt=\"IKKE FORN\u00d8YD: Haaland p\u00e5 benken etter \u00e5 ha p\u00e5dratt seg en skade i m\u00f8tet med Newcastle i februar. Dette var en av de tyngre periodene for Haaland dette \u00e5ret.  Foto: Ian Hodgson \/ AP\" class=\"_image_qp4xg_65 layout-component layout-normal\" data-fullscreen- data-track-element-type=\"Article image fullscreen\" data-track-name=\"ImageFullscreen\" decoding=\"async\" loading=\"lazy\" height=\"1334\" itemprop=\"image\"  src=\"https:\/\/www.europesays.com\/no\/wp-content\/uploads\/2025\/12\/8f2fd328-5cf2-4515-870f-266628f6919a\"  style=\"object-position:0% 0%\" width=\"2000\"\/>IKKE FORN\u00d8YD: Haaland p\u00e5 benken etter \u00e5 ha p\u00e5dratt seg en skade i m\u00f8tet med Newcastle i februar. Dette var en av de tyngre periodene for Haaland dette \u00e5ret.  Foto: Ian Hodgson \/ AP<\/p>\n<p class=\"_paragraph_o9xde_4 _paragraph_xtcu6_10 layout-component text-serif-m layout-normal text-serif-m layout-padded\">Manchester City ble nummer tre i Premier League-sesongen som ble avsluttet p\u00e5 v\u00e5rparten. I Champions League ble det stopp rett f\u00f8r kvartfinalene. <\/p>\n<p class=\"_paragraph_o9xde_4 _paragraph_xtcu6_10 layout-component text-serif-m layout-normal text-serif-m layout-padded\">City tapte mot Real Madrid over to kamper i den s\u00e5kalte knockout-fasen.<\/p>\n<p><img alt=\"IKKE DET BESTE MINNET: Haaland i det han inns\u00e5 at City var sl\u00e5tt ut av Champions League forrige vinter.  Foto: OLI SCARFF \/ AFP \/ NTB\" class=\"_image_qp4xg_65 layout-component layout-normal\" data-fullscreen- data-track-element-type=\"Article image fullscreen\" data-track-name=\"ImageFullscreen\" decoding=\"async\" loading=\"lazy\" height=\"2760\" itemprop=\"image\"  src=\"https:\/\/www.europesays.com\/no\/wp-content\/uploads\/2025\/12\/471d7cbb-3a1e-4617-a160-67fcb733689b\"  style=\"object-position:0% 0%\" width=\"4140\"\/>IKKE DET BESTE MINNET: Haaland i det han inns\u00e5 at City var sl\u00e5tt ut av Champions League forrige vinter.  Foto: OLI SCARFF \/ AFP \/ NTB<\/p>\n<p class=\"_paragraph_o9xde_4 _paragraph_xtcu6_10 layout-component text-serif-m layout-normal text-serif-m layout-padded\">De resultatene matcher ikke m\u00e5lsetningene til laget som for noen \u00e5r siden vant \u00abThe treble\u00bb \u2013 Premier League, Champions League og FA-cupen.<\/p>\n<p class=\"_paragraph_o9xde_4 _paragraph_xtcu6_10 layout-component text-serif-m layout-normal text-serif-m layout-padded\"><strong class=\"_strong_o9xde_25\">Men den p\u00e5g\u00e5ende sesongen ser lysere ut, mener Haaland. <\/strong><\/p>\n<p class=\"_paragraph_o9xde_4 _paragraph_xtcu6_10 layout-component text-serif-m layout-normal text-serif-m layout-padded\">City har fortsatt grep i gullkampen i Premier League. I Champions League har City allerede f\u00e5tt en liten revansj da de slo Real Madrid 2\u20131 i gruppespillet i starten av desember. <\/p>\n<p class=\"_paragraph_o9xde_4 _paragraph_xtcu6_10 layout-component text-serif-m layout-normal text-serif-m layout-padded\">Seiersm\u00e5let ble scoret av Haaland.<\/p>\n<p><img alt=\"SLO TILBAKE: Haaland sp\u00f8ker og feirer med lagkameratene etter \u00e5 ha scoret mot Real Madrid.  Foto: Manu Fernandez \/ AP \/ NTB\" class=\"_image_qp4xg_65 layout-component layout-normal\" data-fullscreen- data-track-element-type=\"Article image fullscreen\" data-track-name=\"ImageFullscreen\" decoding=\"async\" loading=\"lazy\" height=\"3872\" itemprop=\"image\"  src=\"https:\/\/www.europesays.com\/no\/wp-content\/uploads\/2025\/12\/0238e243-757e-4f87-a2fe-8e3bea734a30\"  style=\"object-position:0% 0%\" width=\"5808\"\/>SLO TILBAKE: Haaland sp\u00f8ker og feirer med lagkameratene etter \u00e5 ha scoret mot Real Madrid.  Foto: Manu Fernandez \/ AP \/ NTB<\/p>\n<p class=\"_paragraph_o9xde_4 _paragraph_xtcu6_10 layout-component text-serif-m layout-normal text-serif-m layout-padded\">\u2013 Denne sesongen har startet bedre og forh\u00e5pentligvis f\u00f8lger trofeer i 2026, sier han. <\/p>\n<p class=\"_paragraph_o9xde_4 _paragraph_xtcu6_10 layout-component text-serif-m layout-normal text-serif-m layout-padded\">\u2013 S\u00e5 har du p\u00e5 den andre siden suksess med landslaget som betyr s\u00e5 mye. Vi har et spesielt lag, og \u00e5 kvalifisere oss til et VM betyr enormt mye for oss alle. Jeg f\u00f8ler at jeg utvikler meg hele tiden \u2014 fysisk, mentalt, alt, og det er viktig.<\/p>\n<p><img alt=\"A-LAGET: Mange lot seg begeistre av Haalands opptreden i NRK-programmet tidligere i \u00e5r, der han svarte p\u00e5 alle slags sp\u00f8rsm\u00e5l.  Foto: Monster \/ NRK\" class=\"_image_qp4xg_65 layout-component layout-normal\" data-fullscreen- data-track-element-type=\"Article image fullscreen\" data-track-name=\"ImageFullscreen\" decoding=\"async\" loading=\"lazy\" height=\"799\" itemprop=\"image\"  src=\"https:\/\/www.europesays.com\/no\/wp-content\/uploads\/2025\/12\/8af45a6d-987d-4aa3-83a5-63bc66174ce3\"  style=\"object-position:0% 0%\" width=\"1443\"\/>A-LAGET: Mange lot seg begeistre av Haalands opptreden i NRK-programmet tidligere i \u00e5r, der han svarte p\u00e5 alle slags sp\u00f8rsm\u00e5l.  Foto: Monster \/ NRK<\/p>\n<p class=\"_paragraph_o9xde_4 _paragraph_xtcu6_10 layout-component text-serif-m layout-normal text-serif-m layout-padded\"><strong class=\"_strong_o9xde_25\">Privat har Haaland lagt bak seg sitt f\u00f8rste hele \u00e5r som pappa. <\/strong><\/p>\n<p class=\"_paragraph_o9xde_4 _paragraph_xtcu6_10 layout-component text-serif-m layout-normal text-serif-m layout-padded\">Han og samboeren Isabel Haugseng Johansen fikk en s\u00f8nn p\u00e5 tampen av 2024. <\/p>\n<p class=\"_paragraph_o9xde_4 _paragraph_xtcu6_10 layout-component text-serif-m layout-normal text-serif-m layout-padded\">25-\u00e5ringen har ogs\u00e5 startet sin egen YouTube-kanal der han deler glimt fra hverdagen, noe han har v\u00e6rt restriktiv med f\u00f8r.<\/p>\n<p class=\"_paragraph_o9xde_4 _paragraph_xtcu6_10 layout-component text-serif-m layout-normal text-serif-m layout-padded\"><strong class=\"_strong_o9xde_25\">For Haaland er det uansett p\u00e5 banen de store m\u00e5lene fremover ligger.<\/strong><\/p>\n<p class=\"_paragraph_o9xde_4 _paragraph_xtcu6_10 layout-component text-serif-m layout-normal text-serif-m layout-padded\">\u2013 Jeg vil vinne ting med klubben min, og selvf\u00f8lgelig er jeg spent p\u00e5 sommeren. Et VM er det st\u00f8rste du kan spille i, og \u00e5 gj\u00f8re det med Norge vil v\u00e6re utrolig, sier Haaland \u2013 f\u00f8r han kommer med en p\u00e5minnelse, som ser ut til \u00e5 v\u00e6re b\u00e5de til ham selv og andre:<\/p>\n<p class=\"_paragraph_o9xde_4 _paragraph_xtcu6_10 layout-component text-serif-m layout-normal text-serif-m layout-padded\">\u2013 Men vi m\u00e5 holde oss rolige. Det er mye arbeid foran oss, og vi vet n\u00f8yaktig hva vi m\u00e5 forbedre. Det jeg kan si, er at vi tror p\u00e5 det vi bygger, og jeg kommer til \u00e5 gi alt jeg har for \u00e5 v\u00e6re klar. Hvis vi gj\u00f8r ting p\u00e5 riktig m\u00e5te, kan vi gj\u00f8re det til et \u00e5r \u00e5 huske.<\/p>\n","protected":false},"excerpt":{"rendered":"Erling Braut Haaland (25) topper VGs 100-liste over Norges st\u00f8rste idrettsstjerner \u2013 og gir i den anledning et&hellip;\n","protected":false},"author":2,"featured_media":121208,"comment_status":"","ping_status":"","sticky":false,"template":"","format":"standard","meta":{"footnotes":""},"categories":[59],"tags":[810,3163,30,28,29,161,83,82],"class_list":{"0":"post-121207","1":"post","2":"type-post","3":"status-publish","4":"format-standard","5":"has-post-thumbnail","7":"category-sport","8":"tag-erling-braut-haaland","9":"tag-herrelandslaget-fotball","10":"tag-no","11":"tag-norge","12":"tag-norway","13":"tag-premier-league","14":"tag-sport","15":"tag-sports"},"share_on_mastodon":{"url":"https:\/\/pubeurope.com\/@no\/115776007158106879","error":""},"_links":{"self":[{"href":"https:\/\/www.europesays.com\/no\/wp-json\/wp\/v2\/posts\/121207","targetHints":{"allow":["GET"]}}],"collection":[{"href":"https:\/\/www.europesays.com\/no\/wp-json\/wp\/v2\/posts"}],"about":[{"href":"https:\/\/www.europesays.com\/no\/wp-json\/wp\/v2\/types\/post"}],"author":[{"embeddable":true,"href":"https:\/\/www.europesays.com\/no\/wp-json\/wp\/v2\/users\/2"}],"replies":[{"embeddable":true,"href":"https:\/\/www.europesays.com\/no\/wp-json\/wp\/v2\/comments?post=121207"}],"version-history":[{"count":0,"href":"https:\/\/www.europesays.com\/no\/wp-json\/wp\/v2\/posts\/121207\/revisions"}],"wp:featuredmedia":[{"embeddable":true,"href":"https:\/\/www.europesays.com\/no\/wp-json\/wp\/v2\/media\/121208"}],"wp:attachment":[{"href":"https:\/\/www.europesays.com\/no\/wp-json\/wp\/v2\/media?parent=121207"}],"wp:term":[{"taxonomy":"category","embeddable":true,"href":"https:\/\/www.europesays.com\/no\/wp-json\/wp\/v2\/categories?post=121207"},{"taxonomy":"post_tag","embeddable":true,"href":"https:\/\/www.europesays.com\/no\/wp-json\/wp\/v2\/tags?post=121207"}],"curies":[{"name":"wp","href":"https:\/\/api.w.org\/{rel}","templated":true}]}}