{"id":121209,"date":"2025-12-24T18:43:12","date_gmt":"2025-12-24T18:43:12","guid":{"rendered":"https:\/\/www.europesays.com\/no\/121209\/"},"modified":"2025-12-24T18:43:12","modified_gmt":"2025-12-24T18:43:12","slug":"norsk-turist-angrepet-i-australia","status":"publish","type":"post","link":"https:\/\/www.europesays.com\/no\/121209\/","title":{"rendered":"Norsk turist angrepet i Australia"},"content":{"rendered":"\n<p class=\"_lead_o9xde_2 _lead_xtcu6_50 layout-component text-serif-m layout-normal text-serif-l layout-component layout-wide layout-padded _wide_17hqh_1 layout-padded\">Den 34 \u00e5r gamle mannen p\u00e5dro seg brudd i armen.<\/p>\n<p><img alt=\"B\u00e5thavnen St Kilda Pier i Australia. Bildet er fra januar i \u00e5r.\" class=\"_image_qp4xg_65 layout-component layout-wide\" data-fullscreen- data-track-element-type=\"Article image fullscreen\" data-track-name=\"ImageFullscreen\" fetchpriority=\"high\" decoding=\"sync\" loading=\"eager\" height=\"5170\" itemprop=\"image\"  src=\"https:\/\/www.europesays.com\/no\/wp-content\/uploads\/2025\/12\/05e8bda9-79b5-49e6-855e-4c1ccbead974\"  style=\"object-position:0% 0%\" width=\"7755\"\/>B\u00e5thavnen St Kilda Pier i Australia. Bildet er fra januar i \u00e5r. Foto: JAMES ROSS \/ EPA \/ NTB<\/p>\n<ul aria-hidden=\"true\" class=\"_images_ntbth_112\">\n<li><a class=\"_link_ntbth_117\" href=\"https:\/\/www.vg.no\/forfatter\/mathilde-nordskog-sigurdsen\" style=\"z-index:1\" title=\"Mathilde Nordskog Sigurdsen\" rel=\"nofollow noopener\" target=\"_blank\"><img alt=\"Bilde av Mathilde Nordskog Sigurdsen\" class=\"_image_ntbth_93\" fetchpriority=\"low\" loading=\"lazy\" decoding=\"async\" itemprop=\"image\"  src=\"https:\/\/www.europesays.com\/no\/wp-content\/uploads\/2025\/12\/1766601790_838_89b99694-aca3-47bb-b73d-a89f79e701be\"  width=\"480\"\/><\/a><\/li>\n<\/ul>\n<p> Oppdatert onsdag 24. desember kl. 19:22    <\/p>\n<ul class=\"_list_o9xde_3 _list_64s2r_85 _unordered_o9xde_106 text-sans-m\">\n<li class=\"_item_o9xde_30\">En 34 \u00e5r gammel norsk mann ble brutalt angrepet av opptil \u00e5tte personer i Melbourne, Australia.<\/li>\n<li class=\"_item_o9xde_30\">Han p\u00e5dro seg brudd i armen og ansiktsskader i det australsk politi kaller en uprovosert voldsepisode.<\/li>\n<\/ul>\n<p>Vis mer <\/p>\n<p class=\"_paragraph_o9xde_4 _paragraph_xtcu6_10 layout-component text-serif-m layout-normal text-serif-m layout-padded\">Hendelsen skal ha skjedd p\u00e5 St Kilda Pier i forrige uke. En b\u00e5thavn i <a href=\"https:\/\/www.vg.no\/tag\/melbourne?utm_source=vg-article&amp;utm_medium=auto-tagger&amp;utm_campaign=n1a4Xo\" class=\"_link_o9xde_39\" rel=\"nofollow noopener\" target=\"_blank\">Melbourne<\/a> i Australia.<\/p>\n<p class=\"_paragraph_o9xde_4 _paragraph_xtcu6_10 layout-component text-serif-m layout-normal text-serif-m layout-padded\">Det skriver <a href=\"https:\/\/www.abc.net.au\/news\/2025-12-24\/norwegian-tourist-attacked-st-kilda-pier\/106177528\" class=\"_link_o9xde_39\" rel=\"nofollow noopener\" target=\"_blank\">australske ABC News.<\/a><\/p>\n<p class=\"_paragraph_o9xde_4 _paragraph_xtcu6_10 layout-component text-serif-m layout-normal text-serif-m layout-padded\">Mannen p\u00e5 34 \u00e5r ble brutalt angrepet av opptil \u00e5tte personer. <\/p>\n<p class=\"_paragraph_o9xde_4 _paragraph_xtcu6_10 layout-component text-serif-m layout-normal text-serif-m layout-padded\">Han p\u00e5dro seg brudd i armen og ansiktsskader i det australsk politi beskriver som en uprovosert voldsepisode.<\/p>\n<p class=\"_paragraph_o9xde_4 _paragraph_xtcu6_10 layout-component text-serif-m layout-normal text-serif-m layout-padded\">Hendelsen skjedde p\u00e5 dagtid foran flere vitner. <\/p>\n<p class=\"_paragraph_o9xde_4 _paragraph_xtcu6_10 layout-component text-serif-m layout-normal text-serif-m layout-padded\">Videoer av hendelsen viser mannen som ligger nede p\u00e5 bakken, mens flere personer sparker og sl\u00e5r han. <\/p>\n<p class=\"_paragraph_o9xde_4 _paragraph_xtcu6_10 layout-component text-serif-m layout-normal text-serif-m layout-padded\">En annen video viser at mannen pr\u00f8ver \u00e5 komme seg unna, mens en gjeng l\u00f8per etter han.<\/p>\n<p>Aktiver kart<\/p>\n<p class=\"_paragraph_o9xde_4 _paragraph_xtcu6_10 layout-component text-serif-m layout-normal text-serif-m layout-padded\">Gjerningspersonene anklaget nordmannen for \u00e5 ha tatt bilder av folk p\u00e5 bryggen, men politiet sier det ikke fantes slike bilder p\u00e5 telefonen hans.<\/p>\n<p class=\"_paragraph_o9xde_4 _paragraph_xtcu6_10 layout-component text-serif-m layout-normal text-serif-m layout-padded\">\u2013 Det ser ut som de brukte dette som en unnskyldning for \u00e5 konfrontere mannen, og da det ikke stemte, angrep de ham likevel, sier etterforsker Jesse Coppel til\u00a0<a href=\"https:\/\/www.abc.net.au\/news\/2025-12-24\/norwegian-tourist-attacked-st-kilda-pier\/106177528\" class=\"_link_o9xde_39\" rel=\"nofollow noopener\" target=\"_blank\">ABC News<\/a>.<\/p>\n<p class=\"_paragraph_o9xde_4 _paragraph_xtcu6_10 layout-component text-serif-m layout-normal text-serif-m layout-padded\">I tillegg ble telefonen hans kastet i havet.<\/p>\n<p class=\"_paragraph_o9xde_4 _paragraph_xtcu6_10 layout-component text-serif-m layout-normal text-serif-m layout-padded\">Australsk politi har ikke v\u00e6rt i kontakt med 34-\u00e5ringen siden angrepet, og mannen skal ha reist hjem.<\/p>\n<p class=\"_paragraph_o9xde_4 _paragraph_xtcu6_10 layout-component text-serif-m layout-normal text-serif-m layout-padded\">\u2013 Dette er helt forkastelig oppf\u00f8rsel. Folk kommer for \u00e5 se St Kilda og stranden. De fortjener \u00e5 f\u00f8le seg trygge, sier Coppel.<\/p>\n<p class=\"_paragraph_o9xde_4 _paragraph_xtcu6_10 layout-component text-serif-m layout-normal text-serif-m layout-padded\">Gjerningspersonene dro fra stedet etter hendelsen. Australsk politi har n\u00e5 frigitt bilder av fire personer som de \u00f8nsker \u00e5 komme i kontakt med. De oppfordrer ogs\u00e5 alle som har sett hendelsen til \u00e5 kontakte Crime StoppersCrime StoppersInternasjonalt kriminalitetsbekjempende program. Kontaktes p\u00e5 1800 333 000..<\/p>\n<p>    <img decoding=\"async\" alt=\"Tips oss illustrasjon\" src=\"https:\/\/www.europesays.com\/no\/wp-content\/uploads\/2025\/10\/pssst-small.webp.webp\"\/>    <\/p>\n<p class=\"title-serif-s\">Har du tips?<\/p>\n<p class=\"text-sans-m\">Send oss informasjon, bilder eller video.<\/p>\n<p>  <a href=\"https:\/\/www.vg.no\/tips-oss\" rel=\"nofollow noopener\" target=\"_blank\"> Tips oss <\/a>      <\/p>\n","protected":false},"excerpt":{"rendered":"Den 34 \u00e5r gamle mannen p\u00e5dro seg brudd i armen. B\u00e5thavnen St Kilda Pier i Australia. Bildet er&hellip;\n","protected":false},"author":2,"featured_media":121210,"comment_status":"","ping_status":"","sticky":false,"template":"","format":"standard","meta":{"footnotes":""},"categories":[12],"tags":[47,20,21,24,25,15,22,23,14412,13,30,28,29,14,16,26,27,42,43,44,45],"class_list":{"0":"post-121209","1":"post","2":"type-post","3":"status-publish","4":"format-standard","5":"has-post-thumbnail","7":"category-verden","8":"tag-australia","9":"tag-breaking-news","10":"tag-breakingnews","11":"tag-featured-news","12":"tag-featurednews","13":"tag-headlines","14":"tag-latest-news","15":"tag-latestnews","16":"tag-melbourne","17":"tag-news","18":"tag-no","19":"tag-norge","20":"tag-norway","21":"tag-nyheter","22":"tag-overskrifter","23":"tag-top-stories","24":"tag-topstories","25":"tag-verden","26":"tag-world","27":"tag-world-news","28":"tag-worldnews"},"share_on_mastodon":{"url":"https:\/\/pubeurope.com\/@no\/115776022645831370","error":""},"_links":{"self":[{"href":"https:\/\/www.europesays.com\/no\/wp-json\/wp\/v2\/posts\/121209","targetHints":{"allow":["GET"]}}],"collection":[{"href":"https:\/\/www.europesays.com\/no\/wp-json\/wp\/v2\/posts"}],"about":[{"href":"https:\/\/www.europesays.com\/no\/wp-json\/wp\/v2\/types\/post"}],"author":[{"embeddable":true,"href":"https:\/\/www.europesays.com\/no\/wp-json\/wp\/v2\/users\/2"}],"replies":[{"embeddable":true,"href":"https:\/\/www.europesays.com\/no\/wp-json\/wp\/v2\/comments?post=121209"}],"version-history":[{"count":0,"href":"https:\/\/www.europesays.com\/no\/wp-json\/wp\/v2\/posts\/121209\/revisions"}],"wp:featuredmedia":[{"embeddable":true,"href":"https:\/\/www.europesays.com\/no\/wp-json\/wp\/v2\/media\/121210"}],"wp:attachment":[{"href":"https:\/\/www.europesays.com\/no\/wp-json\/wp\/v2\/media?parent=121209"}],"wp:term":[{"taxonomy":"category","embeddable":true,"href":"https:\/\/www.europesays.com\/no\/wp-json\/wp\/v2\/categories?post=121209"},{"taxonomy":"post_tag","embeddable":true,"href":"https:\/\/www.europesays.com\/no\/wp-json\/wp\/v2\/tags?post=121209"}],"curies":[{"name":"wp","href":"https:\/\/api.w.org\/{rel}","templated":true}]}}