{"id":121211,"date":"2025-12-24T18:46:15","date_gmt":"2025-12-24T18:46:15","guid":{"rendered":"https:\/\/www.europesays.com\/no\/121211\/"},"modified":"2025-12-24T18:46:15","modified_gmt":"2025-12-24T18:46:15","slug":"tyskland-sorger","status":"publish","type":"post","link":"https:\/\/www.europesays.com\/no\/121211\/","title":{"rendered":"Tyskland s\u00f8rger"},"content":{"rendered":"<p class=\"kicker \" style=\"\">Fotballprofil d\u00f8de:<\/p>\n<p>  Fotballspiller Sebastian Hertner (34) falt 70 meter fra en stolheis og d\u00f8de.<\/p>\n<p>\n    TRAGEDIE: Den tyske avisa Bild melder at ulykken skjedde i en stolheis i skiresorten Savin Kuk. Dette bildet av stolheisene er fra en tidligere anledning. Foto: NTB\n  <\/p>\n<p>Tyskland s\u00f8rger etter d\u00f8dsfallet til Sebastian Hertner. Han spilte for flere tyske klubber og p\u00e5 aldersbestemte landslag.<\/p>\n<p>        <img loading=\"lazy\" decoding=\"async\" src=\"https:\/\/www.europesays.com\/no\/wp-content\/uploads\/2025\/12\/84024916.webp\" width=\"667\" height=\"527\" title=\"D\u00d8D: Sebastian Hertner ble 34 \u00e5r. Foto: NTB\" alt=\"\" class=\"\" style=\"--aspect-ratio-image: 1.27; \"\/><\/p>\n<p>\n        D\u00d8D: Sebastian Hertner ble 34 \u00e5r. Foto: NTB\n    <\/p>\n<p>For tre dager siden var han i skiresorten Savin Kuk i Montenegro. Tyske medier &#8211; deriblant <a href=\"https:\/\/www.bild.de\/sport\/fussball\/emotionaler-abschied-von-ex-dfb-juwel-34-sein-trainer-trauert-auf-instagram-694aea97ba368aa0126a22fc\" rel=\"nofollow noopener\" target=\"_blank\">Bild<\/a> &#8211; melder at han falt 70 meter fra en stolheis.<\/p>\n<p>&#8211; Han d\u00f8de foran kona, skriver avisa.<\/p>\n<p>Hertner spilte i tysk andredivisjon for blant annet 1860 M\u00fcnchen, Erzgebirge Aue og Darmstadt. Han var ogs\u00e5 innom andrelagene til Stuttgart og Schalke 04. Han var fortsatt aktiv for ETSV Hamburg p\u00e5 femte \u00f8verste niv\u00e5 i det tyske seriesystemet.<\/p>\n<p>    <a itemprop=\"url\" href=\"https:\/\/www.dagbladet.no\/sport\/reaksjonene-hagler\/84024565\" rel=\"nofollow noopener\" target=\"_blank\"><\/p>\n<p>        <img loading=\"lazy\" decoding=\"async\" src=\"https:\/\/www.europesays.com\/no\/wp-content\/uploads\/2025\/12\/84024571.webp\" width=\"147\" height=\"98\" title=\"Reaksjonene hagler\" alt=\"\" class=\"lazyload\" style=\"--aspect-ratio-image: 1.50; \"\/><\/p>\n<p>        Reaksjonene hagler <\/p>\n<p>    <\/a><\/p>\n<p>P\u00e5 Instagram skriver klubben:<\/p>\n<p>&#8211; Det er med stor sorg at vi i dag m\u00e5 annonsere at kapteinen v\u00e5r, Sebastian Hertner, har omkommet i en tragisk ulykke. Vi er sjokkerte og utrolig lei oss. V\u00e5re dypeste kondolanser g\u00e5r til hans familie og kj\u00e6re. Hvil i fred, Sebastian.<\/p>\n<p>        <img loading=\"lazy\" decoding=\"async\" src=\"https:\/\/www.europesays.com\/no\/wp-content\/uploads\/2025\/12\/84024930.webp\" width=\"667\" height=\"434\" title=\"VAR PROFF: Sebastian Hertner spilte i 2. Bundesliga. Det er det nest \u00f8verst niv\u00e5et i Tyskland. Foto: NTB\" alt=\"\" class=\"\" style=\"--aspect-ratio-image: 1.54; \"\/><\/p>\n<p>\n        VAR PROFF: Sebastian Hertner spilte i 2. Bundesliga. Det er det nest \u00f8verst niv\u00e5et i Tyskland. Foto: NTB\n    <\/p>\n<p>Hertner spilte p\u00e5 G18- og G19-landslaget til Tyskland. Blant lagkameratene var Christoph Kramer, som seinere ble verdensmester med Tyskland i 2014. Hertner var ogs\u00e5 lagkamerat med Felix Kroos, broren til tidligere Real Madrid-spiller Toni Kroos.<\/p>\n<p>Bild melder:<\/p>\n<p>&#8211; Paret (Hertner og kona) benyttet seg av den doble stolheisen i den lille skiresorten Savin Kuk i Montenegro da ulykken inntraff. If\u00f8lge rapporter l\u00f8snet en av de doble stolene fra tauet og sklidde ned i setet bak.<\/p>\n<p>        <img loading=\"lazy\" decoding=\"async\" src=\"https:\/\/www.europesays.com\/no\/wp-content\/uploads\/2025\/12\/84024936.webp\" width=\"667\" height=\"427\" title=\"SKISTED: Savin Kuk er en skiresort i Montenegro. Foto: NTB\" alt=\"\" class=\"\" style=\"--aspect-ratio-image: 1.56; \"\/><\/p>\n<p>\n        SKISTED: Savin Kuk er en skiresort i Montenegro. Foto: NTB\n    <\/p>\n<p>Treneren til ETSV Hamburg, Jan-Philipp Rose, er i sjokk. P\u00e5 Instagram skriver han:<\/p>\n<p>&#8211; Du var s\u00e5 mye mer for meg enn bare min kaptein. Du var en venn, et forbilde og en person som formet oss alle. Din br\u00e5 d\u00f8d har rystet oss dypt.<\/p>\n","protected":false},"excerpt":{"rendered":"Fotballprofil d\u00f8de: Fotballspiller Sebastian Hertner (34) falt 70 meter fra en stolheis og d\u00f8de. TRAGEDIE: Den tyske avisa&hellip;\n","protected":false},"author":2,"featured_media":121212,"comment_status":"","ping_status":"","sticky":false,"template":"","format":"standard","meta":{"footnotes":""},"categories":[59],"tags":[30,28,29,83,82],"class_list":{"0":"post-121211","1":"post","2":"type-post","3":"status-publish","4":"format-standard","5":"has-post-thumbnail","7":"category-sport","8":"tag-no","9":"tag-norge","10":"tag-norway","11":"tag-sport","12":"tag-sports"},"share_on_mastodon":{"url":"https:\/\/pubeurope.com\/@no\/115776034534349326","error":""},"_links":{"self":[{"href":"https:\/\/www.europesays.com\/no\/wp-json\/wp\/v2\/posts\/121211","targetHints":{"allow":["GET"]}}],"collection":[{"href":"https:\/\/www.europesays.com\/no\/wp-json\/wp\/v2\/posts"}],"about":[{"href":"https:\/\/www.europesays.com\/no\/wp-json\/wp\/v2\/types\/post"}],"author":[{"embeddable":true,"href":"https:\/\/www.europesays.com\/no\/wp-json\/wp\/v2\/users\/2"}],"replies":[{"embeddable":true,"href":"https:\/\/www.europesays.com\/no\/wp-json\/wp\/v2\/comments?post=121211"}],"version-history":[{"count":0,"href":"https:\/\/www.europesays.com\/no\/wp-json\/wp\/v2\/posts\/121211\/revisions"}],"wp:featuredmedia":[{"embeddable":true,"href":"https:\/\/www.europesays.com\/no\/wp-json\/wp\/v2\/media\/121212"}],"wp:attachment":[{"href":"https:\/\/www.europesays.com\/no\/wp-json\/wp\/v2\/media?parent=121211"}],"wp:term":[{"taxonomy":"category","embeddable":true,"href":"https:\/\/www.europesays.com\/no\/wp-json\/wp\/v2\/categories?post=121211"},{"taxonomy":"post_tag","embeddable":true,"href":"https:\/\/www.europesays.com\/no\/wp-json\/wp\/v2\/tags?post=121211"}],"curies":[{"name":"wp","href":"https:\/\/api.w.org\/{rel}","templated":true}]}}