{"id":121217,"date":"2025-12-24T19:05:29","date_gmt":"2025-12-24T19:05:29","guid":{"rendered":"https:\/\/www.europesays.com\/no\/121217\/"},"modified":"2025-12-24T19:05:29","modified_gmt":"2025-12-24T19:05:29","slug":"snoskred-nve-slar-alarm-rodt-snoskredvarsel-i-nord-norge-1-juledag","status":"publish","type":"post","link":"https:\/\/www.europesays.com\/no\/121217\/","title":{"rendered":"Sn\u00f8skred, NVE | Sl\u00e5r alarm: R\u00f8dt sn\u00f8skredvarsel i Nord-Norge 1. juledag"},"content":{"rendered":"\n<p>P\u00e5 <a rel=\"Follow nofollow noopener\" href=\"https:\/\/www.varsom.no\/snoskred\/varsling\/\" target=\"_blank\">Varsom<\/a> melder skredekspertene om faregrad 4, som tilsvarer stor sn\u00f8skredfare, i Nord-Troms, Lyngen, Indre Troms og Ofoten.<\/p>\n<p>Mildv\u00e6r, store nedb\u00f8rsmengder og kraftig vind er \u00e5rsaken til at skredvarselet n\u00e5 er p\u00e5 r\u00f8dt niv\u00e5. Det er samtidig sendt ut en rekke andre farevarsler fra og med julaften, som f\u00f8lge av v\u00e6rforholdene.<\/p>\n<p><b>Les ogs\u00e5: <\/b><a class=\"simple-relation related-teaser article--c-eRUmMG article--c-eRUmMG-fZoQSp-design-nettavisen article--c-eRUmMG-gwthdJ-cv\" href=\"https:\/\/www.nettavisen.no\/nordnorsk-juledrittvar-i-vente-farevarslene-star-i-ko\/s\/5-95-2795080\" rel=\"nofollow noopener\" target=\"_blank\">Nordnorsk juledrittv\u00e6r i vente \u2013 farevarslene st\u00e5r i k\u00f8<\/a><\/p>\n<p>Kan l\u00f8sne av seg selv<\/p>\n<p>If\u00f8lge Varsom kan sn\u00f8skred ogs\u00e5 l\u00f8sne av seg selv, og det er fare for skred i lavlandet.<\/p>\n<p>\u2013 Unng\u00e5 skredterreng, er den tydelige oppfordringen.<\/p>\n<p>For \u00f8vrige skredregioner i Nord-Norge er sn\u00f8skredfaren satt til oransje niv\u00e5 1. juledag.<\/p>\n<p>Allerede julaften er det betydelig sn\u00f8skredfare i nesten hele Nord-Norge, if\u00f8lge Varsom.<\/p>\n<p><b>Les ogs\u00e5: <\/b><a class=\"simple-relation related-teaser article--c-eRUmMG article--c-eRUmMG-fZoQSp-design-nettavisen article--c-eRUmMG-gwthdJ-cv\" href=\"https:\/\/www.nettavisen.no\/disse-varene-glemmer-vi-hvert-ar\/s\/5-95-2782906\" rel=\"nofollow noopener\" target=\"_blank\">Disse varene glemmer vi hvert \u00e5r<\/a><\/p>\n","protected":false},"excerpt":{"rendered":"P\u00e5 Varsom melder skredekspertene om faregrad 4, som tilsvarer stor sn\u00f8skredfare, i Nord-Troms, Lyngen, Indre Troms og Ofoten.&hellip;\n","protected":false},"author":2,"featured_media":121218,"comment_status":"","ping_status":"","sticky":false,"template":"","format":"standard","meta":{"footnotes":""},"categories":[10],"tags":[20,21,24,25,15,22,23,13,30,28,29,14,16,26,27],"class_list":{"0":"post-121217","1":"post","2":"type-post","3":"status-publish","4":"format-standard","5":"has-post-thumbnail","7":"category-norge","8":"tag-breaking-news","9":"tag-breakingnews","10":"tag-featured-news","11":"tag-featurednews","12":"tag-headlines","13":"tag-latest-news","14":"tag-latestnews","15":"tag-news","16":"tag-no","17":"tag-norge","18":"tag-norway","19":"tag-nyheter","20":"tag-overskrifter","21":"tag-top-stories","22":"tag-topstories"},"share_on_mastodon":{"url":"https:\/\/pubeurope.com\/@no\/115776108834730648","error":""},"_links":{"self":[{"href":"https:\/\/www.europesays.com\/no\/wp-json\/wp\/v2\/posts\/121217","targetHints":{"allow":["GET"]}}],"collection":[{"href":"https:\/\/www.europesays.com\/no\/wp-json\/wp\/v2\/posts"}],"about":[{"href":"https:\/\/www.europesays.com\/no\/wp-json\/wp\/v2\/types\/post"}],"author":[{"embeddable":true,"href":"https:\/\/www.europesays.com\/no\/wp-json\/wp\/v2\/users\/2"}],"replies":[{"embeddable":true,"href":"https:\/\/www.europesays.com\/no\/wp-json\/wp\/v2\/comments?post=121217"}],"version-history":[{"count":0,"href":"https:\/\/www.europesays.com\/no\/wp-json\/wp\/v2\/posts\/121217\/revisions"}],"wp:featuredmedia":[{"embeddable":true,"href":"https:\/\/www.europesays.com\/no\/wp-json\/wp\/v2\/media\/121218"}],"wp:attachment":[{"href":"https:\/\/www.europesays.com\/no\/wp-json\/wp\/v2\/media?parent=121217"}],"wp:term":[{"taxonomy":"category","embeddable":true,"href":"https:\/\/www.europesays.com\/no\/wp-json\/wp\/v2\/categories?post=121217"},{"taxonomy":"post_tag","embeddable":true,"href":"https:\/\/www.europesays.com\/no\/wp-json\/wp\/v2\/tags?post=121217"}],"curies":[{"name":"wp","href":"https:\/\/api.w.org\/{rel}","templated":true}]}}