{"id":121236,"date":"2025-12-24T19:48:15","date_gmt":"2025-12-24T19:48:15","guid":{"rendered":"https:\/\/www.europesays.com\/no\/121236\/"},"modified":"2025-12-24T19:48:15","modified_gmt":"2025-12-24T19:48:15","slug":"nicki-minaj-mister-millioner-av-folgere-etter-stotte-til-trump","status":"publish","type":"post","link":"https:\/\/www.europesays.com\/no\/121236\/","title":{"rendered":"Nicki Minaj mister millioner av f\u00f8lgere etter st\u00f8tte til Trump"},"content":{"rendered":"<p class=\"kicker \" style=\"\">Nicki Minaj:<\/p>\n<p>  Artistens politiske engasjement vekker oppsikt.<\/p>\n<p>\n    AKTIVIST: Rapperen Nicki Minaj f\u00e5r n\u00e5 stor oppmerksomhet etter et nytt intervju. Her er hun avbildet under FNs paneldiskusjon \u00abBekjempelse av religi\u00f8s vold og drap p\u00e5 kristne i Nigeria\u00bb i New York i november. Foto: NTB\n  <\/p>\n<p>Rapperen Nicki Minaj (43) har i ei \u00e5rrekke v\u00e6rt blant de fremste artistene verden over, og\u00a0st\u00e5r bak en rekke store hits, deriblant \u00abStarships\u00bb, \u00abHigh School\u00bb og \u00abVa Va Voom\u00bb.<\/p>\n<p>    <a itemprop=\"url\" href=\"https:\/\/www.dagbladet.no\/kjendis\/utestenges-i-ti-ar\/84024049\" rel=\"nofollow noopener\" target=\"_blank\"><\/p>\n<p>        <img loading=\"lazy\" decoding=\"async\" src=\"https:\/\/www.europesays.com\/no\/wp-content\/uploads\/2025\/12\/84024056.webp\" width=\"980\" height=\"441\" title=\"Utestenges i ti \u00e5r\" alt=\"\" class=\"lazyload\" style=\"--aspect-ratio-image: 2.22; \"\/><\/p>\n<p>        Utestenges i ti \u00e5r<\/p>\n<p>    <\/a><\/p>\n<p>Tidligere i \u00e5r dukket sistnevnte l\u00e5ta fra 2012 opp i <a href=\"https:\/\/www.tiktok.com\/@whitehouse\/photo\/7571162962484841783?is_from_webapp=1&amp;sender_device=pc&amp;web_id=7491599101462562326\" rel=\"nofollow noopener\" target=\"_blank\">et innlegg<\/a> delt av Det hvite hus&#8217; offisielle TikTok-konto, med teksten: \u00abAlt vi trengte var en ny president\u00bb &#8211; en hyllest til president Donald Trump (79).\u00a0<\/p>\n<p>Dette l\u00e5tvalget var tilsynelatende ikke tilfeldig, etter at Minaj de siste \u00e5ra har vist stor st\u00f8tte til presidenten og hans tiltak.\u00a0<\/p>\n<p>        -FRYKTELIG: President Donald Trump svarer p\u00e5 sp\u00f8rsm\u00e5l om de nylig offentliggjorte Epstein-dokumentene, som blant annet inneholder bilder av tidligere president Bill Clinton.<\/p>\n<p>&#8211; Stor beundring\t<\/p>\n<p>21. desember under AmericaFest &#8211; arrangert av den\u00a0konservative organisasjonen Turning Point &#8211; var ogs\u00e5 Minaj blant de inviterte gjestene.\u00a0<\/p>\n<p>Her ble artisten intervjuet av Erika Kirk (37), kona til den n\u00e5 avd\u00f8de lederen for organisasjonen, Charlie Kirk. Han ble <a href=\"https:\/\/www.dagbladet.no\/nyheter\/si-det-til-datteren-min\/83981607\" rel=\"nofollow noopener\" target=\"_blank\">skutt og drept p\u00e5 et arrangement i Utah<\/a> i september, 31 \u00e5r gammel.\u00a0<\/p>\n<p>        <img loading=\"lazy\" decoding=\"async\" src=\"https:\/\/www.europesays.com\/no\/wp-content\/uploads\/2025\/12\/84025655.webp\" width=\"667\" height=\"541\" title=\"INTERVJU: Erika Kirk og Nicki Minaj ga hverandre en high-five under det \u00e5rlige arrangementet i Phoenix, Arizona. Foto: Caylo Seals\/Getty Images\/AFP\/NTB\" alt=\"\" class=\"\" style=\"--aspect-ratio-image: 1.23; \"\/><\/p>\n<p>\n        INTERVJU: Erika Kirk og Nicki Minaj ga hverandre en high-five under det \u00e5rlige arrangementet i Phoenix, Arizona. Foto: Caylo Seals\/Getty Images\/AFP\/NTB\n    <\/p>\n<p>&#8211; Jeg har den st\u00f8rste respekten og stor beundring for presidenten v\u00e5r, uttalte Minaj under intervjuet.\u00a0<\/p>\n<p>Det viser en video publisert av <a href=\"https:\/\/edition.cnn.com\/2025\/12\/23\/entertainment\/video\/nicki-minaj-from-trump-critic-to-fan-digvid-vrtc\" rel=\"nofollow noopener\" target=\"_blank\">CNN<\/a>, som ogs\u00e5 forklarer at artisten hyllet visepresident JD Vance (41).<\/p>\n<p>        LANGET UT: Foran 70 000 mennesker hyllet Donald Trump Charlie Kirk, og la skylden p\u00e5 drapet p\u00e5 \u00abdet radikale gale venstre\u00bb. Enken Erika Kirk ba p\u00e5 sin side om tilgivelse for drapsmannen. Video: AP \/ X<\/p>\n<p>Sistnevnte var ogs\u00e5 p\u00e5 plass i anledning AmericaFest, og har i etterkant beskrevet Minajs uttalelser som \u00abbanebrytende\u00bb i et innlegg p\u00e5 <a href=\"https:\/\/x.com\/JDVance\/status\/2003098998010212740\" rel=\"nofollow\">X<\/a>.<\/p>\n<p>Rapperens intervju har f\u00e5tt stor oppmerksomhet p\u00e5 sosiale medier og onsdag formiddag er stjernas instagram ikke \u00e5 finne p\u00e5 appen.\u00a0<\/p>\n<p>N\u00e5 poengterer flere kjendisnettsteder, som <a href=\"https:\/\/www.unilad.com\/celebrity\/news\/nicki-minaj-deletes-instagram-erika-kirk-516249-20251224\" rel=\"nofollow noopener\" target=\"_blank\">Unilad<\/a> og indiske <a href=\"https:\/\/www.hindustantimes.com\/trending\/did-nicki-minaj-delete-instagram-after-losing-10-million-followers-over-tpusa-row-heres-the-truth-101766534451926.html\" rel=\"nofollow noopener\" target=\"_blank\">Hindustan times<\/a>, at stjerna skal ha deaktivert profilen sin etter \u00e5 ha mistet ti millioner f\u00f8lgere p\u00e5 kort tid.<\/p>\n<p>Unilad hevder det voldsomme fallet i antall f\u00f8lgere skyldes kritikkstormen artisten har st\u00e5tt i etter opptredenen med Kirk og hyllesten av Vance.<\/p>\n<p>    <a itemprop=\"url\" href=\"https:\/\/www.dagbladet.no\/kjendis\/en-kongelig-versjon-av-playboy-huset\/84023659\" rel=\"nofollow noopener\" target=\"_blank\"><\/p>\n<p>        <img loading=\"lazy\" decoding=\"async\" src=\"https:\/\/www.europesays.com\/no\/wp-content\/uploads\/2025\/12\/84023849.webp\" width=\"147\" height=\"98\" title=\"- En kongelig versjon av Playboy-huset\" alt=\"\" class=\"lazyload\" style=\"--aspect-ratio-image: 1.50; \"\/><\/p>\n<p>        &#8211; En kongelig versjon av Playboy-huset<\/p>\n<p>    <\/a><\/p>\n<p>Helomvending\t<\/p>\n<p>Men 43-\u00e5ringen har ikke alltid v\u00e6rt en tilhenger av presidenten &#8211; snarere tvert i mot.\u00a0<\/p>\n<p>Minaj har tidligere omtalt Trump som et eksempel p\u00e5 kvinnehat i underholdningbransjen, if\u00f8lge CNN, og har ogs\u00e5 v\u00e6rt \u00e5pen om \u00e5 komme til USA uten oppholdstillatelse som ung.\u00a0<\/p>\n<p>        &#8211; FUNNET SVAR: Donald Trump kom med en oppsiktsvekkende uttalelse under minneseremonien til Charlie Kirk, natt til mandag. Reporter: Jostein Sletten \/ Dagbladet<\/p>\n<p>I et f\u00f8lelseladd innlegg fra 2018, rettet hun ogs\u00e5 kritikk mot Trump-administrasjonen og deres innvandringspolitikk.\u00a0<\/p>\n<p>\u00abJeg kom til dette landet som en ulovlig innvandrer. Jeg kan ikke forestille meg hvor grusomt det er \u00e5 v\u00e6re p\u00e5 et fremmed sted og bli fratatt foreldrene mine som 5-\u00e5ring. Dette er s\u00e5 skummelt for meg. Stopp, v\u00e6r s\u00e5 snill\u00bb, skrev hun den gang, if\u00f8lge kanalen.\u00a0<\/p>\n<p>    <a itemprop=\"url\" href=\"https:\/\/www.dagbladet.no\/kjendis\/30-ar-siden-jeg-var-full\/84023039\" rel=\"nofollow noopener\" target=\"_blank\"><\/p>\n<p>        <img loading=\"lazy\" decoding=\"async\" src=\"https:\/\/www.europesays.com\/no\/wp-content\/uploads\/2025\/12\/84023061.webp\" width=\"980\" height=\"441\" title=\"- 30 \u00e5r siden jeg var full\" alt=\"\" class=\"lazyload\" style=\"--aspect-ratio-image: 2.22; \"\/><\/p>\n<p>        &#8211; 30 \u00e5r siden jeg var full<\/p>\n<p>    <\/a><\/p>\n<p>Coronapandemien skal ha blitt et vendepunkt for artisten.<\/p>\n<p>Her p\u00e5sto Minaj i 2021 at en familievenn hadde blitt <a href=\"https:\/\/www.dagbladet.no\/kjendis\/i-absurd-ordkrig\/74225848\" rel=\"nofollow noopener\" target=\"_blank\">impotent<\/a> etter \u00e5 ha tatt vaksinen mot covid-19. Dette ble sl\u00e5tt hardt ned p\u00e5 av forskere, som avkreftet at vaksinen kan bidra til impotens.\u00a0<\/p>\n<p>Rapperen sto likevel st\u00f8dig i sine uttalelser, og har siden delt hyppig om vaksinemotstand og president Trump p\u00e5 sosiale medier.\u00a0<\/p>\n<p><script async src=\"\/\/www.tiktok.com\/embed.js\"><\/script><\/p>\n","protected":false},"excerpt":{"rendered":"Nicki Minaj: Artistens politiske engasjement vekker oppsikt. AKTIVIST: Rapperen Nicki Minaj f\u00e5r n\u00e5 stor oppmerksomhet etter et nytt&hellip;\n","protected":false},"author":2,"featured_media":121237,"comment_status":"","ping_status":"","sticky":false,"template":"","format":"standard","meta":{"footnotes":""},"categories":[58],"tags":[5099,55,71,2537,479,14414,30,28,29,5094,72],"class_list":{"0":"post-121236","1":"post","2":"type-post","3":"status-publish","4":"format-standard","5":"has-post-thumbnail","7":"category-underholdning","8":"tag-charlie-kirk","9":"tag-donald-trump","10":"tag-entertainment","11":"tag-jd-vance","12":"tag-kjendis","13":"tag-nicki-minaj","14":"tag-no","15":"tag-norge","16":"tag-norway","17":"tag-republikanerne","18":"tag-underholdning"},"share_on_mastodon":{"url":"https:\/\/pubeurope.com\/@no\/115776278516000744","error":""},"_links":{"self":[{"href":"https:\/\/www.europesays.com\/no\/wp-json\/wp\/v2\/posts\/121236","targetHints":{"allow":["GET"]}}],"collection":[{"href":"https:\/\/www.europesays.com\/no\/wp-json\/wp\/v2\/posts"}],"about":[{"href":"https:\/\/www.europesays.com\/no\/wp-json\/wp\/v2\/types\/post"}],"author":[{"embeddable":true,"href":"https:\/\/www.europesays.com\/no\/wp-json\/wp\/v2\/users\/2"}],"replies":[{"embeddable":true,"href":"https:\/\/www.europesays.com\/no\/wp-json\/wp\/v2\/comments?post=121236"}],"version-history":[{"count":0,"href":"https:\/\/www.europesays.com\/no\/wp-json\/wp\/v2\/posts\/121236\/revisions"}],"wp:featuredmedia":[{"embeddable":true,"href":"https:\/\/www.europesays.com\/no\/wp-json\/wp\/v2\/media\/121237"}],"wp:attachment":[{"href":"https:\/\/www.europesays.com\/no\/wp-json\/wp\/v2\/media?parent=121236"}],"wp:term":[{"taxonomy":"category","embeddable":true,"href":"https:\/\/www.europesays.com\/no\/wp-json\/wp\/v2\/categories?post=121236"},{"taxonomy":"post_tag","embeddable":true,"href":"https:\/\/www.europesays.com\/no\/wp-json\/wp\/v2\/tags?post=121236"}],"curies":[{"name":"wp","href":"https:\/\/api.w.org\/{rel}","templated":true}]}}