{"id":121238,"date":"2025-12-24T19:51:40","date_gmt":"2025-12-24T19:51:40","guid":{"rendered":"https:\/\/www.europesays.com\/no\/121238\/"},"modified":"2025-12-24T19:51:40","modified_gmt":"2025-12-24T19:51:40","slug":"mulig-fredsavtale-kan-apne-for-nato-medlemskap","status":"publish","type":"post","link":"https:\/\/www.europesays.com\/no\/121238\/","title":{"rendered":"Mulig fredsavtale kan \u00e5pne for Nato-medlemskap"},"content":{"rendered":"<p class=\"kicker t15 font-weight-bold m-font-weight-bold color_mobile_no_bg_color quaternary color_mobile_quaternary font-Trim text-case-transform-upper mobile-hasTextPadding\" style=\"\">Nyheter<\/p>\n<p>    President Volodymyr Zelenskyj sier et nytt utkast til fredsavtale \u00e5pner for ukrainsk Nato-medlemskap<\/p>\n<p>\n        OSLO-BES\u00d8K: Ukrainas president Volodymyr Zelenskyj avbildet i Norge i forbindelse med et bes\u00f8k i oktober.<br \/>\n        Foto: Javad Parsa, NTB\n    <\/p>\n<p>I et nytt utkast til en fredsavtale mellom Ukraina og Russland \u00e5pnes det for at Ukraina kan bli Nato-medlem i fremtiden, if\u00f8lge president Volodymyr Zelenskyj.<\/p>\n<p>I det f\u00f8rste utkastet, som inneholdt 28 punkter, het det at Ukraina skulle grunnlovsfeste at landet aldri skulle bli Nato-medlem. I det nye forslaget, som er p\u00e5 20 punkter, er denne betingelsen fjernet.<\/p>\n<p>\u2013 Det er Nato-medlemmenes valg om de vil ha Ukraina eller ikke. Vi har g\u00e5tt bort fra de foresl\u00e5tte endringene i Ukrainas grunnlov som ville ha forbudt Ukraina fra \u00e5 bli med i Nato, sa Zelenskyj under presentasjonen av den reviderte fredsplanen i Kyiv.<\/p>\n<p>Presidenten opplyser ogs\u00e5 at det ikke har lyktes ukrainske og amerikanske forhandlingsteam \u00e5 komme til enighet om langsiktige territorielle sp\u00f8rsm\u00e5l. Zelenskyj ber derfor om et m\u00f8te p\u00e5 lederniv\u00e5.<\/p>\n<p>\u2013 Vi har ikke oppn\u00e5dd enighet med den amerikanske siden n\u00e5r det gjelder territoriet i Donetsk-regionen og atomkraftverket i Zaporizjzja. Vi er klare for et m\u00f8te med USA p\u00e5 lederniv\u00e5 for \u00e5 ta opp sensitive sp\u00f8rsm\u00e5l, sier han, uten \u00e5 presisere om et eventuelt lederm\u00f8te ville inkludert Russlands president Vladimir Putin.<\/p>\n<p>Det f\u00f8rste utkastet til planen fikk mye kritikk for \u00e5 tilsynelatende ha g\u00e5tt med p\u00e5 samtlige av Russlands territorielle krav, deriblant at Ukraina skal trekke seg ut av Donetsk og at regionen skal anerkjennes som russisk.<\/p>\n<p>I den reviderte planen foresl\u00e5s det at Ukraina skal avholde valg s\u00e5 snart avtalen signeres. I det tidligere utkastet var det fastsatt en frist p\u00e5 100 dager. Zelenskyj sier han forventer et svar fra Russland i l\u00f8pet av onsdag.<\/p>\n<p>Amerikanske representanter holdt i forrige uke en rekke m\u00f8ter i Miami med delegasjoner fra Ukraina og Russland, samt flere europeiske representanter. B\u00e5de Ukraina og USA har omtalt m\u00f8tene som produktive.<\/p>\n","protected":false},"excerpt":{"rendered":"Nyheter President Volodymyr Zelenskyj sier et nytt utkast til fredsavtale \u00e5pner for ukrainsk Nato-medlemskap OSLO-BES\u00d8K: Ukrainas president Volodymyr&hellip;\n","protected":false},"author":2,"featured_media":121239,"comment_status":"","ping_status":"","sticky":false,"template":"","format":"standard","meta":{"footnotes":""},"categories":[12],"tags":[20,21,24,25,15,22,23,13,30,28,29,14,16,26,27,42,43,44,45],"class_list":{"0":"post-121238","1":"post","2":"type-post","3":"status-publish","4":"format-standard","5":"has-post-thumbnail","7":"category-verden","8":"tag-breaking-news","9":"tag-breakingnews","10":"tag-featured-news","11":"tag-featurednews","12":"tag-headlines","13":"tag-latest-news","14":"tag-latestnews","15":"tag-news","16":"tag-no","17":"tag-norge","18":"tag-norway","19":"tag-nyheter","20":"tag-overskrifter","21":"tag-top-stories","22":"tag-topstories","23":"tag-verden","24":"tag-world","25":"tag-world-news","26":"tag-worldnews"},"share_on_mastodon":{"url":"https:\/\/pubeurope.com\/@no\/115776289879284994","error":""},"_links":{"self":[{"href":"https:\/\/www.europesays.com\/no\/wp-json\/wp\/v2\/posts\/121238","targetHints":{"allow":["GET"]}}],"collection":[{"href":"https:\/\/www.europesays.com\/no\/wp-json\/wp\/v2\/posts"}],"about":[{"href":"https:\/\/www.europesays.com\/no\/wp-json\/wp\/v2\/types\/post"}],"author":[{"embeddable":true,"href":"https:\/\/www.europesays.com\/no\/wp-json\/wp\/v2\/users\/2"}],"replies":[{"embeddable":true,"href":"https:\/\/www.europesays.com\/no\/wp-json\/wp\/v2\/comments?post=121238"}],"version-history":[{"count":0,"href":"https:\/\/www.europesays.com\/no\/wp-json\/wp\/v2\/posts\/121238\/revisions"}],"wp:featuredmedia":[{"embeddable":true,"href":"https:\/\/www.europesays.com\/no\/wp-json\/wp\/v2\/media\/121239"}],"wp:attachment":[{"href":"https:\/\/www.europesays.com\/no\/wp-json\/wp\/v2\/media?parent=121238"}],"wp:term":[{"taxonomy":"category","embeddable":true,"href":"https:\/\/www.europesays.com\/no\/wp-json\/wp\/v2\/categories?post=121238"},{"taxonomy":"post_tag","embeddable":true,"href":"https:\/\/www.europesays.com\/no\/wp-json\/wp\/v2\/tags?post=121238"}],"curies":[{"name":"wp","href":"https:\/\/api.w.org\/{rel}","templated":true}]}}