{"id":121240,"date":"2025-12-24T19:52:28","date_gmt":"2025-12-24T19:52:28","guid":{"rendered":"https:\/\/www.europesays.com\/no\/121240\/"},"modified":"2025-12-24T19:52:28","modified_gmt":"2025-12-24T19:52:28","slug":"julemat-jul-fett-trikset-kan-spare-millioner-av-skattekroner","status":"publish","type":"post","link":"https:\/\/www.europesays.com\/no\/121240\/","title":{"rendered":"Julemat, Jul | Fett-trikset kan spare millioner av skattekroner"},"content":{"rendered":"\n<p>(<a href=\"https:\/\/www.nettavisen.no\/nyheter\/fett-trikset-kan-spare-millioner-av-skattekroner\/s\/5-95-2796026\" rel=\"Follow nofollow noopener\" target=\"_blank\">NETTAVISEN<\/a>) \u2013 Det er definitivt ikke ett fett hva du sender ut i avl\u00f8pssystemet, sier overingeni\u00f8r Vivi Paulsen i Vann- og avl\u00f8psetaten i Oslo kommune p\u00e5 nettsiden <a href=\"https:\/\/fettvett.no\/fettvett.html\" rel=\"nofollow noopener\" target=\"_blank\">Fettvett.no.<\/a><\/p>\n<p>Oslo, B\u00e6rum og Asker kommune st\u00e5r bak nettsiden, sammen med avl\u00f8psselskapene Veas og Bevas.<\/p>\n<p>N\u00e5 er det tid for julerengj\u00f8ring i avl\u00f8psnettet slik at det ikke tetter seg i h\u00f8ytiden. Jula er nemlig tiden hvor det tetter seg mest med fett og matrester i avl\u00f8pet. Det er over 3000 kilometer med avl\u00f8psledninger i de tre kommunene.<\/p>\n<p>  <a href=\"https:\/\/www.budstikka.no\/5-55-2167243\" class=\"related-teaser has-image default-story-teaser article--c-eRUmMG article--c-eRUmMG-jKCPdD-design-default\" rel=\"nofollow noopener\" target=\"_blank\"><\/p>\n<p>    <img decoding=\"async\" loading=\"lazy\"  src=\"https:\/\/www.europesays.com\/no\/wp-content\/uploads\/2025\/12\/Thomas+Finstad2.jpg\" alt=\"\" class=\"brick-c-cFOWSL\" style=\"\"\/><\/p>\n<p>\n            Les ogs\u00e5<\/p>\n<p>              Thomas (47) feirer jul p\u00e5 hytta etter t\u00f8ft \u00e5r\n        <\/p>\n<p>  <\/a><br \/>\n  Slik fjerner du fettet<\/p>\n<p>Paulsen understreker viktigheten av at folk f\u00f8lger oppfordringene om \u00e5 vise fettvett n\u00e5r man kvitter seg med matfett og -rester:<\/p>\n<ul>\n<li>Fett i stekepannen og stivnet (avkj\u00f8lt) fett fjerner du med t\u00f8rkepapir og kaster i matavfallet.<\/li>\n<li>Fett som ikke stivner, samler du i tett emballasje og leverer p\u00e5 gjenbruksstasjonen\/avfallsanlegget.<\/li>\n<\/ul>\n<p>Julefest for rottene<\/p>\n<p>Et annet stort problem med at fettet tetter avl\u00f8psr\u00f8rene, er at det inviterer til julefest for rottene. Det bor anslagsvis 120.000 rotter i avl\u00f8psnettet i de tre kommunene til sammen, if\u00f8lge Fettvett.<\/p>\n<p>\u2013 Hadde folk kastet matrestene og fettet sitt riktig sted ville nok de aller fleste rottene forsvunnet p\u00e5 sikt, sier Vivi Paulsen.<\/p>\n<p>\u2013 I tillegg ville innbyggerne spart seg selv for millioner av skattekroner i rengj\u00f8ring. Og det er jo s\u00e5 enkelt \u00e5 gj\u00f8re det riktig, sier Paulsen.<\/p>\n<p>  <a href=\"https:\/\/www.budstikka.no\/5-55-2160362\" class=\"related-teaser has-image default-feature-teaser article--c-eRUmMG article--c-eRUmMG-jKCPdD-design-default\" rel=\"nofollow noopener\" target=\"_blank\"><\/p>\n<p>    <img decoding=\"async\" loading=\"lazy\"  src=\"https:\/\/www.europesays.com\/no\/wp-content\/uploads\/2025\/12\/RIBBE+TIL+JUL-341.jpg\" alt=\"\" class=\"brick-c-cFOWSL\" style=\"\"\/><\/p>\n<p>\n            Les ogs\u00e5<\/p>\n<p>              P\u00e5 1. juledag sniker kj\u00f8kkensjef Gard til seg en Grandis\n        <\/p>\n<p>  <\/a><\/p>\n","protected":false},"excerpt":{"rendered":"(NETTAVISEN) \u2013 Det er definitivt ikke ett fett hva du sender ut i avl\u00f8pssystemet, sier overingeni\u00f8r Vivi Paulsen&hellip;\n","protected":false},"author":2,"featured_media":120935,"comment_status":"","ping_status":"","sticky":false,"template":"","format":"standard","meta":{"footnotes":""},"categories":[10],"tags":[36,13938,14416,20,21,24,25,15,5593,9242,22,23,13,30,28,29,14,16,1510,26,27,14415],"class_list":{"0":"post-121240","1":"post","2":"type-post","3":"status-publish","4":"format-standard","5":"has-post-thumbnail","7":"category-norge","8":"tag-art","9":"tag-asker-kommune","10":"tag-baerum-kommune","11":"tag-breaking-news","12":"tag-breakingnews","13":"tag-featured-news","14":"tag-featurednews","15":"tag-headlines","16":"tag-jul","17":"tag-julemat","18":"tag-latest-news","19":"tag-latestnews","20":"tag-news","21":"tag-no","22":"tag-norge","23":"tag-norway","24":"tag-nyheter","25":"tag-overskrifter","26":"tag-story","27":"tag-top-stories","28":"tag-topstories","29":"tag-veas"},"share_on_mastodon":{"url":"https:\/\/pubeurope.com\/@no\/115776293980062785","error":""},"_links":{"self":[{"href":"https:\/\/www.europesays.com\/no\/wp-json\/wp\/v2\/posts\/121240","targetHints":{"allow":["GET"]}}],"collection":[{"href":"https:\/\/www.europesays.com\/no\/wp-json\/wp\/v2\/posts"}],"about":[{"href":"https:\/\/www.europesays.com\/no\/wp-json\/wp\/v2\/types\/post"}],"author":[{"embeddable":true,"href":"https:\/\/www.europesays.com\/no\/wp-json\/wp\/v2\/users\/2"}],"replies":[{"embeddable":true,"href":"https:\/\/www.europesays.com\/no\/wp-json\/wp\/v2\/comments?post=121240"}],"version-history":[{"count":0,"href":"https:\/\/www.europesays.com\/no\/wp-json\/wp\/v2\/posts\/121240\/revisions"}],"wp:featuredmedia":[{"embeddable":true,"href":"https:\/\/www.europesays.com\/no\/wp-json\/wp\/v2\/media\/120935"}],"wp:attachment":[{"href":"https:\/\/www.europesays.com\/no\/wp-json\/wp\/v2\/media?parent=121240"}],"wp:term":[{"taxonomy":"category","embeddable":true,"href":"https:\/\/www.europesays.com\/no\/wp-json\/wp\/v2\/categories?post=121240"},{"taxonomy":"post_tag","embeddable":true,"href":"https:\/\/www.europesays.com\/no\/wp-json\/wp\/v2\/tags?post=121240"}],"curies":[{"name":"wp","href":"https:\/\/api.w.org\/{rel}","templated":true}]}}