{"id":121241,"date":"2025-12-24T19:54:09","date_gmt":"2025-12-24T19:54:09","guid":{"rendered":"https:\/\/www.europesays.com\/no\/121241\/"},"modified":"2025-12-24T19:54:09","modified_gmt":"2025-12-24T19:54:09","slug":"aleksandr-bolsjunov-raser-mot-aleksandr-bolsjunov-uakseptabel-oppforsel","status":"publish","type":"post","link":"https:\/\/www.europesays.com\/no\/121241\/","title":{"rendered":"Aleksandr Bolsjunov | Raser mot Aleksandr Bolsjunov: \u2013 Uakseptabel oppf\u00f8rsel"},"content":{"rendered":"\n<p>Det stormer rundt den russiske langrennsstjernen Aleksandr Bolsjunov om dagen.<\/p>\n<p>Oppf\u00f8rselen til den russiske skil\u00f8peren har blitt en stor sak i hjemlandet og stadig nye stemmer blander seg inn.<\/p>\n<p>Det hele startet med at Bolsjunov ble nummer fire under en konkurranse i Izjevsk l\u00f8rdag. I kj\u00f8lvannet av l\u00f8pet \u00f8nsket reporter for Match TV, Mikhaijl Gorevanov, et intervju med stjernen ble fikk et ganske s\u00e5 pomp\u00f8st svar tilbake.<\/p>\n<p>Bolsjunov mente at reporteren fors\u00f8kte \u00e5 unytte ham for \u00e5 fremme sin status som TV-profil.<\/p>\n<p>\u2013 Du trenger ikke Bolsjunov for \u00e5 bli ber\u00f8mt, skal langrennsprofilen ha svart, i tredje person.<\/p>\n<p><b>Les ogs\u00e5: <a href=\"https:\/\/www.nettavisen.no\/sport\/mareritt-for-liverpool-isak-bekreftet-ute-i-lang-tid\/s\/5-95-2794386\" rel=\"Follow nofollow noopener\" target=\"_blank\">Mareritt for Liverpool: Isak bekreftet ute i lang tid<\/a><\/b><\/p>\n<p>Utspillet vakte en rekke reaksjoner blant eksperter p\u00e5 langrenn i Russland.<\/p>\n<p>Raser mot Bolsjunov: \u2013 Uakseptabel oppf\u00f8rsel<\/p>\n<p>N\u00e5 melder ogs\u00e5 hovedtreneren til langrennslaget Khanty-Mansijsk seg p\u00e5 i debatten om Bolsjunov.<\/p>\n<p>If\u00f8lge Sport.ru mener nemlig Sergej Turysjev at Bolsjunovs oppf\u00f8rsel gj\u00f8r ham til et d\u00e5rlig forbilde for barn og unge.<\/p>\n<p>\u2013 Jeg mener oppf\u00f8rselen hans er uakseptabel. Han er v\u00e5r stjerne i skiporten og en hver stjerne m\u00e5 bevare roen og oppf\u00f8re seg med respekt i alle situasjoner. Han er veldig kjent og et forbilde for mange, sier treneren.<\/p>\n<p>\u2013 N\u00e5r barn ser Bolsjunov, tenker de at det er normalt \u00e5 behandle folk slik, sier han videre.<\/p>\n<p>Turysjev sier han selv har barn og at han derfor reagerer p\u00e5 Bolsjunovs ufine gest.<\/p>\n<p><b>Les ogs\u00e5: <a href=\"https:\/\/www.nettavisen.no\/sport\/knallhardt-ut-mot-jake-paul-jeg-skammer-meg\/s\/5-95-2793718\" rel=\"Follow nofollow noopener\" target=\"_blank\">Knallhardt ut mot Jake Paul: \u2013 Jeg skammer meg<\/a><\/b><\/p>\n<p>\u2013 Min eldste datter spurte meg hvorfor han oppf\u00f8rer seg slik. Jeg har egentlig ikke noe svar p\u00e5 hvorfor han tillater seg selv \u00e5 gj\u00f8re det.<\/p>\n<p>Reagerte p\u00e5 TV-hendelse: \u2013 Hva er dette for noe tull? <\/p>\n<p>Episoden med Match TV-reporter Gorevanov, har som nevnt ogs\u00e5 blitt heftig diskutert i Russland.<\/p>\n<p>\u2013 Du skal ikke oppf\u00f8re deg hysterisk. Hva er dette for noe tull? Merkelig, sa ekspert Dimitrij Guberniev om hendelsen.<\/p>\n<p>Tidligere skiskytter Dmitri Vasiliev har ogs\u00e5 uttalt seg om hendelsen.<\/p>\n<p>\u2013 N\u00e5r du blir kjendis og olympisk mester, er du ikke lenger din egen sjef, men forpliktet til \u00e5 handle i henhold til uskrevne regler. Det er \u00f8kt oppmerksomhet fra fansen, noe som betyr kommentarer, enten du liker det eller ikke, sier han if\u00f8lge Sport.ru.<\/p>\n<p>28 \u00e5r gamle Bolsjunov vant tre gull under forrige vinter-OL i Beijing. Siden Russlands invasjon av Ukraina har imidlertid Bolsjunov og de fleste andre russiske ut\u00f8vere v\u00e6rt utestengt fra internasjonale mesterskap.<\/p>\n","protected":false},"excerpt":{"rendered":"Det stormer rundt den russiske langrennsstjernen Aleksandr Bolsjunov om dagen. Oppf\u00f8rselen til den russiske skil\u00f8peren har blitt en&hellip;\n","protected":false},"author":2,"featured_media":121242,"comment_status":"","ping_status":"","sticky":false,"template":"","format":"standard","meta":{"footnotes":""},"categories":[59],"tags":[30,28,29,83,82],"class_list":{"0":"post-121241","1":"post","2":"type-post","3":"status-publish","4":"format-standard","5":"has-post-thumbnail","7":"category-sport","8":"tag-no","9":"tag-norge","10":"tag-norway","11":"tag-sport","12":"tag-sports"},"share_on_mastodon":{"url":"https:\/\/pubeurope.com\/@no\/115776301463360483","error":""},"_links":{"self":[{"href":"https:\/\/www.europesays.com\/no\/wp-json\/wp\/v2\/posts\/121241","targetHints":{"allow":["GET"]}}],"collection":[{"href":"https:\/\/www.europesays.com\/no\/wp-json\/wp\/v2\/posts"}],"about":[{"href":"https:\/\/www.europesays.com\/no\/wp-json\/wp\/v2\/types\/post"}],"author":[{"embeddable":true,"href":"https:\/\/www.europesays.com\/no\/wp-json\/wp\/v2\/users\/2"}],"replies":[{"embeddable":true,"href":"https:\/\/www.europesays.com\/no\/wp-json\/wp\/v2\/comments?post=121241"}],"version-history":[{"count":0,"href":"https:\/\/www.europesays.com\/no\/wp-json\/wp\/v2\/posts\/121241\/revisions"}],"wp:featuredmedia":[{"embeddable":true,"href":"https:\/\/www.europesays.com\/no\/wp-json\/wp\/v2\/media\/121242"}],"wp:attachment":[{"href":"https:\/\/www.europesays.com\/no\/wp-json\/wp\/v2\/media?parent=121241"}],"wp:term":[{"taxonomy":"category","embeddable":true,"href":"https:\/\/www.europesays.com\/no\/wp-json\/wp\/v2\/categories?post=121241"},{"taxonomy":"post_tag","embeddable":true,"href":"https:\/\/www.europesays.com\/no\/wp-json\/wp\/v2\/tags?post=121241"}],"curies":[{"name":"wp","href":"https:\/\/api.w.org\/{rel}","templated":true}]}}