{"id":121243,"date":"2025-12-24T19:59:21","date_gmt":"2025-12-24T19:59:21","guid":{"rendered":"https:\/\/www.europesays.com\/no\/121243\/"},"modified":"2025-12-24T19:59:21","modified_gmt":"2025-12-24T19:59:21","slug":"eus-krigslan-gjor-finanskapitalen-interessert-i-fortsettelse-av-krigen","status":"publish","type":"post","link":"https:\/\/www.europesays.com\/no\/121243\/","title":{"rendered":"\u00abEUs krigsl\u00e5n gj\u00f8r finanskapitalen interessert i fortsettelse av krigen\u00bb"},"content":{"rendered":"<p>            <img loading=\"lazy\" decoding=\"async\" width=\"696\" height=\"370\" class=\"entry-thumb\" src=\"https:\/\/www.europesays.com\/no\/wp-content\/uploads\/2025\/12\/finans-og-krig.jpg\"   alt=\"\" title=\"The,Concept,Of,Financing,Wars.,Toy,Tank,,Euro,\"\/>Alle kriger er bankenes kriger&#8230;<\/p>\n<p>\u00abEUs krigsl\u00e5n til Ukraina f\u00f8rer til at finanskapitalen blir interessert i at konflikten skal fortsette og opptrappes. Det er ikke fredens logikk, men krigens logikk\u00bb,\u00a0skrev Ungarns statsminister Viktor Orb\u00e1n l\u00f8rdag.<\/p>\n<p>Se Viktor Orb\u00e1ns <a href=\"https:\/\/miniszterelnok.hu\/en\/war-loan-makes-financiers-interested-in-continuation-of-conflict\/\" rel=\"nofollow noopener\" target=\"_blank\">offisielle nettside her<\/a>.<\/p>\n<p>P\u00e5 Facebook-kontoen sin skrev Orb\u00e1n: <\/p>\n<blockquote class=\"wp-block-quote is-layout-flow wp-block-quote-is-layout-flow\">\n<p>\u00abFor f\u00f8rste gang i EUs historie har 24 medlemsland i fellesskap gitt et krigsl\u00e5n til et land utenfor unionen. Dette er ikke en teknisk detalj, men et kvalitativt skifte. Logikken bak et l\u00e5n er klar: den som l\u00e5ner ut penger vil ha dem tilbake. I dette tilfellet er tilbakebetaling ikke knyttet til \u00f8konomisk vekst eller stabilisering, men til milit\u00e6r seier\u00bb. <\/p>\n<\/blockquote>\n<p>For at disse pengene noen gang skulle bli gjenvunnet, m\u00e5 Russland beseires. Det er ikke fredens logikk, men krigens logikk, understreket han.\u00a0<\/p>\n<p>Et krigsl\u00e5n gj\u00f8r uunng\u00e5elig finansfolkene interessert i at konflikten fortsetter og eskalerer, fordi et nederlag ogs\u00e5 ville bety et \u00f8konomisk tap. Fra dette \u00f8yeblikket av snakker vi ikke lenger bare om politiske eller moralske avgj\u00f8relser, men om harde \u00f8konomiske begrensninger som presser Europa i \u00e9n retning, inn i krig, advarte han. Orb\u00e1n bemerket at krigslogikken til Brussel driver Europa i den retningen. Den bremser ikke ned, den letter ikke, men blir institusjonalisert. Risikoen i dag er st\u00f8rre enn noen gang f\u00f8r, fordi en fortsettelse av krigen n\u00e5 er kombinert med en \u00f8konomisk interesse.\u00a0<\/p>\n<blockquote class=\"twitter-tweet\" data-width=\"550\" data-dnt=\"true\">\n<p lang=\"en\" dir=\"ltr\">\ud83d\udea8BREAKING NEWS\ud83d\udea8 \ud83d\udd25\ud83c\uddea\ud83c\uddfa\ud83c\udfe6\ud83c\udded\ud83c\uddfa\ud83d\udd25HUNGARY REVEALS WHY BRUSSELS IS ESCALATING:<\/p>\n<p>\u201cEUROPEAN BANKERS WANT WAR \u2014 TO RECOVER LOSSES FROM FAILING TO DEFEAT RUSSIA.\u201d<\/p>\n<p>Budapest \u2014 Hungary has issued one of the most explosive accusations yet against the leadership of the European Union, directly\u2026 <a href=\"https:\/\/t.co\/bD1eUEWFP5\" rel=\"nofollow\">pic.twitter.com\/bD1eUEWFP5<\/a><\/p>\n<p>\u2014 Slavic Networks (@SlavicNetworks) <a href=\"https:\/\/twitter.com\/SlavicNetworks\/status\/2003198081290879140?ref_src=twsrc%5Etfw\" rel=\"nofollow noopener\" target=\"_blank\">December 22, 2025<\/a><\/p><\/blockquote>\n<p>Andre gang EU bryter sitt \u00abprinsipp\u00bb om \u00e5 unng\u00e5 fellesgjeld<\/p>\n<p>F\u00f8r den s\u00e5kalte \u00abpandemien\u00bb var fellesgjeld tabu \u2013 det eksisterte kun i liten skala for spesifikke l\u00e5n (f.eks. til medlemsland i krise).<\/p>\n<p>I juli 2020 lanserte EU <a href=\"https:\/\/en.wikipedia.org\/wiki\/Next_Generation_EU\" rel=\"nofollow noopener\" target=\"_blank\">NextGenerationEU<\/a> (NGEU), et midlertidig gjenreisingsfond p\u00e5 rundt \u20ac800 milliarder (i dagens priser), finansiert ved at Kommisjonen l\u00e5nte p\u00e5 vegne av hele unionen ved \u00e5 utstede EU-obligasjoner (EU-Bonds).<\/p>\n<p>Obligasjonene ble kj\u00f8pt av investorer, banker og institusjoner, og EU ble en av de st\u00f8rste utstederne av \u00abgr\u00f8nne obligasjoner\u00bb globalt. Dette ga lavere renter enn mange enkeltland kunne oppn\u00e5 alene, men det betydde ogs\u00e5 profitt for finansmarkedene gjennom renter og handelsgebyrer.<\/p>\n<p>EU brukte alts\u00e5 \u00abpandemien\u00bb til \u00e5 gi finanskapitalen trygge investeringsobjekter og flyttet dermed kapital fra medlemslandenes statskasser til finansfyrstenes koti.<\/p>\n<p>I 2024 kom s\u00e5 <a href=\"https:\/\/enlargement.ec.europa.eu\/funding-technical-assistance\/ukraine-facility_en\" rel=\"nofollow noopener\" target=\"_blank\">Ukraine Facility<\/a> (2024\u20132027): Et st\u00f8tteprogram p\u00e5 \u20ac50 milliarder (mix av tilskudd og l\u00e5n), der deler finansieres via EU-l\u00e5n p\u00e5 markedet.<\/p>\n<p>Den nyeste utviklinga (desember 2025): EU-ledere ble enige om et l\u00e5n p\u00e5 \u20ac90 milliarder til Ukraina for 2026\u20132027, finansiert ved felles opptak av gjeld p\u00e5 kapitalmarkedene, garantert av EU-budsjettet, med unntak for Ungarn, Slovakia og Tsjekkia.<\/p>\n<p>Hvem tjener p\u00e5 dette? \u2013 Finanskapitalen sj\u00f8lsagt<\/p>\n<p>Banker og investorer (som prim\u00e6rdealere i EU-obligasjoner) tjener p\u00e5 \u00e5 kj\u00f8pe og handle disse sikre, h\u00f8yt ratede papirene. EU blir en stor akt\u00f8r i obligasjonsmarkedet, noe som gir stabil profitt gjennom renter og likviditet. For NGEU ble banker som BNP Paribas involvert som ledende managere.<\/p>\n<p>Fellesgjeld senker l\u00e5nekostnader for EU som helhet (bedre rating enn enkeltland som Italia eller Spania), men det skaper ogs\u00e5 en ny verdipapir-klasse som institusjonelle investorer (pensjonsfond, BlackRock-lignende) kan plassere penger i trygt.<\/p>\n<p>Globale milit\u00e6rutgifter har n\u00e5dd <a href=\"https:\/\/uiamp.org\/en\/economics-russian-ukrainian-war-2022-2024-analytical-review\" rel=\"nofollow noopener\" target=\"_blank\">et rekordh\u00f8yt niv\u00e5<\/a> i l\u00f8pet av krigen. I 2022 \u00f8kte de globale milit\u00e6rutgiftene til 2,24 billioner dollar (+3,7% i reelle termer). I 2023 \u00f8kte de til 2,443 billioner dollar (+6,8%), og i 2024 til 2,718 billioner dollar, som er 9,4% mer enn \u00e5ret f\u00f8r. Det er 19% \u00f8kning fra 2022 til 2024. Krig er en vekstindustri i s\u00e6rklasse.<\/p>\n<ul class=\"wp-block-list\">\n<li>Tyskland lanserte et spesialfond p\u00e5 100 milliarder euro og \u00f8kte milit\u00e6rbudsjettet med 28 % i 2024, til 88,5 milliarder dollar, noe som brakte Tyskland til 4. plass i verden n\u00e5r det gjelder utgifter (etter USA, Kina og Russland) og 1. plass i Vest-Europa.<\/li>\n<li>Storbritannia har tradisjonelt v\u00e6rt en av NATOs ledende land n\u00e5r det gjelder utgifter. I 2024 \u00f8kte Storbritannia sitt milit\u00e6rbudsjett med 2,8 % til 81,8 milliarder dollar (omtrent 2,3 % av BNP), og beholdt dermed 6. plassen blant verdens milit\u00e6rmakter.<\/li>\n<li>Frankrike har \u00f8kt utgiftene fra 41 milliarder euro i 2021 til 49 milliarder euro i 2024 (omtrent 60 milliarder dollar), omtrent 2% av BNP.<\/li>\n<li>I 2022 brukte Polen 2,7% av BNP p\u00e5 forsvar, og i 2024 brukte de allerede 4,2% av BNP (omtrent 38 milliarder dollar), med planer om \u00e5 \u00f8ke dette til 4,7% av BNP i 2025. I absolutte utgifter (35\u201338 milliarder dollar) har Polen forbig\u00e5tt alle sentraleuropeiske land og n\u00e6rmer seg Italias niv\u00e5. Dette f\u00f8rer til diskusjoner om belastningen p\u00e5 budsjettet i framtida.<\/li>\n<\/ul>\n<p>BlackRock 2019: Den st\u00f8rste finanskrisa noensinne<\/p>\n<p>I august 2019 var det et m\u00f8te i G7 i Jackson Hole, Wyoming. Der deltok ogs\u00e5 sentralbanksjefene i disse landene. P\u00e5 det m\u00f8tet la BlackRock, som er verdens st\u00f8rste investeringsfond, fram en rapport og en plan for den kommende \u00f8konomiske og politiske krisa.<\/p>\n<p>P\u00e5 det tidspunktet var det klart for finanseliten at ei ny finanskrise var under oppseiling, og BlackRock mente at denne krisa ville kreve tiltak man \u00abikke hadde sett maken til tidligere\u00bb. De la fram en plan for hvordan dette skulle gj\u00f8res.<\/p>\n<p>Planen ble presentert i dokumentet <a href=\"https:\/\/www.blackrock.com\/corporate\/literature\/whitepaper\/bii-macro-perspectives-august-2019.pdf\" target=\"_blank\" rel=\"noreferrer noopener nofollow\"><strong>Dealing with the next downturn: From unconventional monetary policy to unprecedented policy coordination<\/strong>.<\/a><\/p>\n<p>I dokumentet ble det pekt p\u00e5 at ti \u00e5r med \u00abkvantitative lettelser\u00bb ikke hadde lykkes med \u00e5 skape forutsetninger for en ny vekst. Sentralbankene hadde pumpet enorme mengder digitale penger inn i \u00f8konomien, men fortsatt var det ikke tegn til at den ville lette. Renteniv\u00e5et fortsatte \u00e5 v\u00e6re null eller under null. I den finanskrisa som da var under oppseiling, ville det derfor <strong>ikke v\u00e6re tilstrekkelig pengepolitisk rom for \u00e5 takle den neste nedgangen<\/strong>, <a href=\"https:\/\/www.blackrock.com\/corporate\/literature\/whitepaper\/bii-macro-perspectives-august-2019.pdf\" target=\"_blank\" rel=\"noreferrer noopener nofollow\">skrev<\/a> toppene i BlackRock.<\/p>\n<p>Forfatterne skrev i hvitboka at \u00abi den neste nedgangen er den eneste l\u00f8sningen for en mer formell \u2013 og historisk uvanlig \u2013 koordinering av pengepolitikken og finanspolitikken for \u00e5 gi effektiv stimulans\u00bb. De kalte dette <strong>\u00ab\u00e5 g\u00e5 direkte\u00bb.<\/strong><\/p>\n<p>En m\u00e5ned etter m\u00f8tet i Jackson Hole begynte U.S. Federal Reserve et st\u00f8tteprogram der de p\u00f8ste ut hundrevis av milliarder sentralbankdollar i uka til Wall Street. The Feds egne dokumenter sier at det ble overf\u00f8rt 215 milliarder dollar om dagen eller <a href=\"https:\/\/wallstreetonparade.com\/2020\/01\/federal-reserve-admits-it-pumped-more-than-6-trillion-to-wall-street-in-recent-six-week-period\/\" target=\"_blank\" rel=\"noreferrer noopener nofollow\">6.230 milliarder dollar p\u00e5 29 dager<\/a>!<\/p>\n<p>Dette er \u00e5 \u00abg\u00e5 direkte\u00bb. Staten overleverer virkelige penger fra budsjettet til sentralbankene, som pumper dem opp og p\u00f8ser dem inn i finansmarkedet. Der brukes de til \u00e5 pumpe opp selskapenes aksjeverdier, noe som igjen \u00f8ker papirformuen til finansfyrstene, slik vi fikk se i l\u00f8pet av \u00abpandemien\u00bb.<\/p>\n<p>Et sammendrag av BlackRocks plan finnes <a href=\"https:\/\/www.blackrock.com\/corporate\/insights\/blackrock-investment-institute\/publications\/global-macro-outlook\/august-2019\" target=\"_blank\" rel=\"noreferrer noopener nofollow\">her<\/a>.<\/p>\n<p>Lockdownpolitikken og de andre drakoniske tiltakene under koronaregimet f\u00f8rte til at flere titalls tusen milliarder dollar ble overf\u00f8rt fra samfunnet til finanskapitalen.<\/p>\n<p><img data-recalc-dims=\"1\" fetchpriority=\"high\" decoding=\"async\" width=\"696\" height=\"917\" src=\"https:\/\/www.europesays.com\/no\/wp-content\/uploads\/2025\/12\/image-32.jpg\" alt=\"\" class=\"wp-image-156117\" style=\"width:700px\"  \/><\/p>\n<p>Denne grafen viser at verdens samlede gjeld \u00f8kte fra ca. 260 billioner dollar i 2020 til ca. 315 billioner dollar i 2024. Den viser ogs\u00e5 at den samlede gjelda var p\u00e5 vei ned f\u00f8r Russlands invasjon i 2022, men at den n\u00e5 \u00f8ker kraftig igjen. Plandemi og krig har utvilsomt v\u00e6rt de st\u00f8rste p\u00e5driverne for global gjeld og som alltid ender profitten opp hos de st\u00f8rste finanshusene.<\/p>\n<p>Hvorfor skulle de v\u00e6re interessert i fred? Krig gir jo s\u00e5 mye st\u00f8rre profitt.<\/p>\n<p>Orb\u00e1n har med andre ord rett, og de som \u00f8nsker \u00e5 kaste stadig mer av samfunnets ressurser inn i Ukrainakrigen er samtidig finanskapitalens viktigste lakeier. <\/p>\n<p>        <script async src=\"https:\/\/platform.twitter.com\/widgets.js\" charset=\"utf-8\"><\/script><\/p>\n","protected":false},"excerpt":{"rendered":"Alle kriger er bankenes kriger&#8230; \u00abEUs krigsl\u00e5n til Ukraina f\u00f8rer til at finanskapitalen blir interessert i at konflikten&hellip;\n","protected":false},"author":2,"featured_media":121244,"comment_status":"","ping_status":"","sticky":false,"template":"","format":"standard","meta":{"footnotes":""},"categories":[12],"tags":[20,21,24,25,15,22,23,13,30,28,29,14,16,26,27,42,43,44,45],"class_list":{"0":"post-121243","1":"post","2":"type-post","3":"status-publish","4":"format-standard","5":"has-post-thumbnail","7":"category-verden","8":"tag-breaking-news","9":"tag-breakingnews","10":"tag-featured-news","11":"tag-featurednews","12":"tag-headlines","13":"tag-latest-news","14":"tag-latestnews","15":"tag-news","16":"tag-no","17":"tag-norge","18":"tag-norway","19":"tag-nyheter","20":"tag-overskrifter","21":"tag-top-stories","22":"tag-topstories","23":"tag-verden","24":"tag-world","25":"tag-world-news","26":"tag-worldnews"},"share_on_mastodon":{"url":"https:\/\/pubeurope.com\/@no\/115776321935352859","error":""},"_links":{"self":[{"href":"https:\/\/www.europesays.com\/no\/wp-json\/wp\/v2\/posts\/121243","targetHints":{"allow":["GET"]}}],"collection":[{"href":"https:\/\/www.europesays.com\/no\/wp-json\/wp\/v2\/posts"}],"about":[{"href":"https:\/\/www.europesays.com\/no\/wp-json\/wp\/v2\/types\/post"}],"author":[{"embeddable":true,"href":"https:\/\/www.europesays.com\/no\/wp-json\/wp\/v2\/users\/2"}],"replies":[{"embeddable":true,"href":"https:\/\/www.europesays.com\/no\/wp-json\/wp\/v2\/comments?post=121243"}],"version-history":[{"count":0,"href":"https:\/\/www.europesays.com\/no\/wp-json\/wp\/v2\/posts\/121243\/revisions"}],"wp:featuredmedia":[{"embeddable":true,"href":"https:\/\/www.europesays.com\/no\/wp-json\/wp\/v2\/media\/121244"}],"wp:attachment":[{"href":"https:\/\/www.europesays.com\/no\/wp-json\/wp\/v2\/media?parent=121243"}],"wp:term":[{"taxonomy":"category","embeddable":true,"href":"https:\/\/www.europesays.com\/no\/wp-json\/wp\/v2\/categories?post=121243"},{"taxonomy":"post_tag","embeddable":true,"href":"https:\/\/www.europesays.com\/no\/wp-json\/wp\/v2\/tags?post=121243"}],"curies":[{"name":"wp","href":"https:\/\/api.w.org\/{rel}","templated":true}]}}