{"id":121253,"date":"2025-12-24T20:13:18","date_gmt":"2025-12-24T20:13:18","guid":{"rendered":"https:\/\/www.europesays.com\/no\/121253\/"},"modified":"2025-12-24T20:13:18","modified_gmt":"2025-12-24T20:13:18","slug":"justisdepartementet-fant-over-en-million-nye-epstein-dokumenter","status":"publish","type":"post","link":"https:\/\/www.europesays.com\/no\/121253\/","title":{"rendered":"Justisdepartementet fant over en million nye Epstein-dokumenter"},"content":{"rendered":"\n<p class=\"_lead_o9xde_2 _lead_xtcu6_50 layout-component text-serif-m layout-normal text-serif-l layout-component layout-wide layout-padded _wide_17hqh_1 layout-padded\">Prosessen kan ta flere uker p\u00e5 grunn av det enorme volumet.<\/p>\n<p><img alt=\"Fra dokumentdroppet 19. desember 2025. Bildene er fra innsiden av Jeffrey Epsteins hjem i New York. Foto: Department of justice \/ Department of justice\" class=\"_image_qp4xg_65 layout-component layout-wide\" data-fullscreen- data-track-element-type=\"Article image fullscreen\" data-track-name=\"ImageFullscreen\" fetchpriority=\"high\" decoding=\"sync\" loading=\"eager\" height=\"877\" itemprop=\"image\"  src=\"https:\/\/www.europesays.com\/no\/wp-content\/uploads\/2025\/12\/2975c08c-76c3-4187-8ce7-e2debbdc39ee\"  style=\"object-position:0% 0%\" width=\"1137\"\/>Fra dokumentdroppet 19. desember 2025. Bildene er fra innsiden av Jeffrey Epsteins hjem i New York. Foto: Department of justice \/ Department of justice<\/p>\n<ul aria-hidden=\"true\" class=\"_images_ntbth_112\">\n<li><a class=\"_link_ntbth_117\" href=\"https:\/\/www.vg.no\/forfatter\/intisaar-ali\" style=\"z-index:1\" title=\"Intisaar Ali\" rel=\"nofollow noopener\" target=\"_blank\"><img alt=\"Bilde av Intisaar Ali\" class=\"_image_ntbth_93\" fetchpriority=\"low\" loading=\"lazy\" decoding=\"async\" itemprop=\"image\"  src=\"https:\/\/www.europesays.com\/no\/wp-content\/uploads\/2025\/12\/1766607193_540_31e1a332-7865-4acc-a24e-ae6d6674f722\"  width=\"480\"\/><\/a><\/li>\n<\/ul>\n<p> Oppdatert onsdag 24. desember kl. 20:57     <\/p>\n<p class=\"_paragraph_o9xde_4 _paragraph_xtcu6_10 layout-component text-serif-m layout-normal text-serif-m layout-padded\">Det amerikanske justisdepartementet har oppdaget over en million nye dokumenter som kan v\u00e6re knyttet til Jeffrey Epstein-saken, melder\u00a0<a href=\"https:\/\/edition.cnn.com\/2025\/12\/24\/politics\/epstein-documents-doj-million\" class=\"_link_o9xde_39\" rel=\"nofollow noopener\" target=\"_blank\">CNN<\/a>.<\/p>\n<p class=\"_paragraph_o9xde_4 _paragraph_xtcu6_10 layout-component text-serif-m layout-normal text-serif-m layout-padded\">Departementet kunngjorde funnet p\u00e5 X onsdag og sa at de kan trenge \u00abnoen uker til\u00bb for \u00e5 behandle og offentliggj\u00f8re dokumentene.<\/p>\n<p class=\"_paragraph_o9xde_4 _paragraph_xtcu6_10 layout-component text-serif-m layout-normal text-serif-m layout-padded\">Dokumentene kommer fra statsadvokaten i det s\u00f8rlige distriktet i New York og FBI, som har informert justisdepartementet om det nye materialet.<\/p>\n<p class=\"_paragraph_o9xde_4 _paragraph_xtcu6_10 layout-component text-serif-m layout-normal text-serif-m layout-padded\">\u2013 Vi har advokater som jobber d\u00f8gnet rundt for \u00e5 gjennomg\u00e5 og gj\u00f8re de juridisk p\u00e5krevde redigeringene for \u00e5 beskytte ofrene, og vi vil offentliggj\u00f8re dokumentene s\u00e5 snart som mulig, skriver departementet.<\/p>\n<p><img alt=\"Bilder fra Jeffrey Epsteins \u00f8y little st. james, frigitt 19. desember 2025.  Foto: Department of Justice \/ Department of Justice\" class=\"_image_qp4xg_65 layout-component layout-normal\" data-fullscreen- data-track-element-type=\"Article image fullscreen\" data-track-name=\"ImageFullscreen\" decoding=\"async\" loading=\"lazy\" height=\"512\" itemprop=\"image\"  src=\"https:\/\/www.europesays.com\/no\/wp-content\/uploads\/2025\/12\/237ba8c8-5177-4577-962b-7b045a477b2f\"  style=\"object-position:0% 0%\" width=\"720\"\/>Bilder fra Jeffrey Epsteins \u00f8y little st. james, frigitt 19. desember 2025.  Foto: Department of Justice \/ Department of Justice<\/p>\n<p class=\"_paragraph_o9xde_4 _paragraph_xtcu6_10 layout-component text-serif-m layout-normal text-serif-m layout-padded\">Kunngj\u00f8ringen kommer etter en uke med spredte utgivelser som kreves av en ny \u00e5penhetslov som Kongressen vedtok forrige m\u00e5ned. <\/p>\n<p class=\"_paragraph_o9xde_4 _paragraph_xtcu6_10 layout-component text-serif-m layout-normal text-serif-m layout-padded\">Fristen for \u00e5 offentliggj\u00f8re alt materialet var fredag.<\/p>\n<p class=\"_paragraph_o9xde_4 _paragraph_xtcu6_10 layout-component text-serif-m layout-normal text-serif-m layout-padded\">Justisdepartementet la ut en massiv samling dokumenter den dagen, fulgt av ytterligere utgivelser l\u00f8rdag og tirsdag. <\/p>\n<p><img alt=\"Foto: Rick Friedman \/ Polaris\" class=\"_image_qp4xg_65 layout-component layout-normal\" data-fullscreen- data-track-element-type=\"Article image fullscreen\" data-track-name=\"ImageFullscreen\" decoding=\"async\" loading=\"lazy\" height=\"1713\" itemprop=\"image\"  src=\"https:\/\/www.europesays.com\/no\/wp-content\/uploads\/2025\/12\/1df0f17f-b8b3-489b-8f28-8a74d60b29ed\"  style=\"object-position:0% 0%\" width=\"1671\"\/>Foto: Rick Friedman \/ Polaris<\/p>\n<p class=\"_paragraph_o9xde_4 _paragraph_xtcu6_10 layout-component text-serif-m layout-normal text-serif-m layout-padded\">Tirsdagens utgivelse inneholdt flere bemerkelsesverdige referanser til president Donald Trump.<\/p>\n<p class=\"_paragraph_o9xde_4 _paragraph_xtcu6_10 layout-component text-serif-m layout-normal text-serif-m layout-padded\">B\u00e5de demokrater og republikanere har kritisert Trump-administrasjonens h\u00e5ndtering av dokumentutgivelsen. <\/p>\n<p class=\"_paragraph_o9xde_4 _paragraph_xtcu6_10 layout-component text-serif-m layout-normal text-serif-m layout-padded\">Noen har stilt sp\u00f8rsm\u00e5l ved de omfattende redigeringene som beskytter Epsteins medarbeidere, mens andre har uttrykt sinne over at ofres informasjon ble eksponert.<\/p>\n<p class=\"_paragraph_o9xde_4 _paragraph_xtcu6_10 layout-component text-serif-m layout-normal text-serif-m layout-padded\">Statsadvokatkontoret i det s\u00f8rlige distriktet i New York etterforsket og siktet Epstein i 2019.<\/p>\n<p>F\u00e5 oversikt:Hvem var Jeffrey Epstein?<\/p>\n<p class=\"_paragraph_o9xde_4 _paragraph_xtcu6_10 _paragraph_16v91_10 layout-component text-serif-m layout-normal text-sans-m layout-padded\" itemprop=\"text\">Jeffrey Epstein var en amerikansk finansmann og en straffed\u00f8mt sexforbryter. Han var styrtrik og hadde forbindelser til mange mektige personer over hele verden.<\/p>\n<p>N\u00e5r d\u00f8de han?<\/p>\n<ul class=\"_list_o9xde_3 _list_xtcu6_9 _list_16v91_9 _unordered_o9xde_106 layout-component text-serif-m layout-normal text-sans-m layout-padded\" itemprop=\"text\">\n<li class=\"_item_o9xde_30\">Epstein ble funnet d\u00f8d i fengselet i august 2019. If\u00f8lge amerikanske myndigheter tok han sitt eget liv.<\/li>\n<li class=\"_item_o9xde_30\">D\u00f8dsfallet har blitt gjenstand for en av Maga-bevegelsens mest yndede og hardnakkede konspirasjonsteorier. <\/li>\n<li class=\"_item_o9xde_30\">De er overbevist om at Epstein ble drept og at dette viser hvor langt USAs eliter \u2013 med hjelp fra \u00abden dype staten\u00bb \u2013 er villig til \u00e5 g\u00e5 for \u00e5 dekke over sine forbrytelser og umoral.<\/li>\n<\/ul>\n<p>Hvem er Ghislaine Maxwell?<\/p>\n<p class=\"_paragraph_o9xde_4 _paragraph_xtcu6_10 _paragraph_16v91_10 layout-component text-serif-m layout-normal text-sans-m layout-padded\" itemprop=\"text\">Britisk samfunnsfigur og Epsteins n\u00e6re partner. Hun ble i 2021 d\u00f8mt til 20 \u00e5rs fengsel for \u00e5 ha rekruttert og bist\u00e5tt ham i overgrepene mot unge jenter.<\/p>\n<p>Hva handler Epstein-saken om?<\/p>\n<p class=\"_paragraph_o9xde_4 _paragraph_xtcu6_10 _paragraph_16v91_10 layout-component text-serif-m layout-normal text-sans-m layout-padded\" itemprop=\"text\">Anklager, etterforskning og straffeforf\u00f8lgelse av Epsteins omfattende nettverk av seksuelle overgrep og menneskehandel. <\/p>\n<p class=\"_paragraph_o9xde_4 _paragraph_xtcu6_10 _paragraph_16v91_10 layout-component text-serif-m layout-normal text-sans-m layout-padded\" itemprop=\"text\">Over flere \u00e5r ble en rekke mindre\u00e5rige jenter seksuelt utnyttet etter \u00e5 ha blitt lokket med penger og jobber.<\/p>\n<ul class=\"_list_o9xde_3 _list_xtcu6_9 _list_16v91_9 _unordered_o9xde_106 layout-component text-serif-m layout-normal text-sans-m layout-padded\" itemprop=\"text\">\n<li class=\"_item_o9xde_30\">Det hele startet i 2005 da politiet i Florida begynte \u00e5 etterforske ham etter at en 14 \u00e5r gammel jente fortalte at hun var blitt misbrukt. <\/li>\n<li class=\"_item_o9xde_30\">Epstein ble d\u00f8mt i 2008 for \u00e5 ha opps\u00f8kt prostitusjon fra en mindre\u00e5rig, men fikk en mild straff.<\/li>\n<li class=\"_item_o9xde_30\">Det kommende ti\u00e5ret f\u00e5r Epstein anklager fra flere kvinner som hevder \u00e5 v\u00e6re hans ofre.<\/li>\n<li class=\"_item_o9xde_30\">I 2019 ble han p\u00e5grepet igjen, denne gangen for menneskehandel til seksuelle form\u00e5l. Han blir anklaget for \u00e5 ha betalt mindre\u00e5rige jenter for massasje og for \u00e5 ha forgrepet seg p\u00e5 dem. Epstein nekter straffskyld.<\/li>\n<li class=\"_item_o9xde_30\">Han ble d\u00f8mt for sexforbrytelser. Mens han ventet p\u00e5 rettssaken for menneskehandel til seksuelle form\u00e5l, ble han funnet d\u00f8d i fengselet.<\/li>\n<\/ul>\n<p class=\"_paragraph_o9xde_4 _paragraph_xtcu6_10 _paragraph_16v91_10 layout-component text-serif-m layout-normal text-sans-m layout-padded\" itemprop=\"text\">Mange av overgrepene skal ha skjedd i Epsteins luksusboliger i Florida, New York \u2013 og p\u00e5 <a href=\"https:\/\/www.vg.no\/nyheter\/i\/jdpz89\/dette-er-epsteins-private-oey-rykter-om-sexovergrep-i-paradis\" data-track-element-type=\"Link\" data-track-id=\"link:jdpz89\" class=\"_link_o9xde_39\" rel=\"nofollow noopener\" target=\"_blank\">hans private \u00f8y<\/a> i Karibia.<\/p>\n<p class=\"_paragraph_o9xde_4 _paragraph_xtcu6_10 _paragraph_16v91_10 layout-component text-serif-m layout-normal text-sans-m layout-padded\" itemprop=\"text\"><strong class=\"_strong_o9xde_25\">Les mer her: <a href=\"https:\/\/www.vg.no\/nyheter\/i\/8mLVOQ\/dette-er-epstein-saken-ofrene-medhjelperne-skandalene\" data-track-element-type=\"Link\" data-track-id=\"link:8mLVOQ\" class=\"_link_o9xde_39\" rel=\"nofollow noopener\" target=\"_blank\">Ofrene, medhjelperne, skandalene<\/a><\/strong><\/p>\n<p>Hvorfor kommer dokumentene n\u00e5?<\/p>\n<p class=\"_paragraph_o9xde_4 _paragraph_xtcu6_10 _paragraph_16v91_10 layout-component text-serif-m layout-normal text-sans-m layout-padded\" itemprop=\"text\">Rettspapirer og vitneforklaringer frigj\u00f8res gradvis etter rettsavgj\u00f8relser i USA. Materialet stammer fra sivile s\u00f8ksm\u00e5l mot Epstein og Maxwell.<\/p>\n<p>Hvilke kjendiser og maktpersoner kobles til Epstein?<\/p>\n<p class=\"_paragraph_o9xde_4 _paragraph_xtcu6_10 _paragraph_16v91_10 layout-component text-serif-m layout-normal text-sans-m layout-padded\" itemprop=\"text\">Epsteins kontakt med maktpersoner som Bill Clinton, Donald Trump, prins Andrew og Bill Gates har skapt stor oppsikt.<\/p>\n<p class=\"_paragraph_o9xde_4 _paragraph_xtcu6_10 _paragraph_16v91_10 layout-component text-serif-m layout-normal text-sans-m layout-padded\" itemprop=\"text\">Ogs\u00e5 nordmenn har blitt koblet til Epsteins navn. Tidligere statsminister Thorbj\u00f8rn Jagland, toppdiplomat Terje R\u00f8d-Larsen og prinsesse Mette-Marit har alle m\u00f8tt ham. Samtlige tar avstand fra de grove forbrytelsene han ble anklaget for.<\/p>\n<p class=\"_paragraph_o9xde_4 _paragraph_xtcu6_10 layout-component text-serif-m layout-normal layout-padded\"><strong class=\"_strong_o9xde_25\">Les ogs\u00e5:<\/strong> <a href=\"https:\/\/www.vg.no\/i\/8pmB8w\" data-track-element-type=\"Link\" data-track-id=\"link:8pmB8w\" class=\"_link_o9xde_39\" rel=\"nofollow noopener\" target=\"_blank\">P\u00e5 innsiden av Epsteins hjem<\/a><\/p>\n<p class=\"_paragraph_o9xde_4 _paragraph_xtcu6_10 layout-component text-serif-m layout-normal text-serif-m layout-padded\">Og s\u00e5 lille julaften ble flere tusen nye dokumenter og videofiler er offentliggjort fra Epstein-etterforskningen av det amerikanske justisdepartementet.<\/p>\n<p class=\"_paragraph_o9xde_4 _paragraph_xtcu6_10 layout-component text-serif-m layout-normal text-serif-m layout-padded\">I de nye dokumentene kom det blant annet frem en e-post sendt til Ghislaine Maxwell, sexforbryter Jeffrey Epsteins n\u00e6re partner, 16. august 2001.<\/p>\n<p class=\"_paragraph_o9xde_4 _paragraph_xtcu6_10 layout-component text-serif-m layout-normal text-serif-m layout-padded\">Avsenderen bruker aliaset \u00abDen usynlige mannnen\u00bb og e-postadresse abx17@dial.pipex.com.<\/p>\n<p class=\"_paragraph_o9xde_4 _paragraph_xtcu6_10 layout-component text-serif-m layout-normal text-serif-m layout-padded\">Mye tyder p\u00e5 at dette kan v\u00e6re Andrew Mountbatten-Windsor, tidligere prins Andrew, hertug av York. Han har tidligere nektet for \u00e5 ha gjort noe galt i tilknytning Jeffrey Epstein.<\/p>\n<p><img alt=\"Foto: Department of Justice\" class=\"_image_qp4xg_65 layout-component layout-normal\" data-fullscreen- data-track-element-type=\"Article image fullscreen\" data-track-name=\"ImageFullscreen\" decoding=\"async\" loading=\"lazy\" height=\"268\" itemprop=\"image\"  src=\"https:\/\/www.europesays.com\/no\/wp-content\/uploads\/2025\/12\/1766607196_637_fe9663f6-359c-45bb-8fd8-1901dad9485c\"  style=\"object-position:0% 0%\" width=\"541\"\/>Foto: Department of Justice<\/p>\n<p class=\"_paragraph_o9xde_4 _paragraph_xtcu6_10 layout-component text-serif-m layout-normal text-serif-m layout-padded\">E-posten starter slik: \u00abJeg er her oppe p\u00e5\u00a0Balmoral\u00a0summer camp for kongefamilien\u00bb.<strong class=\"_strong_o9xde_25\">Videre sp\u00f8r personen: \u00abHar du funnet noen nye upassende venner til meg?\u00bb. F\u00f8r den avslutter med: \u00abVi sees A xxx\u00bb<\/strong>En lignende e-postadresse \u00abaace@dial.pipex.com\u00bb har i tidligere dokumenter vist seg \u00e5 ligge i Epsteins kontakter under navnet \u00abHertugen av York\u00bb, skriver\u00a0<a href=\"https:\/\/www.bbc.com\/news\/live\/c3e0y1vqj09t\" class=\"_link_o9xde_39\" rel=\"nofollow noopener\" target=\"_blank\">BBC<\/a>.<\/p>\n<p class=\"_paragraph_o9xde_4 _paragraph_xtcu6_10 layout-component text-serif-m layout-normal text-serif-m layout-padded\">Tidligere har det blitt lekket flere bilder som viser samv\u00e6r mellom Epstein og den amrikanske presidenten, Donald Trump og den tidligere presidenten Bill Clinton. <\/p>\n<p class=\"_paragraph_o9xde_4 _paragraph_xtcu6_10 layout-component text-serif-m layout-normal text-serif-m layout-padded\"><strong class=\"_strong_o9xde_25\">Gjennomgangen  VG har gjort av dokumentene indikerer ogs\u00e5 at at Epstein og norske Torbj\u00f8rn Jagland hadde kontakt hvert \u00e5r fra 2013 til 2019, rett f\u00f8r Epstein ble arrestert.<\/strong><\/p>\n<p class=\"_paragraph_o9xde_4 _paragraph_xtcu6_10 layout-component text-serif-m layout-normal text-serif-m layout-padded\">Dokumentasjonen viser ogs\u00e5 at Epstein planla for at Jagland skulle bo hos ham i Paris.<\/p>\n<p class=\"_paragraph_o9xde_4 _paragraph_xtcu6_10 layout-component text-serif-m layout-normal text-serif-m layout-padded\">VG har imidlertid ikke sett dokumentasjon p\u00e5 om de planlagte m\u00f8tene faktisk ble gjennomf\u00f8rt. <\/p>\n<p class=\"_paragraph_o9xde_4 _paragraph_xtcu6_10 layout-component text-serif-m layout-normal layout-padded\"><strong class=\"_strong_o9xde_25\">Les ogs\u00e5:<\/strong> <a href=\"https:\/\/www.vg.no\/i\/0pjx76\" data-track-element-type=\"Link\" data-track-id=\"link:0pjx76\" class=\"_link_o9xde_39\" rel=\"nofollow noopener\" target=\"_blank\">Epsteins timeplan<\/a><\/p>\n<p>    <img decoding=\"async\" alt=\"Tips oss illustrasjon\" src=\"https:\/\/www.europesays.com\/no\/wp-content\/uploads\/2025\/10\/pssst-small.webp.webp\"\/>    <\/p>\n<p class=\"title-serif-s\">Har du tips?<\/p>\n<p class=\"text-sans-m\">Send oss informasjon, bilder eller video.<\/p>\n<p>  <a href=\"https:\/\/www.vg.no\/tips-oss\" rel=\"nofollow noopener\" target=\"_blank\"> Tips oss <\/a>      <\/p>\n","protected":false},"excerpt":{"rendered":"Prosessen kan ta flere uker p\u00e5 grunn av det enorme volumet. Fra dokumentdroppet 19. desember 2025. Bildene er&hellip;\n","protected":false},"author":2,"featured_media":121254,"comment_status":"","ping_status":"","sticky":false,"template":"","format":"standard","meta":{"footnotes":""},"categories":[12],"tags":[31,20,21,24,25,15,22,23,13,30,28,29,14,16,26,27,42,43,44,45],"class_list":{"0":"post-121253","1":"post","2":"type-post","3":"status-publish","4":"format-standard","5":"has-post-thumbnail","7":"category-verden","8":"tag-breaking","9":"tag-breaking-news","10":"tag-breakingnews","11":"tag-featured-news","12":"tag-featurednews","13":"tag-headlines","14":"tag-latest-news","15":"tag-latestnews","16":"tag-news","17":"tag-no","18":"tag-norge","19":"tag-norway","20":"tag-nyheter","21":"tag-overskrifter","22":"tag-top-stories","23":"tag-topstories","24":"tag-verden","25":"tag-world","26":"tag-world-news","27":"tag-worldnews"},"share_on_mastodon":{"url":"https:\/\/pubeurope.com\/@no\/115776377450043474","error":""},"_links":{"self":[{"href":"https:\/\/www.europesays.com\/no\/wp-json\/wp\/v2\/posts\/121253","targetHints":{"allow":["GET"]}}],"collection":[{"href":"https:\/\/www.europesays.com\/no\/wp-json\/wp\/v2\/posts"}],"about":[{"href":"https:\/\/www.europesays.com\/no\/wp-json\/wp\/v2\/types\/post"}],"author":[{"embeddable":true,"href":"https:\/\/www.europesays.com\/no\/wp-json\/wp\/v2\/users\/2"}],"replies":[{"embeddable":true,"href":"https:\/\/www.europesays.com\/no\/wp-json\/wp\/v2\/comments?post=121253"}],"version-history":[{"count":0,"href":"https:\/\/www.europesays.com\/no\/wp-json\/wp\/v2\/posts\/121253\/revisions"}],"wp:featuredmedia":[{"embeddable":true,"href":"https:\/\/www.europesays.com\/no\/wp-json\/wp\/v2\/media\/121254"}],"wp:attachment":[{"href":"https:\/\/www.europesays.com\/no\/wp-json\/wp\/v2\/media?parent=121253"}],"wp:term":[{"taxonomy":"category","embeddable":true,"href":"https:\/\/www.europesays.com\/no\/wp-json\/wp\/v2\/categories?post=121253"},{"taxonomy":"post_tag","embeddable":true,"href":"https:\/\/www.europesays.com\/no\/wp-json\/wp\/v2\/tags?post=121253"}],"curies":[{"name":"wp","href":"https:\/\/api.w.org\/{rel}","templated":true}]}}