{"id":121255,"date":"2025-12-24T20:14:56","date_gmt":"2025-12-24T20:14:56","guid":{"rendered":"https:\/\/www.europesays.com\/no\/121255\/"},"modified":"2025-12-24T20:14:56","modified_gmt":"2025-12-24T20:14:56","slug":"julenissen-flightradar-na-er-han-pa-vei-her-kan-du-folge-julenissens-ferd","status":"publish","type":"post","link":"https:\/\/www.europesays.com\/no\/121255\/","title":{"rendered":"Julenissen, Flightradar | N\u00e5 er han p\u00e5 vei \u2013\u00a0her kan du f\u00f8lge julenissens ferd"},"content":{"rendered":"\n<p>Flere tusen f\u00f8lger i kveld med p\u00e5 \u00e9n og samme flygning. Det er ikke et vanlig rutefly som vekker oppmerksomhet, men selve julenissens slede.<\/p>\n<p>P\u00e5 flysporingstjenesten <a href=\"https:\/\/www.flightradar24.com\/R3DN053\/3d9fb50a\" rel=\"Follow nofollow noopener\" target=\"_blank\">Flightradar24<\/a> dukker fart\u00f8yet opp med kallesignalet R3DN053, som kan leses som \u00abrednose\u00bb, og registreringen HOHOHO. If\u00f8lge radaren holder sleden 18,288 h\u00f8ydemeter, og en fart p\u00e5 533 km\/t i det den fortsetter ferden.<\/p>\n<p>Som vanlig er b\u00e5de avgang og ankomst satt til Nordpolen, etter en runde som tar sleden innom store deler av kloden.<\/p>\n<p>Rudolph leder an i front, fulgt av Dasher, Dancer, Prancer, Vixen, Comet, Cupid, Donner og Blitzen.<\/p>\n<p>   <img decoding=\"async\" width=\"640\" height=\"360\" fetchpriority=\"low\"  loading=\"lazy\"  src=\"https:\/\/www.europesays.com\/no\/wp-content\/uploads\/2025\/12\/santa_tn_640.jpeg\" alt=\"\" class=\"brick-c-cFOWSL\" style=\"--brick-image-ratio: 640 \/ 360;\"\/><\/p>\n<p>      Nissen og reinsdyrene p\u00e5 \u00e5rets travleste runde. Skjermbilde: Flightradar24<\/p>\n<p>Tirsdag klokken 16.00 er der 19,766 som f\u00f8lger med p\u00e5 flygningen. <\/p>\n<p>Litt t\u00e5ke p\u00e5 nissens vei<\/p>\n<p>Tidligere p\u00e5 lillejulaften tok Smaalenenes Avis en telefon til vakthavende meteorolog Hanne Beate Skatt\u00f8r ved Meteorologisk institutt for \u00e5 h\u00f8re hvilket flygev\u00e6r som ventet julenissen over Indre \u00d8stfold.<\/p>\n<p>Da pekte hun p\u00e5 at det var gode forhold mange steder, men at \u00d8stfold-regionen kunne f\u00e5 et lite v\u00e6rfenomen \u00e5 bryne seg p\u00e5.<\/p>\n<p>\u2013 Over \u00d8stfold kan det danne seg t\u00e5ke i l\u00f8pet av kvelden og natta, og det kan bli frysende t\u00e5ke. Det er ikke det enkleste flyv\u00e6ret, sier Skatt\u00f8r.<\/p>\n<p>Frysende t\u00e5ke kan nemlig f\u00f8re til ising, noe som stiller ekstra krav til dem som ferdes i lufta. Meteorologen er likevel trygg p\u00e5 at kveldens mest omtalte flygning er godt rustet.<\/p>\n<p>\u2013 Man m\u00e5 ha avvisningsutstyr tilgjengelig, men julenissen er god p\u00e5 \u00e5 fly. Jeg regner med at b\u00e5de han og reinsdyrene har det som trengs og kommer trygt videre, selv om t\u00e5ka skulle legge seg. Det viktigste er at han holder godt p\u00e5 nisselua og er kledd for kulda, sier Skatt\u00f8r.<\/p>\n<p>Samtidig understreker hun at det ogs\u00e5 ligger an til fine forhold dersom t\u00e5ka uteblir.<\/p>\n<p>\u2013 For dem som f\u00f8lger med fra bakken, kan det v\u00e6re verdt \u00e5 ta en tur ut og se opp dersom t\u00e5ka holder seg unna. Da ligger det an til \u00e5 bli stjerneklart, og kanskje ogs\u00e5 et glimt av nissen, sier Skatt\u00f8r.<\/p>\n","protected":false},"excerpt":{"rendered":"Flere tusen f\u00f8lger i kveld med p\u00e5 \u00e9n og samme flygning. Det er ikke et vanlig rutefly som&hellip;\n","protected":false},"author":2,"featured_media":121256,"comment_status":"","ping_status":"","sticky":false,"template":"","format":"standard","meta":{"footnotes":""},"categories":[10],"tags":[36,20,21,24,25,14417,15,4625,5593,14373,22,23,13,30,28,29,14,16,656,1510,26,27],"class_list":{"0":"post-121255","1":"post","2":"type-post","3":"status-publish","4":"format-standard","5":"has-post-thumbnail","7":"category-norge","8":"tag-art","9":"tag-breaking-news","10":"tag-breakingnews","11":"tag-featured-news","12":"tag-featurednews","13":"tag-flightradar","14":"tag-headlines","15":"tag-indre-ostfold","16":"tag-jul","17":"tag-julenissen","18":"tag-latest-news","19":"tag-latestnews","20":"tag-news","21":"tag-no","22":"tag-norge","23":"tag-norway","24":"tag-nyheter","25":"tag-overskrifter","26":"tag-ostfold","27":"tag-story","28":"tag-top-stories","29":"tag-topstories"},"share_on_mastodon":{"url":"https:\/\/pubeurope.com\/@no\/115776384339653864","error":""},"_links":{"self":[{"href":"https:\/\/www.europesays.com\/no\/wp-json\/wp\/v2\/posts\/121255","targetHints":{"allow":["GET"]}}],"collection":[{"href":"https:\/\/www.europesays.com\/no\/wp-json\/wp\/v2\/posts"}],"about":[{"href":"https:\/\/www.europesays.com\/no\/wp-json\/wp\/v2\/types\/post"}],"author":[{"embeddable":true,"href":"https:\/\/www.europesays.com\/no\/wp-json\/wp\/v2\/users\/2"}],"replies":[{"embeddable":true,"href":"https:\/\/www.europesays.com\/no\/wp-json\/wp\/v2\/comments?post=121255"}],"version-history":[{"count":0,"href":"https:\/\/www.europesays.com\/no\/wp-json\/wp\/v2\/posts\/121255\/revisions"}],"wp:featuredmedia":[{"embeddable":true,"href":"https:\/\/www.europesays.com\/no\/wp-json\/wp\/v2\/media\/121256"}],"wp:attachment":[{"href":"https:\/\/www.europesays.com\/no\/wp-json\/wp\/v2\/media?parent=121255"}],"wp:term":[{"taxonomy":"category","embeddable":true,"href":"https:\/\/www.europesays.com\/no\/wp-json\/wp\/v2\/categories?post=121255"},{"taxonomy":"post_tag","embeddable":true,"href":"https:\/\/www.europesays.com\/no\/wp-json\/wp\/v2\/tags?post=121255"}],"curies":[{"name":"wp","href":"https:\/\/api.w.org\/{rel}","templated":true}]}}