{"id":121259,"date":"2025-12-24T20:27:09","date_gmt":"2025-12-24T20:27:09","guid":{"rendered":"https:\/\/www.europesays.com\/no\/121259\/"},"modified":"2025-12-24T20:27:09","modified_gmt":"2025-12-24T20:27:09","slug":"julesjokk-for-skistjerna","status":"publish","type":"post","link":"https:\/\/www.europesays.com\/no\/121259\/","title":{"rendered":"Julesjokk for skistjerna"},"content":{"rendered":"<p>  Kunne ikke tro sine egne \u00f8yne da hun oppdaget endringen i sjokoladeeska.\u00a0<\/p>\n<p>\n    SKUFFET: Den svenske skistjerna fikk hakeslepp da hun \u00e5pnet konfekteska. Foto: Instagram\n  <\/p>\n<p>P\u00e5 julaften fikk den svenske skistjernen Stina Nilsson seg en kjedelig overraskelse, skriver <a href=\"https:\/\/www.expressen.se\/sport\/langdskidor\/stina-nilssons-julchock-nar-hon-ser-innehallet\/\" rel=\"nofollow noopener\" target=\"_blank\">Expressen<\/a>.\u00a0<\/p>\n<p>P\u00e5 <a href=\"https:\/\/www.instagram.com\/stinanilssoons\/\" rel=\"nofollow noopener\" target=\"_blank\">Instagram<\/a> har hun delt et bilde fra da hun oppdaget at esken med Paradis-konflikt hadde blitt endret.\u00a0<\/p>\n<p>        NY TAPPEKRAN: Flere har slitt med tappekrana p\u00e5 pappvinen i sommer. Vi har f\u00e5tt en oppklaring p\u00e5 hvordan den skal brukes. Video: Embla Hjort-Larsen. <\/p>\n<p>Noe manglet\t<\/p>\n<p>&#8211; Sjokkert over \u00e5 oppdage at Paradis-esken inneholder fire f\u00e6rre biter i \u00e5r, skrev hun p\u00e5 bildet du ser over.\u00a0<\/p>\n<p>Der de fire ekstra bitene skulle ligge, er det n\u00e5 bare luft.\u00a0<\/p>\n<p class=\"font-weight-bold m-font-weight-bold\" data-lab-font_weight=\"font-weight-bold\">&#8211; Sjokket har enn\u00e5 ikke lagt seg, skrev hun videre.<\/p>\n<p>Det var i h\u00f8st at produsenten Marabou endret p\u00e5 de klassiske svenske konfekteskene Aladdin og Paradis. Det er lagt til et par nye smaker, samtidig som at eskene n\u00e5 har g\u00e5tt ned fra 500 til 410 gram.\u00a0<\/p>\n<p>&#8211; Vi ser at kakaoprisene er volatile og beveger seg opp og innimellom ned, men at de fortsatt ligger p\u00e5 historisk h\u00f8ye niv\u00e5er, sa Julia Lindberg, administrerende direkt\u00f8r for Mondelez i Sverige i h\u00f8st.<\/p>\n<p>        <img loading=\"lazy\" decoding=\"async\" src=\"https:\/\/www.europesays.com\/no\/wp-content\/uploads\/2025\/12\/84026244.webp\" width=\"980\" height=\"559\" title=\"SJOKOGLAD: Stina Nilsson er god p\u00e5 ski og glad i konfekt. Bildet er fra da hun vant Vasaloppet i mars i \u00e5r. Foto: AP\" alt=\"\" class=\"\" style=\"--aspect-ratio-image: 1.75; \"\/><\/p>\n<p>\n        SJOKOGLAD: Stina Nilsson er god p\u00e5 ski og glad i konfekt. Bildet er fra da hun vant Vasaloppet i mars i \u00e5r. Foto: AP\n    <\/p>\n<p>N\u00e6r dobbel pris\t<\/p>\n<p>Kakaoprisene har v\u00e6rt en het potet ogs\u00e5 i Norge det siste \u00e5ret. If\u00f8lge kommunikasjonssjef, \u00d8yvind Olufsen i Mondelez Norge og Danmark, er kakaoprisene nesten dobbelt s\u00e5 h\u00f8ye som normalt, men lavere for ett \u00e5r siden.\u00a0 \u00a0<\/p>\n<p> Han <a href=\"https:\/\/dinside.dagbladet.no\/fritid\/snart-snur-det\/83986720\" rel=\"nofollow noopener\" target=\"_blank\">forklarte tidligere denne m\u00e5neden<\/a> at lavere r\u00e5varepriser f\u00f8rst vil sl\u00e5 ut p\u00e5 produksjonskostnadene over tid. <\/p>\n<p> &#8211; Vi kj\u00f8per kakao gjennom langsiktige kontrakter, og det tar tid f\u00f8r lavere priser f\u00e5r effekt. <\/p>\n<p><script async src=\"\/\/www.instagram.com\/embed.js\"><\/script><\/p>\n","protected":false},"excerpt":{"rendered":"Kunne ikke tro sine egne \u00f8yne da hun oppdaget endringen i sjokoladeeska.\u00a0 SKUFFET: Den svenske skistjerna fikk hakeslepp&hellip;\n","protected":false},"author":2,"featured_media":121260,"comment_status":"","ping_status":"","sticky":false,"template":"","format":"standard","meta":{"footnotes":""},"categories":[59],"tags":[30,28,29,83,82],"class_list":{"0":"post-121259","1":"post","2":"type-post","3":"status-publish","4":"format-standard","5":"has-post-thumbnail","7":"category-sport","8":"tag-no","9":"tag-norge","10":"tag-norway","11":"tag-sport","12":"tag-sports"},"share_on_mastodon":{"url":"https:\/\/pubeurope.com\/@no\/115776431444388561","error":""},"_links":{"self":[{"href":"https:\/\/www.europesays.com\/no\/wp-json\/wp\/v2\/posts\/121259","targetHints":{"allow":["GET"]}}],"collection":[{"href":"https:\/\/www.europesays.com\/no\/wp-json\/wp\/v2\/posts"}],"about":[{"href":"https:\/\/www.europesays.com\/no\/wp-json\/wp\/v2\/types\/post"}],"author":[{"embeddable":true,"href":"https:\/\/www.europesays.com\/no\/wp-json\/wp\/v2\/users\/2"}],"replies":[{"embeddable":true,"href":"https:\/\/www.europesays.com\/no\/wp-json\/wp\/v2\/comments?post=121259"}],"version-history":[{"count":0,"href":"https:\/\/www.europesays.com\/no\/wp-json\/wp\/v2\/posts\/121259\/revisions"}],"wp:featuredmedia":[{"embeddable":true,"href":"https:\/\/www.europesays.com\/no\/wp-json\/wp\/v2\/media\/121260"}],"wp:attachment":[{"href":"https:\/\/www.europesays.com\/no\/wp-json\/wp\/v2\/media?parent=121259"}],"wp:term":[{"taxonomy":"category","embeddable":true,"href":"https:\/\/www.europesays.com\/no\/wp-json\/wp\/v2\/categories?post=121259"},{"taxonomy":"post_tag","embeddable":true,"href":"https:\/\/www.europesays.com\/no\/wp-json\/wp\/v2\/tags?post=121259"}],"curies":[{"name":"wp","href":"https:\/\/api.w.org\/{rel}","templated":true}]}}