{"id":121263,"date":"2025-12-24T20:38:14","date_gmt":"2025-12-24T20:38:14","guid":{"rendered":"https:\/\/www.europesays.com\/no\/121263\/"},"modified":"2025-12-24T20:38:14","modified_gmt":"2025-12-24T20:38:14","slug":"nyheter-julaften-pa-verket-scene","status":"publish","type":"post","link":"https:\/\/www.europesays.com\/no\/121263\/","title":{"rendered":"Nyheter, Julaften p\u00e5 Verket Scene"},"content":{"rendered":"\n<p>Eira Norenberg (16) er for f\u00f8rste gang frivillig hjelper under julefeiringen og har satt seg til bords sammen med Ruth Kleiven som feirer jul p\u00e5 Verket for tredje gang.<\/p>\n<p><b>\u2013 Jeg ville gj\u00f8re noe fint for andre, og synes det er fint \u00e5 kunne bidra p\u00e5 en dag som denne, sier Eira. <\/b><\/p>\n<p>\u2013 Jeg tar av meg hatten for gjengen som holder dette i gang, jeg er takknemlig over \u00e5 f\u00e5 komme hit p\u00e5 julaften, sier Ruth.<\/p>\n<p>Lokalet ble fylt opp bare f\u00e5 minutter etter at d\u00f8rene \u00e5pnet. 150 gjester var skrevet opp p\u00e5 gjestelisten, men arrang\u00f8rene \u00f8nsker \u00e5 ha plass til alle som \u00f8nsker \u00e5 komme innom for en matbit og sosialt samv\u00e6r.<\/p>\n<p><b>\u2013 Vi sier ikke nei til noen som \u00f8nsker \u00e5 komme hit p\u00e5 julaften, sier p\u00e5driver fra Astrid Gangestad. <\/b><\/p>\n<p>   <img decoding=\"async\" width=\"6000\" height=\"4000\" fetchpriority=\"low\"  loading=\"lazy\"  src=\"https:\/\/www.europesays.com\/no\/wp-content\/uploads\/2025\/12\/IMG_0674.JPG\" alt=\"\" class=\"brick-c-cFOWSL\" style=\"--brick-image-ratio: 6000 \/ 4000;\"\/><\/p>\n<p>      Eva Kristin Talberg, Torill S\u00f8renssen, Ole Christian Lien og Astrid Gangestad er alle frivillige under julefeiringen p\u00e5 Verket.<br \/>\n      Foto: Madeleine Kristiansen\n    <\/p>\n<p>   <img decoding=\"async\" width=\"6000\" height=\"4000\" fetchpriority=\"low\"  loading=\"lazy\"  src=\"https:\/\/www.europesays.com\/no\/wp-content\/uploads\/2025\/12\/IMG_0675.JPG\" alt=\"\" class=\"brick-c-cFOWSL\" style=\"--brick-image-ratio: 6000 \/ 4000;\"\/><\/p>\n<p>      Anne Vroldstad og Torill S\u00f8renssen er begge frivillige under julefeiringen p\u00e5 Verket.<br \/>\n      Foto: Madeleine Kristiansen\n    <\/p>\n<p>  Nye venner<\/p>\n<p>Bibbi Lassen feirer jul p\u00e5 Verket for andre gang, og f\u00e5r stadig nye venner gjennom arrangementet.<\/p>\n<p>\u2013 Etter \u00e5 ha v\u00e6rt her i fjor bestemte jeg meg for at hit skal jeg begynne \u00e5 komme, sier Bibbi som ikke legger skjul p\u00e5 at julen kan v\u00e6re en t\u00f8ff tid n\u00e5r en ikke har familie i n\u00e6rheten.<\/p>\n<p>P\u00e5 menyen for kvelden st\u00e5r det flere ulike juleretter, men Bibbi har valgt \u00e5 g\u00e5 for den tradisjonelle juletallerken med ribbe, medisterkaker, surk\u00e5l og poteter.<\/p>\n<p>\u2013 Maten er helt fantastisk, sier Bibbi.<\/p>\n<p>Ihor som ogs\u00e5 sitter ved samme bord nikker seg enig med et stort smil.<\/p>\n<p><b>\u2013 Vi <\/b><b>kjente ikke hverandre fra f\u00f8r, men praten g\u00e5r lett og det er g\u00f8y \u00e5 bli kjent med nye folk, sier Bibbi. <\/b><\/p>\n<p>   <img decoding=\"async\" width=\"5619\" height=\"3984\" fetchpriority=\"low\"  loading=\"lazy\"  src=\"https:\/\/www.europesays.com\/no\/wp-content\/uploads\/2025\/12\/IMG_0679.JPG\" alt=\"\" class=\"brick-c-cFOWSL\" style=\"--brick-image-ratio: 5619 \/ 3984;\"\/><\/p>\n<p>      Ihor og Bibbi Lassen kjente ikke hverandre fra f\u00f8r, men praten g\u00e5r lett og nye vennskap dannes rundt bordet.<br \/>\n      Foto: Madeleine Kristiansen\n    <\/p>\n<p>Olena Nedielieva har samlet en gjeng fra Ukraina som ogs\u00e5 har gjort det til en ny juletradisjon \u00e5 feire jul p\u00e5 Verket.<\/p>\n<p>   <img decoding=\"async\" width=\"6000\" height=\"4000\" fetchpriority=\"low\"  loading=\"lazy\"  src=\"https:\/\/www.europesays.com\/no\/wp-content\/uploads\/2025\/12\/IMG_0669.JPG\" alt=\"\" class=\"brick-c-cFOWSL\" style=\"--brick-image-ratio: 6000 \/ 4000;\"\/><\/p>\n<p>      Galina Dmitzyk, Larisa Tliunidieva, Valentina Mikhalina, Olena Nedielieva og Victoriia Ignotenko fra Ukraina har feiret jul p\u00e5 Verket de siste \u00e5rene.<br \/>\n      Foto: Madeleine Kristiansen\n    <\/p>\n<p>  \u00d8nsker \u00e5 gi <\/p>\n<p>Jon \u00c5ge Meller smiler fra \u00f8ret til \u00f8ret. Han er kveldens &laquo;altmuligmann&raquo; som har selv kaller seg.<\/p>\n<p>   <img decoding=\"async\" width=\"6000\" height=\"4000\" fetchpriority=\"low\"  loading=\"lazy\"  src=\"https:\/\/www.europesays.com\/no\/wp-content\/uploads\/2025\/12\/IMG_0667.JPG\" alt=\"\" class=\"brick-c-cFOWSL\" style=\"--brick-image-ratio: 6000 \/ 4000;\"\/><\/p>\n<p>      Jon \u00c5ge Meller smiler fra \u00f8ret til \u00f8ret.<br \/>\n      Foto: Madeleine Kristiansen\n    <\/p>\n<p>\u2013 Jeg hjelper til der det trengs, med blant annet kj\u00f8ring frem og tilbake for de som beh\u00f8ver, sier han.<\/p>\n<p>Jacqueline Lorentzen og Jules Pad\u00f8y \u00f8nsket ogs\u00e5 \u00e5 gj\u00f8re noe til glede for \u00e5 andre og meldte seg som frivillige under \u00e5rets julefeiring.<\/p>\n<p>\u2013 Det er meningsfullt \u00e5 bidra, sier Jules.<\/p>\n<p>   <img decoding=\"async\" width=\"6000\" height=\"4000\" fetchpriority=\"low\"  loading=\"lazy\"  src=\"https:\/\/www.europesays.com\/no\/wp-content\/uploads\/2025\/12\/IMG_0676.JPG\" alt=\"\" class=\"brick-c-cFOWSL\" style=\"--brick-image-ratio: 6000 \/ 4000;\"\/><\/p>\n<p>      Jacqueline Lorentzen og Jules Pad\u00f8y er frivillige for f\u00f8rste gang.<br \/>\n      Foto: Madeleine Kristiansen\n    <\/p>\n<p>  Takknemlighet<\/p>\n<p>De tre frivillige Anne Martinsen, Magdalena Czajkowski og Tom Mathisen merker hvor takknemlige gjestene er og hvor mye det betyr for mange \u00e5 kunne komme til Verket Scene p\u00e5 julaften.<\/p>\n<p>\u2013 Det er fint \u00e5 kunne gi n\u00e5r folk er s\u00e5 glade og takknemlige, sier Tom Mathisen.<\/p>\n<p>\u2013 Det er mange som har det vanskelig i julen og da er det fint \u00e5 kunne m\u00f8tes her, sier Anne Martinsen.<\/p>\n<p>   <img decoding=\"async\" width=\"6000\" height=\"4000\" fetchpriority=\"low\"  loading=\"lazy\"  src=\"https:\/\/www.europesays.com\/no\/wp-content\/uploads\/2025\/12\/IMG_0671.JPG\" alt=\"\" class=\"brick-c-cFOWSL\" style=\"--brick-image-ratio: 6000 \/ 4000;\"\/><\/p>\n<p>      Anne Martinsen, Magdalena Czajkowski og Tom Mathisen s\u00f8rger for at alle har det bra under feiringen.<br \/>\n      Foto: Madeleine Kristiansen\n    <\/p>\n","protected":false},"excerpt":{"rendered":"Eira Norenberg (16) er for f\u00f8rste gang frivillig hjelper under julefeiringen og har satt seg til bords sammen&hellip;\n","protected":false},"author":2,"featured_media":121264,"comment_status":"","ping_status":"","sticky":false,"template":"","format":"standard","meta":{"footnotes":""},"categories":[12],"tags":[36,20,21,24,25,15,14418,22,23,116,13,30,28,29,14,16,1510,26,27,42,43,44,45],"class_list":{"0":"post-121263","1":"post","2":"type-post","3":"status-publish","4":"format-standard","5":"has-post-thumbnail","7":"category-verden","8":"tag-art","9":"tag-breaking-news","10":"tag-breakingnews","11":"tag-featured-news","12":"tag-featurednews","13":"tag-headlines","14":"tag-julaften-pa-verket-scene","15":"tag-latest-news","16":"tag-latestnews","17":"tag-moss","18":"tag-news","19":"tag-no","20":"tag-norge","21":"tag-norway","22":"tag-nyheter","23":"tag-overskrifter","24":"tag-story","25":"tag-top-stories","26":"tag-topstories","27":"tag-verden","28":"tag-world","29":"tag-world-news","30":"tag-worldnews"},"share_on_mastodon":{"url":"https:\/\/pubeurope.com\/@no\/115776475352811539","error":""},"_links":{"self":[{"href":"https:\/\/www.europesays.com\/no\/wp-json\/wp\/v2\/posts\/121263","targetHints":{"allow":["GET"]}}],"collection":[{"href":"https:\/\/www.europesays.com\/no\/wp-json\/wp\/v2\/posts"}],"about":[{"href":"https:\/\/www.europesays.com\/no\/wp-json\/wp\/v2\/types\/post"}],"author":[{"embeddable":true,"href":"https:\/\/www.europesays.com\/no\/wp-json\/wp\/v2\/users\/2"}],"replies":[{"embeddable":true,"href":"https:\/\/www.europesays.com\/no\/wp-json\/wp\/v2\/comments?post=121263"}],"version-history":[{"count":0,"href":"https:\/\/www.europesays.com\/no\/wp-json\/wp\/v2\/posts\/121263\/revisions"}],"wp:featuredmedia":[{"embeddable":true,"href":"https:\/\/www.europesays.com\/no\/wp-json\/wp\/v2\/media\/121264"}],"wp:attachment":[{"href":"https:\/\/www.europesays.com\/no\/wp-json\/wp\/v2\/media?parent=121263"}],"wp:term":[{"taxonomy":"category","embeddable":true,"href":"https:\/\/www.europesays.com\/no\/wp-json\/wp\/v2\/categories?post=121263"},{"taxonomy":"post_tag","embeddable":true,"href":"https:\/\/www.europesays.com\/no\/wp-json\/wp\/v2\/tags?post=121263"}],"curies":[{"name":"wp","href":"https:\/\/api.w.org\/{rel}","templated":true}]}}