{"id":121265,"date":"2025-12-24T20:39:18","date_gmt":"2025-12-24T20:39:18","guid":{"rendered":"https:\/\/www.europesays.com\/no\/121265\/"},"modified":"2025-12-24T20:39:18","modified_gmt":"2025-12-24T20:39:18","slug":"froya-skjold-sjursaether-vil-gjore-juleribba-dyrere-for-miljoets-skyld","status":"publish","type":"post","link":"https:\/\/www.europesays.com\/no\/121265\/","title":{"rendered":"Fr\u00f8ya Skjold Sjurs\u00e6ther vil gj\u00f8re juleribba dyrere for milj\u00f8ets skyld"},"content":{"rendered":"<p>STORTINGET (Dagbladet): Dagbladet m\u00f8ter Stortingets yngste representant i den hektiske innspurten av det politiske \u00e5ret. Snart g\u00e5r turen hjem til Bergen og julefeiring for Fr\u00f8ya Skjold Sjurs\u00e6ther (19).\u00a0<\/p>\n<p> &#8211; Jeg liker jul, men det er ogs\u00e5 litt stress. Jeg har en veldig<br \/>\nmoderne familie. Mange eksmenn, ekskoner, halvs\u00f8sken ogs\u00e5 videre, forteller hun til Dagbladet.<\/p>\n<p>Sjurs\u00e6ther ble for alvor kjent for mange gjennom den mye omtalte debatten med leder i Generasjonspartiet Gyda Oddekalv p\u00e5 Dagsnytt atten.<\/p>\n<p>    <a itemprop=\"url\" href=\"https:\/\/dinside.dagbladet.no\/fritid\/en-vill-opplevelse\/83997585\" rel=\"nofollow noopener\" target=\"_blank\"><\/p>\n<p>        <img loading=\"lazy\" decoding=\"async\" src=\"https:\/\/www.europesays.com\/no\/wp-content\/uploads\/2025\/12\/1766608751_703_84002717.webp\" width=\"980\" height=\"441\" title=\"- En vill opplevelse\" alt=\"\" class=\"lazyload\" style=\"--aspect-ratio-image: 2.22; \"\/><\/p>\n<p>        &#8211; En vill opplevelse<\/p>\n<p>    <\/a><\/p>\n<p>&#8211; Aldri snakket sammen\t<\/p>\n<p>Debatten ble sv\u00e6rt opphetet, og Oddekalv avbr\u00f8t s\u00e5 mange ganger at programlederen ba henne om \u00e5 g\u00e5.<\/p>\n<p class=\"italic m-italic\" data-lab-italic=\"italic\">&#8211; Har dere skv\u00e6ret opp etter debatten?<\/p>\n<p>&#8211; Jeg har aldri snakket med henne, verken f\u00f8r eller etterp\u00e5. <\/p>\n<p>        KASTET UT: En intens debatt mellom Gyda Oddekalv i Generasjonspartiet og Fr\u00f8ya Skjold Sjurs\u00e6ther i MDG ender med at programleder Sigrid Sollund m\u00e5 gripe inn og be Oddekalv forlate studio. Video: NRK<\/p>\n<p>Etter det ble hun valgt inn p\u00e5 Stortinget, som tidenes yngste. Hun forteller at det har v\u00e6rt mye \u00e5 sette seg inn i de f\u00f8rste m\u00e5nedene i nasjonalforsamlingen.<\/p>\n<p>&#8211; Det har v\u00e6rt en veldig bratt l\u00e6ringskurve, det tror jeg det er for alle nye representanter uansett alder, men kanskje litt ekstra for meg som 19-\u00e5ring. Men<br \/>\ndet har g\u00e5tt overraskende fort \u00e5 komme inn i ting. <\/p>\n<p class=\"italic m-italic\" data-lab-italic=\"italic\">&#8211; Hva har overrasket deg mest?<\/p>\n<p>&#8211; Jeg har blitt litt overrasket over hvor god stemning det er p\u00e5 tvers av partiene. S\u00e5 har det overrasket meg hvor strengt det er med bordplassering i kantinen og kleskode og s\u00e5nn.\u00a0<\/p>\n<p> &#8211; Har du g\u00e5tt p\u00e5 noen smeller p\u00e5 kleskode? <\/p>\n<p>&#8211; Hehe, jeg har nok g\u00e5tt med noen centimeter for korte skj\u00f8rt. Men det ser jeg erfarne politikere ogs\u00e5 gj\u00f8r i ny og ne, s\u00e5 da kan jeg ogs\u00e5 tillate meg det iblant tenker jeg.<\/p>\n<p>    <a itemprop=\"url\" href=\"https:\/\/borsen.dagbladet.no\/nyheter\/de-bor-ga-i-seg-selv\/83998748\" rel=\"nofollow noopener\" target=\"_blank\"><\/p>\n<p>        <img loading=\"lazy\" decoding=\"async\" src=\"https:\/\/www.europesays.com\/no\/wp-content\/uploads\/2025\/12\/83998760.webp\" width=\"980\" height=\"441\" title=\"- De b\u00f8r g\u00e5 i seg selv\" alt=\"\" class=\"lazyload\" style=\"--aspect-ratio-image: 2.22; \"\/><\/p>\n<p>        &#8211; De b\u00f8r g\u00e5 i seg selv<\/p>\n<p>    <\/a><\/p>\n<p>\u00abJazzer\u00bb p\u00e5 gruppechat\t<\/p>\n<p>Sjurs\u00e6ther skryter av et stort samhold blant de yngste representantene, p\u00e5 tvers av partigrensene.\u00a0<\/p>\n<p> &#8211; Noen av de andre som er nyinnvalgte p\u00e5 Stortinget er de jeg henger mest med, sier hun og trekker frem Aps Julie Eikeland.<\/p>\n<p>        <img loading=\"lazy\" decoding=\"async\" src=\"https:\/\/www.europesays.com\/no\/wp-content\/uploads\/2025\/12\/84019485.webp\" width=\"980\" height=\"559\" title=\"HJEM TIL JUL: Fr\u00f8ya Skjold Sjurs\u00e6ther tar juleinnspurten som fersk stortingspolitiker, men reiser hjem til Bergen for julefeiring. Foto: J\u00f8rn H. Moen\/ Dagbladet\" alt=\"\" class=\"\" style=\"--aspect-ratio-image: 1.75; \"\/><\/p>\n<p>\n        HJEM TIL JUL: Fr\u00f8ya Skjold Sjurs\u00e6ther tar juleinnspurten som fersk stortingspolitiker, men reiser hjem til Bergen for julefeiring. Foto: J\u00f8rn H. Moen\/ Dagbladet\n    <\/p>\n<p>MDG-politikeren har selv opprettet en gruppechat p\u00e5 Messenger med flere av de nyinnvalgte, med Frps Simen Velle og Hashim Abdi fra Ap blant de inviterte.<\/p>\n<p>&#8211; Vi<br \/>\njobber jo med mye av de samme tingene, s\u00e5 det hender jo at vi jazzer litt om<br \/>\nhva som foreg\u00e5r her p\u00e5 huset, forteller Sjurs\u00e6ther.<\/p>\n<p class=\"italic m-italic\" data-lab-italic=\"italic\">&#8211; Hva har provosert deg mest?<\/p>\n<p class=\"no_italic m-no_italic\" data-lab-italic=\"\">&#8211; Det er provoserende hvor sakte det g\u00e5r og hvor utrolig god tid en del av de andre partiene har n\u00e5r man st\u00e5r overfor problemer som krever handling i raskere tempo. For eksempel klimakrisen.<\/p>\n<p class=\"italic m-italic\" data-lab-italic=\"italic\">&#8211; Hva er din kampsak framover?<\/p>\n<p class=\"no_italic m-no_italic\" data-lab-italic=\"\">&#8211; Jeg mener det som er symbolet p\u00e5 om vi tar klimakrisen p\u00e5 alvor er oljepolitikken. \u00c5rsaken til klimakrisen er og forblir bruken av fossil energi. For min del er det viktig Norge tar sin del av ansvaret, sier Sjurs\u00e6ther.<\/p>\n<p class=\"italic m-italic\" data-lab-italic=\"italic\">&#8211; Hva betyr det i praksis?<\/p>\n<p>&#8211; Jeg mener man b\u00f8r fase ut olje- og gassn\u00e6ringen fortere, i tr\u00e5d med at ettersp\u00f8rselen synker.\u00a0<\/p>\n<p class=\"italic m-italic\" data-lab-italic=\"italic\">&#8211; Hva er ditt politiske m\u00e5l for 2026?<\/p>\n<p>&#8211; Det m\u00e5 bli enklere for folk \u00e5 ta milj\u00f8vennlige valg i hverdagen. Det er mye som b\u00f8r v\u00e6re mulig \u00e5 gjennomf\u00f8re i 2026, og som burde v\u00e6re uproblematisk for Frp, H\u00f8yre og Ap.<\/p>\n<p class=\"italic m-italic\" data-lab-italic=\"italic\">&#8211; Hva da?<\/p>\n<p>        <img loading=\"lazy\" decoding=\"async\" src=\"https:\/\/www.europesays.com\/no\/wp-content\/uploads\/2025\/12\/84019508.webp\" width=\"980\" height=\"559\" title=\"LYS FRAMTID? Fr\u00f8y Skjold Sjurs\u00e6ther i MDG mener nordmenn m\u00e5 ta en stans i oljeutvinning p\u00e5 alvor. Foto: J\u00f8rn H. Moen\/ Dagbladet\" alt=\"\" class=\"\" style=\"--aspect-ratio-image: 1.75; \"\/><\/p>\n<p>\n        LYS FRAMTID? Fr\u00f8y Skjold Sjurs\u00e6ther i MDG mener nordmenn m\u00e5 ta en stans i oljeutvinning p\u00e5 alvor. Foto: J\u00f8rn H. Moen\/ Dagbladet\n    <\/p>\n<p>&#8211; For eksempel \u00e5 fjerne momsen p\u00e5 brukt, reparasjon og utleie. Og \u00e5 fjerne momsen p\u00e5 vegetarmat og frukt og gr\u00f8nt. Det viktigste enkelttiltaket privatpersoner kan gj\u00f8re er \u00e5 kutte kj\u00f8ttforbruket.<\/p>\n<p>Selv er Sjurs\u00e6ther vegetarianer. Hva hun spiser p\u00e5 julaften kommer derfor neppe som en overraskelse p\u00e5 mange.<\/p>\n<p>&#8211; Det blir n\u00f8ttestek, utbryter hun umiddelbart p\u00e5 Dagbladets sp\u00f8rsm\u00e5l.<\/p>\n<p>&#8211; Jeg trodde at det skulle smake dritt, for det ser jo t\u00f8rt ut. Men mamma lager veldig god n\u00f8ttestek, med en god ostesaus til.<\/p>\n<p>    <a itemprop=\"url\" href=\"https:\/\/www.dagbladet.no\/nyheter\/mer-enn-doblet\/84005621\" rel=\"nofollow noopener\" target=\"_blank\"><\/p>\n<p>        <img loading=\"lazy\" decoding=\"async\" src=\"https:\/\/www.europesays.com\/no\/wp-content\/uploads\/2025\/12\/83991855.webp\" width=\"980\" height=\"441\" title=\"Mer enn doblet\" alt=\"\" class=\"lazyload\" style=\"--aspect-ratio-image: 2.22; \"\/><\/p>\n<p>        Mer enn doblet<\/p>\n<p>    <\/a><\/p>\n<p>Ribba m\u00e5 koste flesk\t<\/p>\n<p>Sjurs\u00e6ther vil at flere skal gj\u00f8re som henne, og i hvert fall spise mindre kj\u00f8tt. Og for \u00e5 oppn\u00e5 det m\u00e5 politikerne gj\u00f8re endringer, mener hun.<\/p>\n<p>&#8211; Det er ingen tvil om at hvis MDG hadde bestemt hadde kj\u00f8tt v\u00e6rt dyrere og vegetarmaten v\u00e6rt billigere.<\/p>\n<p>MDG har tatt til orde for \u00e5 \u00f8ke momsen p\u00e5 kj\u00f8tt til 25 prosent.\u00a0<\/p>\n<p class=\"italic m-italic\" data-lab-italic=\"italic\">&#8211; S\u00e5 juleribba blir dyrere?<\/p>\n<p class=\"font-weight-bold m-font-weight-bold\" data-lab-font_weight=\"font-weight-bold\">&#8211; Ja, juleribba blir dyrere hvis jeg f\u00e5r bestemme, hvis ikke den er \u00f8kologisk.\u00a0<\/p>\n<p>&#8211; Selvf\u00f8lgelig er det ok \u00e5 spise kj\u00f8tt n\u00e5r man vil, ogs\u00e5 p\u00e5 julaften.<br \/>\nEgentlig er juletradisjonene med kj\u00f8tt litt fine. Man bruker mye tid p\u00e5 maten,<br \/>\nog betaler gjerne litt ekstra for at kj\u00f8ttet skal v\u00e6re av god kvalitet.<br \/>\nJuledelen av kj\u00f8ttforbruket er nok ikke det verste.<\/p>\n<p>    <a itemprop=\"url\" href=\"https:\/\/www.dagbladet.no\/nyheter\/taler-mdg-midt-imot\/83932127\" rel=\"nofollow noopener\" target=\"_blank\"><\/p>\n<p>        <img loading=\"lazy\" decoding=\"async\" src=\"https:\/\/www.europesays.com\/no\/wp-content\/uploads\/2025\/12\/83801193.webp\" width=\"980\" height=\"441\" title=\"Taler MDG midt imot\" alt=\"\" class=\"lazyload\" style=\"--aspect-ratio-image: 2.22; \"\/><\/p>\n<p>        Taler MDG midt imot<\/p>\n<p>    <\/a><\/p>\n<p>&#8211; Ikke ferdige med oljepolitikken\t<\/p>\n<p>MDGs siste store gjennomslag f\u00f8r Sjurs\u00e6ther og resten av gruppen tar ferie var en omstillingskommisjon for norsk \u00f8konomi etter oljealderen, som de fikk p\u00e5 plass sammen med statsbudsjettet.<\/p>\n<p>Mens MDG hyller tiltaket, mener Sp det ikke betyr noe for hvor raskt oljeproduksjonen stanses.\u00a0<\/p>\n<p>Sjurs\u00e6ther er klar p\u00e5 at MDG kommer til \u00e5 kreve mer i budsjettrundene som kommer de neste \u00e5rene.<\/p>\n<p class=\"font-weight-bold m-font-weight-bold\" data-lab-font_weight=\"font-weight-bold\">&#8211; Dette er ikke ferdig for oss n\u00e5. Vi skal ikke ta til takke med dette, og la Arbeiderpartiet holde p\u00e5 som f\u00f8r.\u00a0<\/p>\n<p class=\"italic m-italic\" data-lab-italic=\"italic\">&#8211; Dere vil ta opp oljepolitikken i de neste budsjettrundene?<\/p>\n<p>&#8211; Det er klart.<\/p>\n","protected":false},"excerpt":{"rendered":"STORTINGET (Dagbladet): Dagbladet m\u00f8ter Stortingets yngste representant i den hektiske innspurten av det politiske \u00e5ret. Snart g\u00e5r turen&hellip;\n","protected":false},"author":2,"featured_media":121266,"comment_status":"","ping_status":"","sticky":false,"template":"","format":"standard","meta":{"footnotes":""},"categories":[10],"tags":[20,21,24,25,15,22,23,13,30,28,29,14,16,41,26,27],"class_list":{"0":"post-121265","1":"post","2":"type-post","3":"status-publish","4":"format-standard","5":"has-post-thumbnail","7":"category-norge","8":"tag-breaking-news","9":"tag-breakingnews","10":"tag-featured-news","11":"tag-featurednews","12":"tag-headlines","13":"tag-latest-news","14":"tag-latestnews","15":"tag-news","16":"tag-no","17":"tag-norge","18":"tag-norway","19":"tag-nyheter","20":"tag-overskrifter","21":"tag-politikk","22":"tag-top-stories","23":"tag-topstories"},"share_on_mastodon":{"url":"https:\/\/pubeurope.com\/@no\/115776478597982142","error":""},"_links":{"self":[{"href":"https:\/\/www.europesays.com\/no\/wp-json\/wp\/v2\/posts\/121265","targetHints":{"allow":["GET"]}}],"collection":[{"href":"https:\/\/www.europesays.com\/no\/wp-json\/wp\/v2\/posts"}],"about":[{"href":"https:\/\/www.europesays.com\/no\/wp-json\/wp\/v2\/types\/post"}],"author":[{"embeddable":true,"href":"https:\/\/www.europesays.com\/no\/wp-json\/wp\/v2\/users\/2"}],"replies":[{"embeddable":true,"href":"https:\/\/www.europesays.com\/no\/wp-json\/wp\/v2\/comments?post=121265"}],"version-history":[{"count":0,"href":"https:\/\/www.europesays.com\/no\/wp-json\/wp\/v2\/posts\/121265\/revisions"}],"wp:featuredmedia":[{"embeddable":true,"href":"https:\/\/www.europesays.com\/no\/wp-json\/wp\/v2\/media\/121266"}],"wp:attachment":[{"href":"https:\/\/www.europesays.com\/no\/wp-json\/wp\/v2\/media?parent=121265"}],"wp:term":[{"taxonomy":"category","embeddable":true,"href":"https:\/\/www.europesays.com\/no\/wp-json\/wp\/v2\/categories?post=121265"},{"taxonomy":"post_tag","embeddable":true,"href":"https:\/\/www.europesays.com\/no\/wp-json\/wp\/v2\/tags?post=121265"}],"curies":[{"name":"wp","href":"https:\/\/api.w.org\/{rel}","templated":true}]}}