{"id":121267,"date":"2025-12-24T20:47:08","date_gmt":"2025-12-24T20:47:08","guid":{"rendered":"https:\/\/www.europesays.com\/no\/121267\/"},"modified":"2025-12-24T20:47:08","modified_gmt":"2025-12-24T20:47:08","slug":"vold-gjovikbanen-lokforer-pa-gjovik-toget-slatt-ned","status":"publish","type":"post","link":"https:\/\/www.europesays.com\/no\/121267\/","title":{"rendered":"Vold, Gj\u00f8vikbanen | Lokf\u00f8rer p\u00e5 Gj\u00f8vik-toget sl\u00e5tt ned"},"content":{"rendered":"\n<p>En lokf\u00f8rer p\u00e5 Gj\u00f8vik-toget ble sl\u00e5tt ned av en ruset mann p\u00e5 Nydalen stasjon i Oslo julaften.<\/p>\n<p>Toget var p\u00e5 vei til Gj\u00f8vik fra Oslo da lokf\u00f8reren h\u00f8rte st\u00f8y fra utsiden av f\u00f8rerhytta og gikk ut for \u00e5 sjekke.<\/p>\n<p>\u2013 Han ble dermed tilsynelatende uprovosert sl\u00e5tt ned, opplyser operasjonsleder Rune Hekkelstad i politiet i Oslo.<\/p>\n<p>Lokf\u00f8reren ble kj\u00f8rt til legevakt for behandling og toget ble kj\u00f8rt videre med ny lokf\u00f8rer. <\/p>\n<p>Mistenkte, som framsto som ruset, pr\u00f8vde \u00e5 stikke av langs veien p\u00e5 Ring 3, men ble p\u00e5grepet av politiet og fraktet til arresten.<\/p>\n<p>Politiet meldte om hendelsen klokken 16:31 onsdag ettermiddag. <\/p>\n<p><a href=\"https:\/\/www.vg.no\/nyheter\/i\/8pmEvQ\/passasjer-slo-ansatt-paa-tog\" rel=\"Follow nofollow noopener\" target=\"_blank\">VG<\/a> omtalte hendelsen onsdag og var i kontakt med en passasjer p\u00e5 toget som heter Simen. <\/p>\n<p>\u2013 Det var en rystende hendelse, sier han til VG. <\/p>\n","protected":false},"excerpt":{"rendered":"En lokf\u00f8rer p\u00e5 Gj\u00f8vik-toget ble sl\u00e5tt ned av en ruset mann p\u00e5 Nydalen stasjon i Oslo julaften. Toget&hellip;\n","protected":false},"author":2,"featured_media":4217,"comment_status":"","ping_status":"","sticky":false,"template":"","format":"standard","meta":{"footnotes":""},"categories":[10],"tags":[36,20,21,24,25,12695,15,22,23,14419,13,30,28,29,14,16,1510,1923,26,27,493],"class_list":{"0":"post-121267","1":"post","2":"type-post","3":"status-publish","4":"format-standard","5":"has-post-thumbnail","7":"category-norge","8":"tag-art","9":"tag-breaking-news","10":"tag-breakingnews","11":"tag-featured-news","12":"tag-featurednews","13":"tag-gjovikbanen","14":"tag-headlines","15":"tag-latest-news","16":"tag-latestnews","17":"tag-lokforer","18":"tag-news","19":"tag-no","20":"tag-norge","21":"tag-norway","22":"tag-nyheter","23":"tag-overskrifter","24":"tag-story","25":"tag-tog","26":"tag-top-stories","27":"tag-topstories","28":"tag-vold"},"share_on_mastodon":{"url":"https:\/\/pubeurope.com\/@no\/115776509845859176","error":""},"_links":{"self":[{"href":"https:\/\/www.europesays.com\/no\/wp-json\/wp\/v2\/posts\/121267","targetHints":{"allow":["GET"]}}],"collection":[{"href":"https:\/\/www.europesays.com\/no\/wp-json\/wp\/v2\/posts"}],"about":[{"href":"https:\/\/www.europesays.com\/no\/wp-json\/wp\/v2\/types\/post"}],"author":[{"embeddable":true,"href":"https:\/\/www.europesays.com\/no\/wp-json\/wp\/v2\/users\/2"}],"replies":[{"embeddable":true,"href":"https:\/\/www.europesays.com\/no\/wp-json\/wp\/v2\/comments?post=121267"}],"version-history":[{"count":0,"href":"https:\/\/www.europesays.com\/no\/wp-json\/wp\/v2\/posts\/121267\/revisions"}],"wp:featuredmedia":[{"embeddable":true,"href":"https:\/\/www.europesays.com\/no\/wp-json\/wp\/v2\/media\/4217"}],"wp:attachment":[{"href":"https:\/\/www.europesays.com\/no\/wp-json\/wp\/v2\/media?parent=121267"}],"wp:term":[{"taxonomy":"category","embeddable":true,"href":"https:\/\/www.europesays.com\/no\/wp-json\/wp\/v2\/categories?post=121267"},{"taxonomy":"post_tag","embeddable":true,"href":"https:\/\/www.europesays.com\/no\/wp-json\/wp\/v2\/tags?post=121267"}],"curies":[{"name":"wp","href":"https:\/\/api.w.org\/{rel}","templated":true}]}}