{"id":121268,"date":"2025-12-24T21:01:29","date_gmt":"2025-12-24T21:01:29","guid":{"rendered":"https:\/\/www.europesays.com\/no\/121268\/"},"modified":"2025-12-24T21:01:29","modified_gmt":"2025-12-24T21:01:29","slug":"guvernor-erklaerer-unntakstilstand-i-california","status":"publish","type":"post","link":"https:\/\/www.europesays.com\/no\/121268\/","title":{"rendered":"Guvern\u00f8r erkl\u00e6rer unntakstilstand i California"},"content":{"rendered":"\n<p class=\"_lead_o9xde_2 _lead_xtcu6_50 layout-component text-serif-m layout-normal text-serif-l layout-component layout-wide layout-padded _wide_17hqh_1 layout-padded\">Kraftige stormer truer med flom og jordskred.<\/p>\n<p><img alt=\"En bil kj\u00f8rer gjennom en oversv\u00f8mt vei p\u00e5 La Cienega Boulevard 24. desember 2025 i Los Angeles, California. Foto: APU GOMES \/ AFP \/ NTB\" class=\"_image_qp4xg_65 layout-component layout-wide\" data-fullscreen- data-track-element-type=\"Article image fullscreen\" data-track-name=\"ImageFullscreen\" fetchpriority=\"high\" decoding=\"sync\" loading=\"eager\" height=\"2774\" itemprop=\"image\"  src=\"https:\/\/www.europesays.com\/no\/wp-content\/uploads\/2025\/12\/7085af8e-899e-4617-be9a-fd82d2d8fb42\"  style=\"object-position:0% 0%\" width=\"4160\"\/>En bil kj\u00f8rer gjennom en oversv\u00f8mt vei p\u00e5 La Cienega Boulevard 24. desember 2025 i Los Angeles, California. Foto: APU GOMES \/ AFP \/ NTB<\/p>\n<ul aria-hidden=\"true\" class=\"_images_ntbth_112\">\n<li><a class=\"_link_ntbth_117\" href=\"https:\/\/www.vg.no\/forfatter\/intisaar-ali\" style=\"z-index:1\" title=\"Intisaar Ali\" rel=\"nofollow noopener\" target=\"_blank\"><img alt=\"Bilde av Intisaar Ali\" class=\"_image_ntbth_93\" fetchpriority=\"low\" loading=\"lazy\" decoding=\"async\" itemprop=\"image\"  src=\"https:\/\/www.europesays.com\/no\/wp-content\/uploads\/2025\/12\/1766610078_878_31e1a332-7865-4acc-a24e-ae6d6674f722\"  width=\"480\"\/><\/a><\/li>\n<\/ul>\n<p> Oppdatert onsdag 24. desember kl. 21:35     <\/p>\n<p class=\"_paragraph_o9xde_4 _paragraph_xtcu6_10 layout-component text-serif-m layout-normal text-serif-m layout-padded\">Guvern\u00f8r Gavin Newsom har erkl\u00e6rt unntakstilstand i seks fylker i California p\u00e5 grunn av kraftige stormer som herjer delstaten,\u00a0<a href=\"https:\/\/www.gov.ca.gov\/2025\/12\/24\/governor-newsom-proclaims-state-of-emergency-to-support-response-in-multiple-counties-due-to-late-december-storms\/\" class=\"_link_o9xde_39\" rel=\"nofollow noopener\" target=\"_blank\">melder delstatsregjeringen<\/a>.<\/p>\n<p class=\"_paragraph_o9xde_4 _paragraph_xtcu6_10 layout-component text-serif-m layout-normal text-serif-m layout-padded\">Los Angeles, Orange, Riverside, San Bernardino, San Diego og Shasta fylker er rammet av en serie atmosf\u00e6riske elver som bringer intens nedb\u00f8r og kraftig vind.<\/p>\n<p><img alt=\"Californias guvern\u00f8r Gavin Newsom.   Foto: Thomas Nilsson \/ VG\" class=\"_image_qp4xg_65 layout-component layout-normal\" data-fullscreen- data-track-element-type=\"Article image fullscreen\" data-track-name=\"ImageFullscreen\" decoding=\"async\" loading=\"lazy\" height=\"3201\" itemprop=\"image\"  src=\"https:\/\/www.europesays.com\/no\/wp-content\/uploads\/2025\/12\/e9b4a48a-4ed6-421d-ab25-3951f05284c3\"  style=\"object-position:0% 0%\" width=\"4800\"\/>Californias guvern\u00f8r Gavin Newsom.   Foto: Thomas Nilsson \/ VG<\/p>\n<p class=\"_paragraph_o9xde_4 _paragraph_xtcu6_10 layout-component text-serif-m layout-normal text-serif-m layout-padded\">S\u00e6rlig utsatt er omr\u00e5der i S\u00f8r-California som nylig er rammet av skogbranner, inkludert Airport, Bridge, Line, Palisades og Eaton-brannene. Her er risikoen for jordskred og mudderstr\u00f8mmer mudderstr\u00f8mmer Mudderstr\u00f8m er et naturfenomen der en blanding av vann, jord, leire, stein og annet l\u00f8smateriale raser raskt nedover en skr\u00e5ning eller langs et bekkel\u00f8p.h\u00f8y n\u00e5r det intense regnv\u00e6ret fortsetter.<\/p>\n<p><img alt=\"Kunder g\u00e5r gjennom en parkeringsplass en regntung julaften morgen ved kj\u00f8pesenteret Westfield Topanga i Canoga Park-omr\u00e5det i Los Angeles, California, USA, 24. desember 2025.  Foto: Jill Connelly \/ Reuters \/ NTB\" class=\"_image_qp4xg_65 layout-component layout-normal\" data-fullscreen- data-track-element-type=\"Article image fullscreen\" data-track-name=\"ImageFullscreen\" decoding=\"async\" loading=\"lazy\" height=\"4335\" itemprop=\"image\"  src=\"https:\/\/www.europesays.com\/no\/wp-content\/uploads\/2025\/12\/8daf18f5-e48d-460c-9f18-348e53aac173\"  style=\"object-position:0% 0%\" width=\"6500\"\/>Kunder g\u00e5r gjennom en parkeringsplass en regntung julaften morgen ved kj\u00f8pesenteret Westfield Topanga i Canoga Park-omr\u00e5det i Los Angeles, California, USA, 24. desember 2025.  Foto: Jill Connelly \/ Reuters \/ NTB<\/p>\n<p class=\"_paragraph_o9xde_4 _paragraph_xtcu6_10 layout-component text-serif-m layout-normal text-serif-m layout-padded\">\u2013 California handler tidlig og besluttsomt for \u00e5 gj\u00f8re alt vi kan for \u00e5 komme foran farlige vinterstormer, sier guvern\u00f8r Newsom.<\/p>\n<p class=\"_paragraph_o9xde_4 _paragraph_xtcu6_10 layout-component text-serif-m layout-normal text-serif-m layout-padded\">Delstaten har p\u00e5 forh\u00e5nd utplassert omfattende n\u00f8dressurser, inkludert 55 brannbiler, ti vannredningsteam, fem helikoptre og over 300 personer for \u00e5 beskytte lokalsamfunn.<\/p>\n<p class=\"_paragraph_o9xde_4 _paragraph_xtcu6_10 layout-component text-serif-m layout-normal text-serif-m layout-padded\">Unntakstilstanden gj\u00f8r det mulig \u00e5 raskt mobilisere statlige ressurser og st\u00f8tte lokale myndigheter. <\/p>\n<p class=\"_paragraph_o9xde_4 _paragraph_xtcu6_10 layout-component text-serif-m layout-normal text-serif-m layout-padded\">Den gir ogs\u00e5 fullmakt til \u00e5 sette inn nasjonalgarden hvis n\u00f8dvendig.<\/p>\n<p class=\"_paragraph_o9xde_4 _paragraph_xtcu6_10 layout-component text-serif-m layout-normal text-serif-m layout-padded\">Innbyggerne oppfordres til \u00e5 f\u00f8lge r\u00e5d fra n\u00f8dmyndighetene, unng\u00e5 oversv\u00f8mte veier og holde seg informert mens stormforholdene fortsetter.<\/p>\n<p><img alt=\"Kraftig regn sett fra Kenneth Hahn Park som blokkerer utsikten mot byens skyline 24. desember 2025 i Los Angeles, California.  Foto: APU GOMES \/ AFP \/ NTB\" class=\"_image_qp4xg_65 layout-component layout-normal\" data-fullscreen- data-track-element-type=\"Article image fullscreen\" data-track-name=\"ImageFullscreen\" decoding=\"async\" loading=\"lazy\" height=\"3837\" itemprop=\"image\"  src=\"https:\/\/www.europesays.com\/no\/wp-content\/uploads\/2025\/12\/e71ae0da-a665-4ff9-bfd9-fe43fea9ac2f\"  style=\"object-position:0% 0%\" width=\"5755\"\/>Kraftig regn sett fra Kenneth Hahn Park som blokkerer utsikten mot byens skyline 24. desember 2025 i Los Angeles, California.  Foto: APU GOMES \/ AFP \/ NTB<\/p>\n<p class=\"_paragraph_o9xde_4 _paragraph_xtcu6_10 layout-component text-serif-m layout-normal text-serif-m layout-padded\">Unntakstilstanden gj\u00f8r det mulig \u00e5 raskt mobilisere statlige ressurser og st\u00f8tte lokale myndigheter.<\/p>\n<p class=\"_paragraph_o9xde_4 _paragraph_xtcu6_10 layout-component text-serif-m layout-normal text-serif-m layout-padded\">Den gir ogs\u00e5 fullmakt til \u00e5 sette inn nasjonalgarden hvis n\u00f8dvendig.<\/p>\n<p class=\"_paragraph_o9xde_4 _paragraph_xtcu6_10 layout-component text-serif-m layout-normal text-serif-m layout-padded\">Innbyggerne oppfordres til \u00e5 f\u00f8lge r\u00e5d fra n\u00f8dmyndighetene, unng\u00e5 oversv\u00f8mte veier og holde seg informert mens stormforholdene fortsetter.<\/p>\n<p>    <img decoding=\"async\" alt=\"Tips oss illustrasjon\" src=\"https:\/\/www.europesays.com\/no\/wp-content\/uploads\/2025\/10\/pssst-small.webp.webp\"\/>    <\/p>\n<p class=\"title-serif-s\">Har du tips?<\/p>\n<p class=\"text-sans-m\">Send oss informasjon, bilder eller video.<\/p>\n<p>  <a href=\"https:\/\/www.vg.no\/tips-oss\" rel=\"nofollow noopener\" target=\"_blank\"> Tips oss <\/a>      <\/p>\n","protected":false},"excerpt":{"rendered":"Kraftige stormer truer med flom og jordskred. En bil kj\u00f8rer gjennom en oversv\u00f8mt vei p\u00e5 La Cienega Boulevard&hellip;\n","protected":false},"author":2,"featured_media":121269,"comment_status":"","ping_status":"","sticky":false,"template":"","format":"standard","meta":{"footnotes":""},"categories":[12],"tags":[31,20,21,24,25,15,22,23,13,30,28,29,14,16,26,27,42,43,44,45],"class_list":{"0":"post-121268","1":"post","2":"type-post","3":"status-publish","4":"format-standard","5":"has-post-thumbnail","7":"category-verden","8":"tag-breaking","9":"tag-breaking-news","10":"tag-breakingnews","11":"tag-featured-news","12":"tag-featurednews","13":"tag-headlines","14":"tag-latest-news","15":"tag-latestnews","16":"tag-news","17":"tag-no","18":"tag-norge","19":"tag-norway","20":"tag-nyheter","21":"tag-overskrifter","22":"tag-top-stories","23":"tag-topstories","24":"tag-verden","25":"tag-world","26":"tag-world-news","27":"tag-worldnews"},"share_on_mastodon":{"url":"https:\/\/pubeurope.com\/@no\/115776566562508425","error":""},"_links":{"self":[{"href":"https:\/\/www.europesays.com\/no\/wp-json\/wp\/v2\/posts\/121268","targetHints":{"allow":["GET"]}}],"collection":[{"href":"https:\/\/www.europesays.com\/no\/wp-json\/wp\/v2\/posts"}],"about":[{"href":"https:\/\/www.europesays.com\/no\/wp-json\/wp\/v2\/types\/post"}],"author":[{"embeddable":true,"href":"https:\/\/www.europesays.com\/no\/wp-json\/wp\/v2\/users\/2"}],"replies":[{"embeddable":true,"href":"https:\/\/www.europesays.com\/no\/wp-json\/wp\/v2\/comments?post=121268"}],"version-history":[{"count":0,"href":"https:\/\/www.europesays.com\/no\/wp-json\/wp\/v2\/posts\/121268\/revisions"}],"wp:featuredmedia":[{"embeddable":true,"href":"https:\/\/www.europesays.com\/no\/wp-json\/wp\/v2\/media\/121269"}],"wp:attachment":[{"href":"https:\/\/www.europesays.com\/no\/wp-json\/wp\/v2\/media?parent=121268"}],"wp:term":[{"taxonomy":"category","embeddable":true,"href":"https:\/\/www.europesays.com\/no\/wp-json\/wp\/v2\/categories?post=121268"},{"taxonomy":"post_tag","embeddable":true,"href":"https:\/\/www.europesays.com\/no\/wp-json\/wp\/v2\/tags?post=121268"}],"curies":[{"name":"wp","href":"https:\/\/api.w.org\/{rel}","templated":true}]}}