{"id":121273,"date":"2025-12-24T21:11:14","date_gmt":"2025-12-24T21:11:14","guid":{"rendered":"https:\/\/www.europesays.com\/no\/121273\/"},"modified":"2025-12-24T21:11:14","modified_gmt":"2025-12-24T21:11:14","slug":"norad-viser-fem-ting-som-viser-at-verden-gikk-framover-i-2024-nrk-trondelag-lokale-nyheter-tv-og-radio","status":"publish","type":"post","link":"https:\/\/www.europesays.com\/no\/121273\/","title":{"rendered":"Norad viser fem ting som viser at verden gikk framover i 2024 \u2013 NRK Tr\u00f8ndelag \u2013 Lokale nyheter, TV og radio"},"content":{"rendered":"<p>\u2013 Vi m\u00e5 ikke miste h\u00e5pet av synet, sier Gunn Jorid Roset.<\/p>\n<p>Roset er direkt\u00f8r i Direktoratet for utviklingssamarbeid, det vi kjenner som Norad.<\/p>\n<p>I \u00e5r som <a href=\"https:\/\/www.nrk.no\/trondelag\/norad-gir-oss-fem-ting-som-viser-at-verden-gikk-framover-i-2024-1.17171096\" ec-id=\"pp:article:1.17171096\" ec-name=\"i fjor\" rel=\"nofollow noopener\" target=\"_blank\">i fjor<\/a> gir Norad oss en liste over noen fremskritt fra \u00e5ret som gikk.<\/p>\n<p><strong>I denne saka skal du f\u00e5 fem av dem.<\/strong><\/p>\n<p>\u2013 Vi ser at selv i krig og store kriser s\u00e5 greier mennesker \u00e5 mobilisere det gode og sterke i seg. De bidrar til at verden g\u00e5r framover p\u00e5 mange viktige felt, sier Roset.<\/p>\n<p><img decoding=\"async\"   src=\"data:image\/gif;base64,R0lGODlhAQABAIAAAAAAAP\/\/\/yH5BAEAAAAALAAAAAABAAEAAAIBRAA7\" loading=\"eager\" alt=\"En person med blondt h\u00e5r if\u00f8rt m\u00f8rk dress og perlekjede st\u00e5r foran et glassvindu. Bakgrunnen viser en bylandskap med bygninger i svake farger. Det er naturlig lys fra vinduet som gir en profesjonell atmosf\u00e6re. Bildet har fokus p\u00e5 personen og deres posisjon i omgivelsene. (Bildebeskrivelsen er laget av en KI-tjeneste)\" title=\"Foto: Cornelius Poppe \/ NTB\"\/><\/p>\n<p class=\"\">Direkt\u00f8r i Norad, Gunn Jorid Roset, sier vi ikke m\u00e5 miste h\u00e5pet.<\/p>\n<p>Foto: Cornelius Poppe \/ NTB<\/p>\n<p>Eventyrlysten? Du kan navigere rundt i saken selv ved \u00e5 trykke p\u00e5 disse linkene:<\/p>\n<p><a id=\"Ukraina\" name=\"Ukraina\"\/>Ukraina-krigen f\u00e5r ogs\u00e5 fram det beste i mennesker<\/p>\n<p><strong>I 2025 har internasjonale og lokale frivillige organisasjoner klart \u00e5 n\u00e5 ut med n\u00f8dhjelp til over 5 millioner mennesker.<\/strong><\/p>\n<p>Det gjelder mat, medisiner, husly og oppvarming \u2013 ofte i en hverdag preget av droner, bomber og direkte angrep p\u00e5 hjelpearbeidere.<\/p>\n<p>Norad-direkt\u00f8ren sier at det er imponerende \u00e5 se det utrolige samholdet blant folk, kombinert med et enormt mot, styrke, motstandskraft og kampvilje.<\/p>\n<p><img decoding=\"async\"   src=\"data:image\/gif;base64,R0lGODlhAQABAIAAAAAAAP\/\/\/yH5BAEAAAAALAAAAAABAAEAAAIBRAA7\" loading=\"eager\" alt=\"En mann i sykeseng h\u00e5ndhilser p\u00e5 en annen mann if\u00f8rt dress, mens en tredje person i milit\u00e6runiform ser p\u00e5. Den syke mannen har elektroder festet til kroppen og ligger p\u00e5 en madrass med teppe. Omgivelsene er innredet som et sykehusrom med hvite vegger. Stolen og utstyret ved siden av sengen indikerer et helsemessig fokus. (Bildebeskrivelsen er laget av en KI-tjeneste)\" title=\"Foto: Heiko Junge \/ NTB\"\/><\/p>\n<p class=\"\">Bildet er tatt da kronprinsen bes\u00f8kte et medisinsk rehabiliteringssenter i Ukraina i mai 2025. Bildet er sladdet av hensyn til soldatens sikkerhet.<\/p>\n<p>Foto: Heiko Junge \/ NTB<\/p>\n<p>Roset var selv i Ukraina i november.<\/p>\n<p>\u2013 Man blir jo ogs\u00e5 oppmuntra av \u00e5 m\u00f8te alle de menneskene som i en veldig krevende tid virkelig finner fram motet i seg, og det beste i seg, sier Roset.<\/p>\n<p>Hun bes\u00f8kte blant annet et kraftverk som har blitt bomba flere ganger, der en gjeng arbeidere m\u00f8tte opp p\u00e5 jobb hver dag uansett.<\/p>\n<p>\u2013 De m\u00f8ter opp p\u00e5 jobben hver dag for \u00e5, bokstavelig talt, skape lys i m\u00f8rket for den ukrainske befolkningen.<\/p>\n<p><a id=\"Kull\" name=\"Kull\"\/>Sol danker ut det sorte kullet<\/p>\n<p>For f\u00f8rste gang noensinne har verden produsert mer str\u00f8m fra sol og vind enn fra kull.<\/p>\n<p>Bare f\u00f8rste halv\u00e5r av 2025 \u00f8kte sol- og vindkraftproduksjon med 406 terawattimer. Det er over 100 terawattimer mer enn <a href=\"https:\/\/www.nve.no\/energi\/energisystem\/energibruk\/\" ec-id=\"https:\/\/www.nve.no\/energi\/energisystem\/energibruk\/\" ec-name=\"det hele Norge bruker i l\u00f8pet av ett \u00e5r\" rel=\"nofollow noopener\" target=\"_blank\">det hele Norge bruker i l\u00f8pet av ett \u00e5r<\/a>.<\/p>\n<p>\u2013 Det gr\u00f8nne skiftet er ikke bare fine ord, det er positive ting som skjer her og n\u00e5, sier Roset i Norad.<\/p>\n<p><img decoding=\"async\"   src=\"data:image\/gif;base64,R0lGODlhAQABAIAAAAAAAP\/\/\/yH5BAEAAAAALAAAAAABAAEAAAIBRAA7\" loading=\"eager\" alt=\"en mann med hjelm (Bildebeskrivelsen er laget av en KI-tjeneste)\" title=\"Foto: Christopher Brandt \/ Noard\"\/><\/p>\n<p class=\"\">N\u00e5 st\u00e5r sol- og vindkraft for en st\u00f8rre andel av verdenselektrisiteten enn kull.<\/p>\n<p>Foto: Christopher Brandt \/ Noard<\/p>\n<p>I f\u00f8rste halv\u00e5r av 2025 sto sol og vind for 34,3 prosent av verdenselektrisiteten. Kull sto for 33,1 prosent, if\u00f8lge Det internasjonale energibyr\u00e5et (IEA).<\/p>\n<p>\u2013 Og s\u00e5 er jeg glad for at vi med norsk innsats ogs\u00e5 kan bidra med \u00e5 tilrettelegge for at det gj\u00f8res investeringer i en del markeder som kan oppfattes som krevende. Og det gj\u00f8r vi ved \u00e5 betale for litt av risikoen for investorer og utviklere, sier Roset.<\/p>\n<p>Hun legger til at Norad har v\u00e6rt med p\u00e5 \u00e5 st\u00f8tte solkraftverk i Pakistan, Nigeria og S\u00f8r-Afrika.<\/p>\n<p><a id=\"Startups\" name=\"Startups\"\/>Afrikas ungdom tar framtiden i egne hender<\/p>\n<p>Kenyas hovedstad, Nairobi, har f\u00e5tt kallenavnet \u00abSilicon Savannah\u00bb. Dette er et omr\u00e5de med en rekke suksessfulle oppstartsbedrifter.<\/p>\n<p>\u2013 Det er et tegn p\u00e5 at Afrika er veldig mye mer enn mange tenker p\u00e5 n\u00e5r de h\u00f8rer ordet Afrika, sier Roset.<\/p>\n<p>Norad-direkt\u00f8ren nevner at man i Silicon Savannah finner unge gr\u00fcndere, utviklere, journalister og innovat\u00f8rer som jobber med IT-l\u00f8sninger, nye hudpleiemerker, \u00f8koturisme, ren energi, gravejournalistikk og hjelpemidler for mennesker med nedsatt funksjonsevne.<\/p>\n<p><img decoding=\"async\"   src=\"data:image\/gif;base64,R0lGODlhAQABAIAAAAAAAP\/\/\/yH5BAEAAAAALAAAAAABAAEAAAIBRAA7\" loading=\"eager\" alt=\"En person som st\u00e5r foran en gruppe mennesker som sitter ved pulter (Bildebeskrivelsen er laget av en KI-tjeneste)\" title=\"Foto: Fartein Rudjord \/ Norad\"\/><\/p>\n<p class=\"\">24-\u00e5ringen Daniel Nandwa fikk en gylden id\u00e9 for fem \u00e5r siden og driver n\u00e5 enn selskap som h\u00e5ndterer mer enn 150 millioner dollar i m\u00e5neden.<\/p>\n<p>Foto: Fartein Rudjord \/ Norad<\/p>\n<p>\u2013 Det er et ungt kontinent med en ung befolkning, med unge talenter som er kreative, initiativrike, positive, og som da omfavner det som teknologien n\u00e5 muliggj\u00f8r.<\/p>\n<p>Roset sier at afrikanske land i st\u00f8rre og st\u00f8rre grad tar ansvar for egen utvikling.<\/p>\n<p>Norge bidrar med over 500 millioner kroner i \u00e5ret til gr\u00fcndermilj\u00f8er i Afrika s\u00f8r for Sahara.<\/p>\n<p><img decoding=\"async\"   src=\"data:image\/gif;base64,R0lGODlhAQABAIAAAAAAAP\/\/\/yH5BAEAAAAALAAAAAABAAEAAAIBRAA7\" loading=\"eager\" alt=\"En person med h\u00e5nden opp (Bildebeskrivelsen er laget av en KI-tjeneste)\" title=\"Foto: Fartein Rudjord \/ Norad\"\/><\/p>\n<p class=\"\">Nandwas selskap Honecoin har som m\u00e5l \u00e5 gj\u00f8re pengetransaksjoner mellom land raskere, billigere og enklere.<\/p>\n<p>Foto: Fartein Rudjord \/ Norad<\/p>\n<p><a id=\"Abort\" name=\"Abort\"\/>Malawis h\u00f8yesterett styrker retten til trygg abort<\/p>\n<p>I november skjedde det noe historisk i Malawi. Landets h\u00f8yeste domstol slo fast at den lokale abortloven er for streng og krenker kvinners rettigheter.<\/p>\n<p>Abortloven begrenser kvinners tilgang til trygg og lovlig abort, spesielt n\u00e5r graviditeten truer liv, helse eller skjedde etter en voldtekt.<\/p>\n<p><a href=\"https:\/\/tidsskriftet.no\/2014\/11\/fra-andre-tidsskrifter\/behandling-av-ufullstendig-abort-i-malawi\" ec-id=\"https:\/\/tidsskriftet.no\/2014\/11\/fra-andre-tidsskrifter\/behandling-av-ufullstendig-abort-i-malawi\" ec-name=\"Tidsskrift for Den norske legeforening\" rel=\"nofollow noopener\" target=\"_blank\">Tidsskrift for Den norske legeforening<\/a> forteller at rundt 19.000 kvinner \u00e5rlig m\u00e5 behandles for komplikasjoner etter utrygge aborter i Malawi.<\/p>\n<p>H\u00f8yesterett har bedt helsedepartementet om \u00e5 tydeliggj\u00f8re og styrke reglene s\u00e5nn at kvinner faktisk skal f\u00e5 utf\u00f8rt sikre aborter.<\/p>\n<p><img decoding=\"async\"   src=\"data:image\/gif;base64,R0lGODlhAQABAIAAAAAAAP\/\/\/yH5BAEAAAAALAAAAAABAAEAAAIBRAA7\" loading=\"eager\" alt=\"To helsearbeidere st\u00e5r ved siden av et bord med et skilt (Bildebeskrivelsen er laget av en KI-tjeneste)\" title=\"Foto: sexogpolitikk.no\"\/><\/p>\n<p class=\"\">Dette bildet er fra en mobil helsestasjon p\u00e5 landsbygda i Malawi. Det er den norskst\u00f8ttede organisasjonen Family Planning Association of Malawi (FPAM) som driver helsestasjonen.<\/p>\n<p>Foto: sexogpolitikk.no<\/p>\n<p>\u2013 Den dommen som Malawis h\u00f8yeste domstol har fattet, er et veldig viktig og modig signal, sier Roset.<\/p>\n<p>Roset forklarer at det er s\u00e6rlig viktig fordi man ser at situasjonen for kvinner og jenter i mange deler av verdens forverres. Vi ser ofte m\u00e5lretta angrep mot innsatsen man har gjort i forbindelse med likestilling og seksuell- og reproduktiv helse og rettigheter.<\/p>\n<p><strong>\u2013 H\u00f8yesterett i Malawi gir et tydelig signal om at det er unge kvinner og jenter selv som kan bestemme over sin egen kropp og sin egen fremtid. Det m\u00e5 vi fortsette \u00e5 st\u00f8tte opp om, ogs\u00e5 fra norsk side.<\/strong><\/p>\n<p><a id=\"Lese og skrive\" name=\"Lese og skrive\"\/>Rekordmange unge leser og skriver seg ut av fattigdom<\/p>\n<p>Hele 93 prosent av unge mellom 15 og 24 \u00e5r har lese- og skriveferdigheter, viser den siste rapporten fra Unesco.<\/p>\n<p>Roset sier hun gleder seg over \u00e5 se tallene.<\/p>\n<p>\u2013 Det kommer som et resultat av at flere barn begynner p\u00e5 skolen, og at halvparten av verdens land n\u00e5 tilbyr tolv \u00e5r med gratis skolegang. Det er en oppgang fra 32 prosent i 2015.<\/p>\n<p>Hun sier at flere land har gjort utdanning til en lovfesta rett.<\/p>\n<p><img decoding=\"async\"   src=\"data:image\/gif;base64,R0lGODlhAQABAIAAAAAAAP\/\/\/yH5BAEAAAAALAAAAAABAAEAAAIBRAA7\" loading=\"eager\" alt=\"En gruppe elever i et klasserom (Bildebeskrivelsen er laget av en KI-tjeneste)\" title=\"Foto: Martha Haukaas \/ Norad\"\/><\/p>\n<p class=\"\">Bildet er fra Chimutu Primary School i Lilongwe, Malawi.<\/p>\n<p>Foto: Martha Haukaas \/ Norad<\/p>\n<p>\u2013 Det \u00e5 kunne lese og skrive er viktig i seg selv, og det gir jo en n\u00f8kkel og en inngang til et bedre liv. At unge f\u00e5r utdanning, \u00f8ker sjansen for at de f\u00e5r jobb, inntekt og god helse.<\/p>\n<p>Med muligheten til \u00e5 lese og skrive kan man bryte fattigdomssirkelen.<\/p>\n<p>\u2013 Ogs\u00e5 i et likestillingsperspektiv er det viktig \u00e5 f\u00e5 jenter gjennom skolegang, slik at de ogs\u00e5 kan komme ut og ta del i samfunnet.<\/p>\n<p>    Takk for gammel\u00e5ret og godt nytt \u00e5r!<\/p>\n<p>Heisann du! Takk for at du leste denne saken. Vi i mediene f\u00e5r ofte kritikk for \u00e5 male et dystert og konfliktfullt bilde av verden.<\/p>\n<p>Det har jeg lyst til \u00e5 gj\u00f8re noe med, for det skjer faktisk en del framskritt i verden v\u00e5r. Jeg vil finne sakene der folk m\u00f8tte et problem, men ogs\u00e5 greide \u00e5 komme med l\u00f8sninga.<\/p>\n<p>Har du noe p\u00e5 hjertet du vil jeg skal ta tak i? Bare send meg en e-post eller en DM p\u00e5 @nrknyheter p\u00e5 Instagram\u00a0<\/p>\n<p>Publisert<\/p>\n<p>24.12.2025, kl. 21.25<\/p>\n","protected":false},"excerpt":{"rendered":"\u2013 Vi m\u00e5 ikke miste h\u00e5pet av synet, sier Gunn Jorid Roset. Roset er direkt\u00f8r i Direktoratet for&hellip;\n","protected":false},"author":2,"featured_media":121274,"comment_status":"","ping_status":"","sticky":false,"template":"","format":"standard","meta":{"footnotes":""},"categories":[12],"tags":[20,21,24,25,15,22,23,13,30,28,29,14,16,26,27,42,43,44,45],"class_list":{"0":"post-121273","1":"post","2":"type-post","3":"status-publish","4":"format-standard","5":"has-post-thumbnail","7":"category-verden","8":"tag-breaking-news","9":"tag-breakingnews","10":"tag-featured-news","11":"tag-featurednews","12":"tag-headlines","13":"tag-latest-news","14":"tag-latestnews","15":"tag-news","16":"tag-no","17":"tag-norge","18":"tag-norway","19":"tag-nyheter","20":"tag-overskrifter","21":"tag-top-stories","22":"tag-topstories","23":"tag-verden","24":"tag-world","25":"tag-world-news","26":"tag-worldnews"},"share_on_mastodon":{"url":"https:\/\/pubeurope.com\/@no\/115776604300156871","error":""},"_links":{"self":[{"href":"https:\/\/www.europesays.com\/no\/wp-json\/wp\/v2\/posts\/121273","targetHints":{"allow":["GET"]}}],"collection":[{"href":"https:\/\/www.europesays.com\/no\/wp-json\/wp\/v2\/posts"}],"about":[{"href":"https:\/\/www.europesays.com\/no\/wp-json\/wp\/v2\/types\/post"}],"author":[{"embeddable":true,"href":"https:\/\/www.europesays.com\/no\/wp-json\/wp\/v2\/users\/2"}],"replies":[{"embeddable":true,"href":"https:\/\/www.europesays.com\/no\/wp-json\/wp\/v2\/comments?post=121273"}],"version-history":[{"count":0,"href":"https:\/\/www.europesays.com\/no\/wp-json\/wp\/v2\/posts\/121273\/revisions"}],"wp:featuredmedia":[{"embeddable":true,"href":"https:\/\/www.europesays.com\/no\/wp-json\/wp\/v2\/media\/121274"}],"wp:attachment":[{"href":"https:\/\/www.europesays.com\/no\/wp-json\/wp\/v2\/media?parent=121273"}],"wp:term":[{"taxonomy":"category","embeddable":true,"href":"https:\/\/www.europesays.com\/no\/wp-json\/wp\/v2\/categories?post=121273"},{"taxonomy":"post_tag","embeddable":true,"href":"https:\/\/www.europesays.com\/no\/wp-json\/wp\/v2\/tags?post=121273"}],"curies":[{"name":"wp","href":"https:\/\/api.w.org\/{rel}","templated":true}]}}