{"id":121275,"date":"2025-12-24T21:14:53","date_gmt":"2025-12-24T21:14:53","guid":{"rendered":"https:\/\/www.europesays.com\/no\/121275\/"},"modified":"2025-12-24T21:14:53","modified_gmt":"2025-12-24T21:14:53","slug":"hvordan-europas-kongelige-feirer-jul-tradisjoner-og-skikker","status":"publish","type":"post","link":"https:\/\/www.europesays.com\/no\/121275\/","title":{"rendered":"Hvordan Europas kongelige feirer jul: Tradisjoner og skikker"},"content":{"rendered":"<p class=\"kicker \" style=\"\">Kongelig jul:<\/p>\n<p>  Jula er en kj\u00e6rkommen h\u00f8ytid, men ser ulik ut i forskjellige land.<\/p>\n<p>\n    F\u00d8LGER MED: Fyrstinne Charlene hadde n\u00e6rmest stjerner i \u00f8ynene da Monaco \u00e5pnet \u00e5rets julemarked. Foto: Valery Hache \/ AFP \/ NTB\n  <\/p>\n<p>Det er lite som skriker jul s\u00e5 mye som julegaver, pinnekj\u00f8tt, julesanger og kvalitetstid med familien. Det gjelder stort for sett alle som elsker jula &#8211; ogs\u00e5 de kongelige.<\/p>\n<p>Den norske kongefamilien har sine tradisjoner, men hva med de andre europeiske kongefamiliene? Det finnes nemlig en rekke ulike tradisjoner i de ulike landene, og mange er sv\u00e6rt annerledes enn de norske.<\/p>\n<p>    <a itemprop=\"url\" href=\"https:\/\/www.dagbladet.no\/kjendis\/gjor-store-endringer\/83997729\" rel=\"nofollow noopener\" target=\"_blank\"><\/p>\n<p>        <img loading=\"lazy\" decoding=\"async\" src=\"https:\/\/www.europesays.com\/no\/wp-content\/uploads\/2025\/12\/1766610867_717_83997376.webp\" width=\"147\" height=\"98\" title=\"Gj\u00f8r store endringer\" alt=\"\" class=\"lazyload\" style=\"--aspect-ratio-image: 1.50; \"\/><\/p>\n<p>        Gj\u00f8r store endringer<\/p>\n<p>    <\/a><\/p>\n<p>Her i Norden har vi mange av de samme tradisjonene, men i resten av Europa finner man b\u00e5de likheter og ulikheter.<\/p>\n<p>&#8211; Tradisjoner er viktige for de fleste &#8211; og de kongelige er intet unntak. Monarkiet handler jo i stor grad om tradisjoner og kontinuitet &#8211; det trygge og samlende over tid. At julefeiringen ser forskjellig ut rundt om i Europa, forteller naturligvis om kulturen i hvert enkelt land og det er spennende \u00e5 se hvordan de ulike kongehusene feirer, sier Se og H\u00f8rs kongehusekspert Caroline Vagle.<\/p>\n<p>    <a itemprop=\"url\" href=\"https:\/\/www.dagbladet.no\/kjendis\/dukket-opp-sammen\/83992512\" rel=\"nofollow noopener\" target=\"_blank\"><\/p>\n<p>        <img loading=\"lazy\" decoding=\"async\" src=\"https:\/\/www.europesays.com\/no\/wp-content\/uploads\/2025\/12\/83994233.webp\" width=\"980\" height=\"441\" title=\"Dukket opp sammen\" alt=\"\" class=\"lazyload\" style=\"--aspect-ratio-image: 2.22; \"\/><\/p>\n<p>        Dukket opp sammen<\/p>\n<p>    <\/a><\/p>\n<p>&#8211; De gj\u00f8r det i tr\u00e5d med sitt lands tradisjoner, men de har jo gjerne slekt p\u00e5 kryss og tvers av landegrensene og tradisjonene preges ogs\u00e5 av det. For eksempel feirer den norske kongefamilien jul med spor av tradisjoner fra b\u00e5de Storbritannia, Danmark og Sverige, legger hun til.<\/p>\n<p>Den spanske kongefamilien\t<\/p>\n<p>Kong Felipe (57) og dronning Letizias (53) familie pleier \u00e5 feire jula 24. desember &#8211; tradisjonelt sett med hele kongefamilien p\u00e5 Zarzuela slott. Her er det sj\u00f8mat som gjelder.<\/p>\n<p>        <img loading=\"lazy\" decoding=\"async\" src=\"https:\/\/www.europesays.com\/no\/wp-content\/uploads\/2025\/12\/83998592.webp\" width=\"667\" height=\"574\" title=\"JULEKLARE. Den spanske kongefamilien ser trolig fram til \u00e5rets julefeiring. Her fra en konsert i oktober. Fra venstre: prinsesse Leonor, kong Felipe, dronning Letizia og prinsesse Sofia. Foto: PPE \/ SIPA \/ Shutterstock \/ NTB\" alt=\"\" class=\"\" style=\"--aspect-ratio-image: 1.16; \"\/><\/p>\n<p>\n        JULEKLARE. Den spanske kongefamilien ser trolig fram til \u00e5rets julefeiring. Her fra en konsert i oktober. Fra venstre: prinsesse Leonor, kong Felipe, dronning Letizia og prinsesse Sofia. Foto: PPE \/ SIPA \/ Shutterstock \/ NTB\n    <\/p>\n<p>F\u00f8rst dagen etter er det tradisjon for at dronningens utvidede familie kommer p\u00e5 bes\u00f8k for \u00e5 spise lunsj. 25. desember f\u00e5r ogs\u00e5 kongeparets barn, Leonor (20) og Sofia (18) sm\u00e5 gaver under treet &#8211; men det store gavedrysset komme seinere.<\/p>\n<p>        ENDRING: Flere av kongehusets \u00f8vrige medlemmer er ikke \u00e5 finne i skattelistene, men det vil de v\u00e6re til neste \u00e5r. Video: Silja Furset\/ Thea Hope\/ R\u00f8d L\u00f8per<\/p>\n<p>6. januar er nemlig en helt spesiell &#8211; det markerer de tre kongenes bes\u00f8k, eller de tre vise menn, Kaspar, Melchior og Balthasar. Dette er dagen hvor f\u00e5r barna gaver.<\/p>\n<p>Den nederlandske kongefamilien\t<\/p>\n<p> I Nederland ser desember ganske annerledes ut enn her i Norge. Hvor vi forholder oss utelukkende til julefeiringen, pleier de i Nederland \u00e5 feire b\u00e5de jul og noe som heter Sinterklaas-feiringen. Den forekommer tidligere i desember. <\/p>\n<p>        <img loading=\"lazy\" decoding=\"async\" src=\"https:\/\/www.europesays.com\/no\/wp-content\/uploads\/2025\/12\/83998616.webp\" width=\"686\" height=\"460\" title=\"JULEFARGER: I Nederland kommer Sinterklaas-feiringen tidlig i desember, f\u00f8r jula melder sin ankomst. Her er prinsesse Catharina-Amalia, dronning Maxima, kong Willem-Alexander, prinsesse Alexia og prinsesse Ariane i forbindelse med kongens bursdag i fjor. Foto: Piorschka Van De Wouw \/ Reuters \/ NTB\" alt=\"\" class=\"\" style=\"--aspect-ratio-image: 1.49; \"\/><\/p>\n<p>\n        JULEFARGER: I Nederland kommer Sinterklaas-feiringen tidlig i desember, f\u00f8r jula melder sin ankomst. Her er prinsesse Catharina-Amalia, dronning Maxima, kong Willem-Alexander, prinsesse Alexia og prinsesse Ariane i forbindelse med kongens bursdag i fjor. Foto: Piorschka Van De Wouw \/ Reuters \/ NTB\n    <\/p>\n<p> Kong Willem-Alexander (58) og dronning Maximas (54) barn Catharina-Amalia (22), Alexia (20) og Ariane (17) f\u00e5r ogs\u00e5 gaver i forbindelse med Sinterklaas. <\/p>\n<p>Sinterklaas er den nederlandske versjonen av Sankt Nikolas, og i forbindelse med feiringen er det ofte en parade hvor Sinterklaas ankommer i b\u00e5t. Dette er en tradisjon de kongelige pleier \u00e5 v\u00e6re med p\u00e5.<\/p>\n<p>    <a itemprop=\"url\" href=\"https:\/\/www.dagbladet.no\/kjendis\/sikker-pa-at-de-er-stolte\/83996859\" rel=\"nofollow noopener\" target=\"_blank\"><\/p>\n<p>        <img loading=\"lazy\" decoding=\"async\" src=\"https:\/\/www.europesays.com\/no\/wp-content\/uploads\/2025\/12\/1766610880_197_83997193.webp\" width=\"147\" height=\"98\" title=\"- Sikker p\u00e5 at de er stolte\" alt=\"\" class=\"lazyload\" style=\"--aspect-ratio-image: 1.50; \"\/><\/p>\n<p>        &#8211; Sikker p\u00e5 at de er stolte<\/p>\n<p>    <\/a><\/p>\n<p>Fyrsted\u00f8mmet i Monaco\t<\/p>\n<p>I Monaco er det tradisjon \u00e5 avholde en julefest for underprivilegerte barn. Tradisjonen startet da fyrstinne Grace Kelly fikk ideen, slik at mindre heldige barn kunne f\u00e5 b\u00e5de gaver og kakao.<\/p>\n<p>Det har hvert \u00e5r siden den gang dukket opp mer enn 600 barn mellom fem og tolv \u00e5r, som har f\u00e5tt ekte juleglede av fyrstefamilien.<\/p>\n<p>        <img loading=\"lazy\" decoding=\"async\" src=\"https:\/\/www.europesays.com\/no\/wp-content\/uploads\/2025\/12\/83998674.webp\" width=\"686\" height=\"858\" title=\"JULEMARKED: Fyrstefamilien var til stede da Monaco \u00e5pnet \u00e5rets julemarked. Her er b\u00e5de fyrstinne Charlene, prins Albert og deres barn prinsesse Gabriella og prins Jaques. Foto: SplashNews \/ NTB\" alt=\"\" class=\"\" style=\"--aspect-ratio-image: 0.80; \"\/><\/p>\n<p>\n        JULEMARKED: Fyrstefamilien var til stede da Monaco \u00e5pnet \u00e5rets julemarked. Her er b\u00e5de fyrstinne Charlene, prins Albert og deres barn prinsesse Gabriella og prins Jaques. Foto: SplashNews \/ NTB\n    <\/p>\n<p>Det er ogs\u00e5 tradisjon for \u00e5 hente inn underholdning til barna, gjerne i form av sirkusut\u00f8vere og tryllekunstnere. Julenissen er selvskreven gjest.<\/p>\n<p> <a href=\"https:\/\/www.townandcountrymag.com\/society\/tradition\/g25439469\/royal-family-christmas-traditions\/\" rel=\"nofollow noopener\" target=\"_blank\">Town and Country Magazine<\/a>\u00a0har tidligere skrevet at fyrsted\u00f8mmets ansatte bruker flere m\u00e5neder p\u00e5 \u00e5 gj\u00f8re research p\u00e5 barna som skal komme. Grunnen til det er at barna skal f\u00e5 gaver som passer dem, og som de vil bli skikkelig glad for. <\/p>\n<p>        H\u00c6LA I TAKET: Kronprins Haakon og prins Sverre Magnus feiret med spillerne i garderoben etter bragden mot Italia. Video: Instagram @herrelandslaget<\/p>\n<p>Den britiske kongefamilien\t<\/p>\n<p>I 2022 mistet den britiske kongefamilien sin lengstsittende monark, dronning Elizabeth. De juletradisjonene som var f\u00f8r hennes bortgang har blitt videref\u00f8rt av hennes s\u00f8nn, kong Charles (76).<\/p>\n<p>    <a itemprop=\"url\" href=\"https:\/\/www.dagbladet.no\/kjendis\/nye-detaljer\/83994748\" rel=\"nofollow noopener\" target=\"_blank\"><\/p>\n<p>        <img loading=\"lazy\" decoding=\"async\" src=\"https:\/\/www.europesays.com\/no\/wp-content\/uploads\/2025\/12\/83994767.webp\" width=\"147\" height=\"98\" title=\"Nye detaljer\" alt=\"\" class=\"lazyload\" style=\"--aspect-ratio-image: 1.50; \"\/><\/p>\n<p>        Nye detaljer<\/p>\n<p>    <\/a><\/p>\n<p>Det betyr samling av storfamilien til b\u00e5de frokoster, lunsjer og middager p\u00e5 tradisjonsrike Sandringham utenfor London. I 2021 tilbrakte dronningen jula i Windsor, men\u00a0kong Charles har tatt julefeiringen tilbake til Sandringham.<\/p>\n<p>        <img loading=\"lazy\" decoding=\"async\" src=\"https:\/\/www.europesays.com\/no\/wp-content\/uploads\/2025\/12\/83998730.webp\" width=\"686\" height=\"597\" title=\"GUDSTJENESTE: Blant tradisjonene i den britiske kongefamilien er juelgudstjeneste f\u00f8rste juledag i Sandringham. Her avbildet p\u00e5 vei dit i 2011. Foto: REX \/ NTB\" alt=\"\" class=\"\" style=\"--aspect-ratio-image: 1.15; \"\/><\/p>\n<p>\n        GUDSTJENESTE: Blant tradisjonene i den britiske kongefamilien er juelgudstjeneste f\u00f8rste juledag i Sandringham. Her avbildet p\u00e5 vei dit i 2011. Foto: REX \/ NTB\n    <\/p>\n<p>Det har ogs\u00e5 v\u00e6rt tradisjon for at br\u00f8drene, prins Harry (41) og prins William (43) har spilt fotball sammen med de ansatte hvert \u00e5r p\u00e5 Sandringham, har\u00a0<a href=\"https:\/\/www.townandcountrymag.com\/society\/tradition\/g25439469\/royal-family-christmas-traditions\/\" rel=\"nofollow noopener\" target=\"_blank\">Town and Country Magazine<\/a>\u00a0skrevet.<\/p>\n<p>Akkurat denne tradisjonen er nok ikke fulgt opp p\u00e5 en stund. Det er en kjent sak at det har v\u00e6rt en isfront mellom br\u00f8drene i en del \u00e5r n\u00e5.<\/p>\n<p>        P\u00c5 BES\u00d8K: Onsdag tok den britiske kongefamilien imot USAs president Donald Trump og f\u00f8rstedame Melania p\u00e5 Windsor. P\u00e5 sosiale medier reagerer folk p\u00e5 Trumps rojale etikette. Reporter: Jostein Sletten \/ Dagbladet<\/p>\n<p>Den belgiske kongefamilien\t<\/p>\n<p>I Belgia pleier de kongelige \u00e5 arrangere en konsert i det kongelige palass med julesang, if\u00f8lge\u00a0<a href=\"https:\/\/www.hellomagazine.com\/royalty\/gallery\/20191221127948\/europe-royal-families-christmas-traditions-treats\/3\/\" rel=\"nofollow noopener\" target=\"_blank\">Hello Magazine<\/a>.<\/p>\n<p>Konsertens hensikt er \u00e5 vise takknemlighet til de ansatte ved slottet, og takke dem for den jobben de gj\u00f8r.<\/p>\n<p>        <img loading=\"lazy\" decoding=\"async\" src=\"https:\/\/www.europesays.com\/no\/wp-content\/uploads\/2025\/12\/83998780.webp\" width=\"686\" height=\"392\" title=\"TAKKER: Dronning Mathilde, prins Gabriel, prins Emmanuel, prinsesse Eleonore, kronprinsesse Elisabeth og kong Philippe i forbindelse med Belgias nasjonaldag. I jula har de egen konsert for de ansatte p\u00e5 slottet, for \u00e5 takke dem. Foto: Benoit Doppagne \/ Belga \/ AFP \/ NTB\" alt=\"\" class=\"\" style=\"--aspect-ratio-image: 1.75; \"\/><\/p>\n<p>\n        TAKKER: Dronning Mathilde, prins Gabriel, prins Emmanuel, prinsesse Eleonore, kronprinsesse Elisabeth og kong Philippe i forbindelse med Belgias nasjonaldag. I jula har de egen konsert for de ansatte p\u00e5 slottet, for \u00e5 takke dem. Foto: Benoit Doppagne \/ Belga \/ AFP \/ NTB\n    <\/p>\n<p>Kong Philippe (65), dronning Mathilde (52) og barna prinsesse Elisabeth (24), prins Gabriel (22), prins Emmanuel (20) og prinsesse El\u00e9onore (17) pleier tradisjonelt \u00e5 delta i konserten.<\/p>\n","protected":false},"excerpt":{"rendered":"Kongelig jul: Jula er en kj\u00e6rkommen h\u00f8ytid, men ser ulik ut i forskjellige land. F\u00d8LGER MED: Fyrstinne Charlene&hellip;\n","protected":false},"author":2,"featured_media":121276,"comment_status":"","ping_status":"","sticky":false,"template":"","format":"standard","meta":{"footnotes":""},"categories":[5],"tags":[20,21,274,24,25,15,19,5593,13692,479,76,22,23,17,18,13,30,28,29,14,16,26,27],"class_list":{"0":"post-121275","1":"post","2":"type-post","3":"status-publish","4":"format-standard","5":"has-post-thumbnail","7":"category-overskrifter","8":"tag-breaking-news","9":"tag-breakingnews","10":"tag-europa","11":"tag-featured-news","12":"tag-featurednews","13":"tag-headlines","14":"tag-hovedoppslag","15":"tag-jul","16":"tag-julefeiring","17":"tag-kjendis","18":"tag-kongelig","19":"tag-latest-news","20":"tag-latestnews","21":"tag-main-news","22":"tag-mainnews","23":"tag-news","24":"tag-no","25":"tag-norge","26":"tag-norway","27":"tag-nyheter","28":"tag-overskrifter","29":"tag-top-stories","30":"tag-topstories"},"share_on_mastodon":{"url":"https:\/\/pubeurope.com\/@no\/115776624567353915","error":""},"_links":{"self":[{"href":"https:\/\/www.europesays.com\/no\/wp-json\/wp\/v2\/posts\/121275","targetHints":{"allow":["GET"]}}],"collection":[{"href":"https:\/\/www.europesays.com\/no\/wp-json\/wp\/v2\/posts"}],"about":[{"href":"https:\/\/www.europesays.com\/no\/wp-json\/wp\/v2\/types\/post"}],"author":[{"embeddable":true,"href":"https:\/\/www.europesays.com\/no\/wp-json\/wp\/v2\/users\/2"}],"replies":[{"embeddable":true,"href":"https:\/\/www.europesays.com\/no\/wp-json\/wp\/v2\/comments?post=121275"}],"version-history":[{"count":0,"href":"https:\/\/www.europesays.com\/no\/wp-json\/wp\/v2\/posts\/121275\/revisions"}],"wp:featuredmedia":[{"embeddable":true,"href":"https:\/\/www.europesays.com\/no\/wp-json\/wp\/v2\/media\/121276"}],"wp:attachment":[{"href":"https:\/\/www.europesays.com\/no\/wp-json\/wp\/v2\/media?parent=121275"}],"wp:term":[{"taxonomy":"category","embeddable":true,"href":"https:\/\/www.europesays.com\/no\/wp-json\/wp\/v2\/categories?post=121275"},{"taxonomy":"post_tag","embeddable":true,"href":"https:\/\/www.europesays.com\/no\/wp-json\/wp\/v2\/tags?post=121275"}],"curies":[{"name":"wp","href":"https:\/\/api.w.org\/{rel}","templated":true}]}}