{"id":121278,"date":"2025-12-24T21:24:19","date_gmt":"2025-12-24T21:24:19","guid":{"rendered":"https:\/\/www.europesays.com\/no\/121278\/"},"modified":"2025-12-24T21:24:19","modified_gmt":"2025-12-24T21:24:19","slug":"ap-trump-avskjediger-29-ambassadorer","status":"publish","type":"post","link":"https:\/\/www.europesays.com\/no\/121278\/","title":{"rendered":"AP: Trump avskjediger 29 ambassad\u00f8rer"},"content":{"rendered":"<p>    Sparkingen av flere titalls topp-diplomater faller i d\u00e5rlig jord.<\/p>\n<p>\n        \u2013 Mangelen p\u00e5 \u00e5penhet og prosess bryter tydelig med langvarige normer, forteller en kilde i utenriksdepartementet til Newsweek.<br \/>\n        Alex Brandon\/NTB\n    <\/p>\n<p>\u2013 \u00c5 fjerne seniordiplomater uten faktagrunnlag undergraver USAs troverdighet i utlandet og sender et skremmende signal til den profesjonelle utenrikstjenesten. Slik skal man ikke lede USA, sier en talsperson for AFSA, en fagforening for karrierediplomater, til nyhetsbyr\u00e5et <a href=\"https:\/\/apnews.com\/article\/diplomacy-ambassadors-state-department-1a10058998c86e799ce4e5132a99da18\" rel=\"nofollow noopener\" target=\"_blank\">AP.<\/a><\/p>\n<p>Flest ambassad\u00f8rer i Afrika<\/p>\n<p>Landene som n\u00e5 mister sin USA-ambassad\u00f8r, er Algerie, Burundi, Kamerun, Egypt, Gabon, Elfenbenskysten, Madagaskar, Mauritius, Niger, Nigeria, Rwanda, Senegal, Somalia, Armenia, Laos, Nepal, Filippinene, Sri Lanka, Vietnam, Nord-Makedonia, Montenegro, Slovakia, Guatemala, Surinam, Fiji, Marshall\u00f8yene og Papua Ny-Guinea.<\/p>\n<p>Nyheten er ogs\u00e5 omtalt av <a href=\"https:\/\/www.theguardian.com\/us-news\/2025\/dec\/21\/trump-administration-recalls-diplomats\" rel=\"nofollow noopener\" target=\"_blank\">The Guardian<\/a>, <a href=\"https:\/\/www.politico.com\/news\/2025\/12\/19\/trump-ousts-more-biden-era-ambassadors-00700351?utm_medium=twitter&amp;utm_source=dlvr.it\" rel=\"nofollow noopener\" target=\"_blank\">Politico<\/a> og <a href=\"https:\/\/www.reuters.com\/world\/trump-pulls-30-envoys-america-first-push-critics-say-it-weakens-us-leadership-2025-12-22\/\" rel=\"nofollow noopener\" target=\"_blank\">Reuters.<\/a><\/p>\n<p>If\u00f8lge AP skal ambassad\u00f8rene ha f\u00e5tt beskjeden via en telefonsamtale. Det skal ikke ha blitt gitt noen forklaring p\u00e5 hvorfor de br\u00e5tt mister jobben, men alle de 29 ambassad\u00f8rene ble i sin tid utnevnt av Joe Biden.<\/p>\n<p>M\u00e5 v\u00e6re enig med Trump<\/p>\n<p>Den plutselige omrokkeringen kommer uten noen prosess i forkant. Normalt blir ikke karrierediplomater og ambassad\u00f8rer tilbakekalt p\u00e5 denne m\u00e5ten.<\/p>\n<p>\u2013 Mangelen p\u00e5 \u00e5penhet og prosess bryter tydelig med langvarige normer, forteller en kilde i utenriksdepartementet til <a href=\"https:\/\/www.newsweek.com\/full-list-diplomats-being-recalled-by-trump-administration-11254588\" rel=\"nofollow noopener\" target=\"_blank\">Newsweek.<\/a><\/p>\n<p>If\u00f8lge ikke navngitte kilder er tilbakekallingen av n\u00e6rmere 30 ambassad\u00f8rstillinger og andre ledende ambassadeposter et fors\u00f8k p\u00e5 \u00e5 endre USAs diplomatiske posisjon i utlandet. Hovedmotivet skal v\u00e6re \u00e5 f\u00e5 p\u00e5 plass ambassad\u00f8rer som er enige med Trump og hans \u00abAmerika f\u00f8rst\u00bb-politikk.<\/p>\n","protected":false},"excerpt":{"rendered":"Sparkingen av flere titalls topp-diplomater faller i d\u00e5rlig jord. \u2013 Mangelen p\u00e5 \u00e5penhet og prosess bryter tydelig med&hellip;\n","protected":false},"author":2,"featured_media":121279,"comment_status":"","ping_status":"","sticky":false,"template":"","format":"standard","meta":{"footnotes":""},"categories":[12],"tags":[20,21,24,25,15,22,23,13,30,28,29,14,16,26,27,42,43,44,45],"class_list":{"0":"post-121278","1":"post","2":"type-post","3":"status-publish","4":"format-standard","5":"has-post-thumbnail","7":"category-verden","8":"tag-breaking-news","9":"tag-breakingnews","10":"tag-featured-news","11":"tag-featurednews","12":"tag-headlines","13":"tag-latest-news","14":"tag-latestnews","15":"tag-news","16":"tag-no","17":"tag-norge","18":"tag-norway","19":"tag-nyheter","20":"tag-overskrifter","21":"tag-top-stories","22":"tag-topstories","23":"tag-verden","24":"tag-world","25":"tag-world-news","26":"tag-worldnews"},"share_on_mastodon":{"url":"https:\/\/pubeurope.com\/@no\/115776655386545054","error":""},"_links":{"self":[{"href":"https:\/\/www.europesays.com\/no\/wp-json\/wp\/v2\/posts\/121278","targetHints":{"allow":["GET"]}}],"collection":[{"href":"https:\/\/www.europesays.com\/no\/wp-json\/wp\/v2\/posts"}],"about":[{"href":"https:\/\/www.europesays.com\/no\/wp-json\/wp\/v2\/types\/post"}],"author":[{"embeddable":true,"href":"https:\/\/www.europesays.com\/no\/wp-json\/wp\/v2\/users\/2"}],"replies":[{"embeddable":true,"href":"https:\/\/www.europesays.com\/no\/wp-json\/wp\/v2\/comments?post=121278"}],"version-history":[{"count":0,"href":"https:\/\/www.europesays.com\/no\/wp-json\/wp\/v2\/posts\/121278\/revisions"}],"wp:featuredmedia":[{"embeddable":true,"href":"https:\/\/www.europesays.com\/no\/wp-json\/wp\/v2\/media\/121279"}],"wp:attachment":[{"href":"https:\/\/www.europesays.com\/no\/wp-json\/wp\/v2\/media?parent=121278"}],"wp:term":[{"taxonomy":"category","embeddable":true,"href":"https:\/\/www.europesays.com\/no\/wp-json\/wp\/v2\/categories?post=121278"},{"taxonomy":"post_tag","embeddable":true,"href":"https:\/\/www.europesays.com\/no\/wp-json\/wp\/v2\/tags?post=121278"}],"curies":[{"name":"wp","href":"https:\/\/api.w.org\/{rel}","templated":true}]}}