{"id":121280,"date":"2025-12-24T21:39:08","date_gmt":"2025-12-24T21:39:08","guid":{"rendered":"https:\/\/www.europesays.com\/no\/121280\/"},"modified":"2025-12-24T21:39:08","modified_gmt":"2025-12-24T21:39:08","slug":"erklaerer-unntakstilstand-i-california-nrk-urix-utenriksnyheter-og-dokumentarer","status":"publish","type":"post","link":"https:\/\/www.europesays.com\/no\/121280\/","title":{"rendered":"Erkl\u00e6rer unntakstilstand i California \u2013 NRK Urix \u2013 Utenriksnyheter og -dokumentarer"},"content":{"rendered":"<p>Guvern\u00f8r Gavin Newsom i Californiahar erkl\u00e6rt <a href=\"https:\/\/www.gov.ca.gov\/wp-content\/uploads\/2025\/12\/SOE-Late-December-Storms_12-24-25_FORMATTED.pdf\" ec-id=\"https:\/\/www.gov.ca.gov\/wp-content\/uploads\/2025\/12\/SOE-Late-December-Storms_12-24-25_FORMATTED.pdf\" ec-name=\"unntakstilstand\" rel=\"nofollow noopener\" target=\"_blank\">unntakstilstand<\/a>.<\/p>\n<p>Det bekreftet han i en <a href=\"https:\/\/www.gov.ca.gov\/2025\/12\/24\/governor-newsom-proclaims-state-of-emergency-to-support-response-in-multiple-counties-due-to-late-december-storms\/https:\/\/www.gov.ca.gov\/2025\/12\/24\/governor-newsom-proclaims-state-of-emergency-to-support-response-in-multiple-counties-due-to-late-december-storms\/\" ec-id=\"https:\/\/www.gov.ca.gov\/2025\/12\/24\/governor-newsom-proclaims-state-of-emergency-to-support-response-in-multiple-counties-due-to-late-december-storms\/https:\/\/www.gov.ca.gov\/2025\/12\/24\/governor-newsom-proclaims-state-of-emergency-to-support-response-in-multiple-counties-due-to-late-december-storms\/\" ec-name=\"pressemelding\" rel=\"nofollow noopener\" target=\"_blank\">pressemelding<\/a> julaften.<\/p>\n<p>\u2013 California handler tidlig og besluttsomt for \u00e5 gj\u00f8re alt vi kan for \u00e5 ligge i forkant av de farlige vinterstormene, sier Newsom i en pressemelding.<\/p>\n<p>If\u00f8lge nyhetsbyr\u00e5et AFP opplyser lokale myndigheter at flere hundre mennesker allerede er blitt evakuert etter at uv\u00e6ret rammet delstaten.<\/p>\n<p>Flere ble evakuert p\u00e5 julaften, skriver avisen <a href=\"https:\/\/www.nytimes.com\/2025\/12\/24\/weather\/rain-flooding-los-angeles-storm.html\" ec-id=\"https:\/\/www.nytimes.com\/2025\/12\/24\/weather\/rain-flooding-los-angeles-storm.html\" ec-name=\"The New York Times\" rel=\"nofollow noopener\" target=\"_blank\">The New York Times<\/a>.<\/p>\n<p><img decoding=\"async\"   src=\"data:image\/gif;base64,R0lGODlhAQABAIAAAAAAAP\/\/\/yH5BAEAAAAALAAAAAABAAEAAAIBRAA7\" loading=\"eager\" alt=\"Bildet viser en mann som \u00e5pner panseret p\u00e5 den r\u00f8de bilen sin. \" title=\"Foto: AFP\"\/><\/p>\n<p class=\"\">Det er mye regn i California akkurat n\u00e5. Denne mannen m\u00e5tte ta en ekstra titt p\u00e5 bilen sin etter \u00e5 ha kj\u00f8rt gjennom vannmassene.<\/p>\n<p>Foto: AFP<\/p>\n<p>Mange rammet<\/p>\n<p>Mange har blitt rammet av de kraftige vannmassene.<\/p>\n<p>Minst en person har omkommet etter uv\u00e6r nord i delstaten, skriver <a href=\"https:\/\/edition.cnn.com\/2025\/12\/22\/weather\/california-flooding-rain-snow-holidays-hnk\" ec-id=\"https:\/\/edition.cnn.com\/2025\/12\/22\/weather\/california-flooding-rain-snow-holidays-hnk\" ec-name=\"CNN\" rel=\"nofollow noopener\" target=\"_blank\">CNN<\/a>, som siterer lokale myndigheter.<\/p>\n<p>California-guvern\u00f8ren sier de blant annet har plassert ut ressurser p\u00e5 forh\u00e5nd for \u00e5 takle uv\u00e6ret bedre.<\/p>\n<p>Det er ogs\u00e5 gitt gr\u00f8nt lys til \u00e5 ta i bruk krisefullmakter.<\/p>\n<p><img decoding=\"async\"   src=\"data:image\/gif;base64,R0lGODlhAQABAIAAAAAAAP\/\/\/yH5BAEAAAAALAAAAAABAAEAAAIBRAA7\" loading=\"eager\" alt=\"Bildet viser gr\u00e5 skyer i horisonten i California.\" title=\"Foto: AFP\"\/><\/p>\n<p class=\"\">Et nytt, kraftig uv\u00e6r er ventet i den amerikanske delstaten California.<\/p>\n<p>Foto: AFP<\/p>\n<p>Publisert<\/p>\n<p>24.12.2025, kl. 22.05<\/p>\n","protected":false},"excerpt":{"rendered":"Guvern\u00f8r Gavin Newsom i Californiahar erkl\u00e6rt unntakstilstand. Det bekreftet han i en pressemelding julaften. \u2013 California handler tidlig&hellip;\n","protected":false},"author":2,"featured_media":121281,"comment_status":"","ping_status":"","sticky":false,"template":"","format":"standard","meta":{"footnotes":""},"categories":[12],"tags":[20,21,24,25,15,22,23,13,30,28,29,14,16,26,27,42,43,44,45],"class_list":{"0":"post-121280","1":"post","2":"type-post","3":"status-publish","4":"format-standard","5":"has-post-thumbnail","7":"category-verden","8":"tag-breaking-news","9":"tag-breakingnews","10":"tag-featured-news","11":"tag-featurednews","12":"tag-headlines","13":"tag-latest-news","14":"tag-latestnews","15":"tag-news","16":"tag-no","17":"tag-norge","18":"tag-norway","19":"tag-nyheter","20":"tag-overskrifter","21":"tag-top-stories","22":"tag-topstories","23":"tag-verden","24":"tag-world","25":"tag-world-news","26":"tag-worldnews"},"share_on_mastodon":{"url":"https:\/\/pubeurope.com\/@no\/115776714333200637","error":""},"_links":{"self":[{"href":"https:\/\/www.europesays.com\/no\/wp-json\/wp\/v2\/posts\/121280","targetHints":{"allow":["GET"]}}],"collection":[{"href":"https:\/\/www.europesays.com\/no\/wp-json\/wp\/v2\/posts"}],"about":[{"href":"https:\/\/www.europesays.com\/no\/wp-json\/wp\/v2\/types\/post"}],"author":[{"embeddable":true,"href":"https:\/\/www.europesays.com\/no\/wp-json\/wp\/v2\/users\/2"}],"replies":[{"embeddable":true,"href":"https:\/\/www.europesays.com\/no\/wp-json\/wp\/v2\/comments?post=121280"}],"version-history":[{"count":0,"href":"https:\/\/www.europesays.com\/no\/wp-json\/wp\/v2\/posts\/121280\/revisions"}],"wp:featuredmedia":[{"embeddable":true,"href":"https:\/\/www.europesays.com\/no\/wp-json\/wp\/v2\/media\/121281"}],"wp:attachment":[{"href":"https:\/\/www.europesays.com\/no\/wp-json\/wp\/v2\/media?parent=121280"}],"wp:term":[{"taxonomy":"category","embeddable":true,"href":"https:\/\/www.europesays.com\/no\/wp-json\/wp\/v2\/categories?post=121280"},{"taxonomy":"post_tag","embeddable":true,"href":"https:\/\/www.europesays.com\/no\/wp-json\/wp\/v2\/tags?post=121280"}],"curies":[{"name":"wp","href":"https:\/\/api.w.org\/{rel}","templated":true}]}}