{"id":121284,"date":"2025-12-24T21:46:11","date_gmt":"2025-12-24T21:46:11","guid":{"rendered":"https:\/\/www.europesays.com\/no\/121284\/"},"modified":"2025-12-24T21:46:11","modified_gmt":"2025-12-24T21:46:11","slug":"honduras-trump-stottede-presidentkandidat-nasry-asfura-vant-valget-etter-manuell-opptelling","status":"publish","type":"post","link":"https:\/\/www.europesays.com\/no\/121284\/","title":{"rendered":"Honduras&#8217; Trump-st\u00f8ttede presidentkandidat Nasry Asfura vant valget etter manuell opptelling"},"content":{"rendered":"\n<p class=\"_lead_o9xde_2 _lead_xtcu6_50 layout-component text-serif-m layout-normal text-serif-l layout-component layout-wide layout-padded _wide_17hqh_1 layout-padded\">Nasry Asfura er vinner av presidentvalget i Honduras, erkl\u00e6rer valgkommisjonen etter en manuell opptelling av stemmer er gjennomf\u00f8rt over tre uker etter valget.<\/p>\n<p><img alt=\"Nasry Asfura blir Honduras' neste president, har valgkommisjonen erkl\u00e6rt. Her stemmer han i valget 30. november i \u00e5r.  Foto: Moises Castillo\" class=\"_image_qp4xg_65 layout-component layout-wide\" data-fullscreen- data-track-element-type=\"Article image fullscreen\" data-track-name=\"ImageFullscreen\" fetchpriority=\"high\" decoding=\"sync\" loading=\"eager\" height=\"4925\" itemprop=\"image\"  src=\"https:\/\/www.europesays.com\/no\/wp-content\/uploads\/2025\/12\/49f6a606-f3ca-4478-b834-5af2bf0df113\"  style=\"object-position:0% 0%\" width=\"7387\"\/>Nasry Asfura blir Honduras&#8217; neste president, har valgkommisjonen erkl\u00e6rt. Her stemmer han i valget 30. november i \u00e5r.  Foto: Moises Castillo<\/p>\n<ul aria-hidden=\"true\" class=\"_images_ntbth_112\">\n<li><a class=\"_link_ntbth_117\" href=\"https:\/\/www.vg.no\/forfatter\/ntb\" style=\"z-index:1\" title=\"NTB\" rel=\"nofollow noopener\" target=\"_blank\"><img alt=\"Bilde av NTB\" class=\"_image_ntbth_93\" fetchpriority=\"low\" loading=\"lazy\" decoding=\"async\" itemprop=\"image\"  src=\"https:\/\/www.europesays.com\/no\/wp-content\/uploads\/2025\/12\/1766612771_390_c33980b0-5d07-4027-84a1-813f90a7c8d6\"  width=\"480\"\/><\/a><\/li>\n<\/ul>\n<p> Oppdatert onsdag 24. desember kl. 22:19     <\/p>\n<p class=\"_paragraph_o9xde_4 _paragraph_xtcu6_10 layout-component text-serif-m layout-normal text-serif-m layout-padded\">Honduras holdt presidentvalg 30. november, men det var s\u00e5 jevnt mellom kandidatene at valgkommisjonen kalte det \u00abteknisk uavgjort\u00bb. Mens den manuelle fintellingen p\u00e5gikk, anklaget USA Honduras&#8217; valgkommisjon for valgfusk. <\/p>\n<p class=\"_paragraph_o9xde_4 _paragraph_xtcu6_10 layout-component text-serif-m layout-normal text-serif-m layout-padded\">Resultatet etter fintellingen er at Asfura fikk 40,3 prosent av stemmene, mens den mer sentrumsorienterte Salvador Nasralla fikk 39,5 prosent.<\/p>\n<p class=\"_paragraph_o9xde_4 _paragraph_xtcu6_10 layout-component text-serif-m layout-normal text-serif-m layout-padded\">USAs president Donald Trump har \u00e5pent st\u00f8ttet h\u00f8yreorienterte Asfura og truet med \u00e5 kutte bistand hvis han ikke vant.<\/p>\n<p class=\"_paragraph_o9xde_4 _paragraph_xtcu6_10 layout-component text-serif-m layout-normal text-serif-m layout-padded\">F\u00f8rste opptelling viste sv\u00e6rt jevnt l\u00f8p mellom Asfura (40,5 prosent) og Nasralla (39,3 prosent). <\/p>\n<p class=\"_paragraph_o9xde_4 _paragraph_xtcu6_10 layout-component text-serif-m layout-normal text-serif-m layout-padded\">Valgkommisjonen hadde frist til 30. desember med \u00e5 kunngj\u00f8re en vinner.<\/p>\n","protected":false},"excerpt":{"rendered":"Nasry Asfura er vinner av presidentvalget i Honduras, erkl\u00e6rer valgkommisjonen etter en manuell opptelling av stemmer er gjennomf\u00f8rt&hellip;\n","protected":false},"author":2,"featured_media":121285,"comment_status":"","ping_status":"","sticky":false,"template":"","format":"standard","meta":{"footnotes":""},"categories":[12],"tags":[20,21,24,25,15,22,23,13,30,28,29,14,16,26,27,42,43,44,45],"class_list":{"0":"post-121284","1":"post","2":"type-post","3":"status-publish","4":"format-standard","5":"has-post-thumbnail","7":"category-verden","8":"tag-breaking-news","9":"tag-breakingnews","10":"tag-featured-news","11":"tag-featurednews","12":"tag-headlines","13":"tag-latest-news","14":"tag-latestnews","15":"tag-news","16":"tag-no","17":"tag-norge","18":"tag-norway","19":"tag-nyheter","20":"tag-overskrifter","21":"tag-top-stories","22":"tag-topstories","23":"tag-verden","24":"tag-world","25":"tag-world-news","26":"tag-worldnews"},"share_on_mastodon":{"url":"https:\/\/pubeurope.com\/@no\/115776742153150206","error":""},"_links":{"self":[{"href":"https:\/\/www.europesays.com\/no\/wp-json\/wp\/v2\/posts\/121284","targetHints":{"allow":["GET"]}}],"collection":[{"href":"https:\/\/www.europesays.com\/no\/wp-json\/wp\/v2\/posts"}],"about":[{"href":"https:\/\/www.europesays.com\/no\/wp-json\/wp\/v2\/types\/post"}],"author":[{"embeddable":true,"href":"https:\/\/www.europesays.com\/no\/wp-json\/wp\/v2\/users\/2"}],"replies":[{"embeddable":true,"href":"https:\/\/www.europesays.com\/no\/wp-json\/wp\/v2\/comments?post=121284"}],"version-history":[{"count":0,"href":"https:\/\/www.europesays.com\/no\/wp-json\/wp\/v2\/posts\/121284\/revisions"}],"wp:featuredmedia":[{"embeddable":true,"href":"https:\/\/www.europesays.com\/no\/wp-json\/wp\/v2\/media\/121285"}],"wp:attachment":[{"href":"https:\/\/www.europesays.com\/no\/wp-json\/wp\/v2\/media?parent=121284"}],"wp:term":[{"taxonomy":"category","embeddable":true,"href":"https:\/\/www.europesays.com\/no\/wp-json\/wp\/v2\/categories?post=121284"},{"taxonomy":"post_tag","embeddable":true,"href":"https:\/\/www.europesays.com\/no\/wp-json\/wp\/v2\/tags?post=121284"}],"curies":[{"name":"wp","href":"https:\/\/api.w.org\/{rel}","templated":true}]}}