{"id":121286,"date":"2025-12-24T21:50:38","date_gmt":"2025-12-24T21:50:38","guid":{"rendered":"https:\/\/www.europesays.com\/no\/121286\/"},"modified":"2025-12-24T21:50:38","modified_gmt":"2025-12-24T21:50:38","slug":"ole-baldishol-apner-dorene-til-storgarden","status":"publish","type":"post","link":"https:\/\/www.europesays.com\/no\/121286\/","title":{"rendered":"Ole Baldishol \u00e5pner d\u00f8rene til storg\u00e5rden"},"content":{"rendered":"<p class=\"kicker \" style=\"\">Slik er julen hjemme hos TV-stjernen Ole Baldishol<\/p>\n<p>  Om to \u00e5r overtar Ole Baldishol farens jobb. Da \u00f8nsker han \u00e5 finne en som vil dele g\u00e5rden \u2013 og resten av livet \u2013 med ham!<\/p>\n<p>\n    VELKOMMEN TIL G\u00c5RDS: Ole, lilles\u00f8ster Martha og pappa Ole Simen gleder seg til nok en juleh\u00f8ytid p\u00e5 Baldishol g\u00e5rd. Foto: Espen Solli\n  <\/p>\n<p class=\"font-weight-bold m-font-weight-bold\" data-lab-font_weight=\"font-weight-bold\">\u2013 Det er her jeg trives aller best, sier <a href=\"https:\/\/www.seher.no\/kjendis\/uvant-a-vaere-kjendis\/82145363\" rel=\"nofollow noopener\" target=\"_blank\">Ole Baldishol<\/a> (26). <\/p>\n<p>Hele Norge trykket ham til brystet etter at han var med i \u00abKompani Lauritzen \u2013 Tropp tre\u00bb. Vi m\u00f8ter ham hjemme p\u00e5 den praktfulle familieg\u00e5rden p\u00e5 Nes i Ringsaker, som han skal ta over om to \u00e5r. <\/p>\n<p>        <img loading=\"lazy\" decoding=\"async\" src=\"https:\/\/www.europesays.com\/no\/wp-content\/uploads\/2025\/12\/83925793.webp\" width=\"686\" height=\"769\" title=\"TV-KOMET: Ole Baldishol ble en favoritt da han deltok i \u00abKompani Lauritzen \u2013 Tropp tre\u00bb i 2022. Foto: TV2\" alt=\"\" class=\"\" style=\"--aspect-ratio-image: 0.89; \"\/><\/p>\n<p>\n        TV-KOMET: Ole Baldishol ble en favoritt da han deltok i \u00abKompani Lauritzen \u2013 Tropp tre\u00bb i 2022. Foto: TV2\n    <\/p>\n<p>Da er han tiende generasjons storbonde p\u00e5 g\u00e5rden, hvor historien kan spores tusen \u00e5r tilbake i tid. <\/p>\n<p>Vegg i vegg med hovedg\u00e5rden l\u00e5 det en liten kirke som ble revet i 1879. Der dukket det opp et middelaldersk gobelinteppe i ull og lin, som senere ble datert til perioden 1040 til 1190. Det er det eneste bevarte teppet fra den perioden i Norden. <\/p>\n<p>        <img loading=\"lazy\" decoding=\"async\" src=\"https:\/\/www.europesays.com\/no\/wp-content\/uploads\/2025\/12\/83925795.webp\" width=\"686\" height=\"570\" title=\"LANGE TRADISJONER: N\u00e5r Ole overtar g\u00e5rdsdriften, blir han tiende generasjon storbonde p\u00e5 den flotte g\u00e5rden Baldishol. Foto: Espen Solli\" alt=\"\" class=\"\" style=\"--aspect-ratio-image: 1.20; \"\/><\/p>\n<p>\n        LANGE TRADISJONER: N\u00e5r Ole overtar g\u00e5rdsdriften, blir han tiende generasjon storbonde p\u00e5 den flotte g\u00e5rden Baldishol. Foto: Espen Solli\n    <\/p>\n<p>N\u00e5 er Baldisholteppet utstilt p\u00e5 Nasjonalmuseet, hvor det er ett av museets aller viktigste verk. <\/p>\n<p>\u2013 Klart vi er stolte av det og v\u00e5re lange familietradisjoner, sier Ole og viser oss en kopi av teppet som henger i den julepyntede TV-stuen.<\/p>\n<p>    <a itemprop=\"url\" href=\"https:\/\/www.seher.no\/kjendis\/avbrot-konsert-giftet-seg\/83922747\" rel=\"nofollow noopener\" target=\"_blank\"><\/p>\n<p>        <img loading=\"lazy\" decoding=\"async\" src=\"https:\/\/www.europesays.com\/no\/wp-content\/uploads\/2025\/12\/83448866.webp\" width=\"147\" height=\"98\" title=\"Avbr\u00f8t konsert - giftet seg\" alt=\"\" class=\"lazyload\" style=\"--aspect-ratio-image: 1.50; \"\/><\/p>\n<p>        Avbr\u00f8t konsert &#8211; giftet seg<\/p>\n<p>    <\/a><\/p>\n<p>Juletradisjoner\t<\/p>\n<p>Klokka halv fem denne morgenen var odelsgutten i skogen for \u00e5 hogge \u00e5rets juletre.\u00a0<\/p>\n<p>Med god hjelp av lilles\u00f8ster Martha (21) ble det pyntet i en fei, bordet ble dekket og julepynten som har gledet store og sm\u00e5 i flere ti\u00e5r, ble hentet ned fra loftet og satt p\u00e5 sin faste plass. Tradisjonene er viktige p\u00e5 g\u00e5rden.<\/p>\n<p>        <img loading=\"lazy\" decoding=\"async\" src=\"https:\/\/www.europesays.com\/no\/wp-content\/uploads\/2025\/12\/83925812.webp\" width=\"686\" height=\"1029\" title=\"FYRER MED VED: Ole og Ole Simen er et godt team p\u00e5 g\u00e5rden \u2013 ogs\u00e5 n\u00e5r veden kl\u00f8yves og stables. Foto: Espen Solli\" alt=\"\" class=\"\" style=\"--aspect-ratio-image: 0.67; \"\/><\/p>\n<p>\n        FYRER MED VED: Ole og Ole Simen er et godt team p\u00e5 g\u00e5rden \u2013 ogs\u00e5 n\u00e5r veden kl\u00f8yves og stables. Foto: Espen Solli\n    <\/p>\n<p>        <img loading=\"lazy\" decoding=\"async\" src=\"https:\/\/www.europesays.com\/no\/wp-content\/uploads\/2025\/12\/83925803.webp\" width=\"686\" height=\"776\" title=\"RAMPENISSEN: Ole har rampeblikket p\u00e5 \u2013 og var ikke vanskelig \u00e5 be da han ble spurt om \u00e5 v\u00e6re med i \u00abRampenissen\u00bb p\u00e5 TV 2. Foto: Espen Solli\" alt=\"\" class=\"\" style=\"--aspect-ratio-image: 0.88; \"\/><\/p>\n<p>\n        RAMPENISSEN: Ole har rampeblikket p\u00e5 \u2013 og var ikke vanskelig \u00e5 be da han ble spurt om \u00e5 v\u00e6re med i \u00abRampenissen\u00bb p\u00e5 TV 2. Foto: Espen Solli\n    <\/p>\n<p>\u2013 Det er akkurat slik vi vil ha det i jula, smiler Ole, som har kledd p\u00e5 seg findress til \u00e6re for fotografen. Men han er litt ukomfortabel i den. <\/p>\n<p>I likhet med faren Ole Simen Baldishol (64) liker han seg aller best i lusekofte, arbeidsbukse og h\u00f8ye st\u00f8vler. <\/p>\n<p>        <img loading=\"lazy\" decoding=\"async\" src=\"https:\/\/www.europesays.com\/no\/wp-content\/uploads\/2025\/12\/83925839.webp\" width=\"686\" height=\"563\" title=\"GENERASJONSSKIFTE: Om to \u00e5r tar Ole over g\u00e5rden - og da flytter faren til et hus ved Mj\u00f8sas bredd. Foto: Espen Solli\" alt=\"\" class=\"\" style=\"--aspect-ratio-image: 1.22; \"\/><\/p>\n<p>\n        GENERASJONSSKIFTE: Om to \u00e5r tar Ole over g\u00e5rden &#8211; og da flytter faren til et hus ved Mj\u00f8sas bredd. Foto: Espen Solli\n    <\/p>\n<p>        <img loading=\"lazy\" decoding=\"async\" src=\"https:\/\/www.europesays.com\/no\/wp-content\/uploads\/2025\/12\/83925834.webp\" width=\"686\" height=\"584\" title=\"S\u00d8SKENKJ\u00c6RLIGHET: \u2013Vi gleder oss til overraskelser, juleribbe og julens gode tradisjoner, forteller Martha og Ole og klemmer p\u00e5 pakkene under treet. Foto: Espen Solli\" alt=\"\" class=\"\" style=\"--aspect-ratio-image: 1.17; \"\/><\/p>\n<p>\n        S\u00d8SKENKJ\u00c6RLIGHET: \u2013Vi gleder oss til overraskelser, juleribbe og julens gode tradisjoner, forteller Martha og Ole og klemmer p\u00e5 pakkene under treet. Foto: Espen Solli\n    <\/p>\n<p>F\u00f8lger tradisjonen\t<\/p>\n<p>Det er Ole Simen som driver g\u00e5rden i dag.\u00a0<\/p>\n<p>Men han er snart klar for \u00e5 pensjonere seg fra den daglige driften, og gi stafettpinnen videre til s\u00f8nnen. <\/p>\n<p>        <img loading=\"lazy\" decoding=\"async\" src=\"https:\/\/www.europesays.com\/no\/wp-content\/uploads\/2025\/12\/83925842.webp\" width=\"686\" height=\"460\" title=\"DELER P\u00c5 GLEDENE: Annet hvert \u00e5r er det jul p\u00e5 Baldishol. Her dekker Ole, Martha og Ole Simen p\u00e5 til selskap i storstua. Foto: Espen Solli\" alt=\"\" class=\"\" style=\"--aspect-ratio-image: 1.49; \"\/><\/p>\n<p>\n        DELER P\u00c5 GLEDENE: Annet hvert \u00e5r er det jul p\u00e5 Baldishol. Her dekker Ole, Martha og Ole Simen p\u00e5 til selskap i storstua. Foto: Espen Solli\n    <\/p>\n<p>\u2013 Det har alltid v\u00e6rt ment slik, sier Ole. <\/p>\n<p>Han har derfor aldri fundert p\u00e5 om han skal ta et annet valg enn det faren og forfedrene har gjort i generasjoner \u2013 det er bare slik det er. <\/p>\n<p>Veggene i hovedg\u00e5rden prydes av klenodier, og i hyller og skap er det skjulte skatter \u2013 mange av dem fra midten av 1600-tallet.<\/p>\n<p>        <img loading=\"lazy\" decoding=\"async\" src=\"https:\/\/www.europesays.com\/no\/wp-content\/uploads\/2025\/12\/83925854.webp\" width=\"686\" height=\"488\" title=\"HEIM TEL MOR: Julaften er hos far \u2013 men det blir mange julebes\u00f8k hos mamma Kristin \u2013 som bor et steinkast unna. Foto: Espen Solli\" alt=\"\" class=\"\" style=\"--aspect-ratio-image: 1.41; \"\/><\/p>\n<p>\n        HEIM TEL MOR: Julaften er hos far \u2013 men det blir mange julebes\u00f8k hos mamma Kristin \u2013 som bor et steinkast unna. Foto: Espen Solli\n    <\/p>\n<p> P\u00e5 de samme veggene er det malerier og fotografier av generasjoner av hardtarbeidende g\u00e5rdbrukere.<\/p>\n<p>\u2013 Oppveksten her har selvf\u00f8lgelig v\u00e6rt med p\u00e5 \u00e5 forme Ole til den han er i dag. Vi er jordn\u00e6re og uj\u00e5lete, og livet p\u00e5 landet er det beste for oss, sier pappa Ole Simen.<\/p>\n<p>        <img loading=\"lazy\" decoding=\"async\" src=\"https:\/\/www.europesays.com\/no\/wp-content\/uploads\/2025\/12\/83925861.webp\" width=\"686\" height=\"611\" title=\"ELSKER JUL: Ole er en ordentlig julegutt. Etter at han har hogget treet i egen skog, er det ogs\u00e5 han som f\u00e5r plassere pynten i toppen av treet.Foto: Espen Solli\" alt=\"\" class=\"\" style=\"--aspect-ratio-image: 1.12; \"\/><\/p>\n<p>\n        ELSKER JUL: Ole er en ordentlig julegutt. Etter at han har hogget treet i egen skog, er det ogs\u00e5 han som f\u00e5r plassere pynten i toppen av treet.Foto: Espen Solli\n    <\/p>\n<p>Byr p\u00e5 seg selv\t<\/p>\n<p>At Oles TV-suksess har medf\u00f8rt mye oppmerksomhet, har ikke forandret p\u00e5 noe \u2013 annet enn at han er blitt adskillig mer selvsikker og utadvendt.\u00a0<\/p>\n<p>Han har for lengst vent seg til at folk kommer kj\u00f8rende i bil inn p\u00e5 g\u00e5rdstunet for \u00e5 f\u00e5 et glimt av ham, eller aller helst en selfie med ham.<\/p>\n<p>        NY SESONG: \u00abAlle elsker David\u00bb gj\u00f8r endringer i sin syvende sesong. Video: TV 2\/ Danny Son Ngoc To \/ Thea Hope\/ R\u00f8d L\u00f8per<\/p>\n<p>Folk har ikke glemt ham.<\/p>\n<p class=\"font-weight-bold m-font-weight-bold\" data-lab-font_weight=\"font-weight-bold\">&#8211; Det er sikkert fordi jeg byr p\u00e5 meg selv, og at jeg aldri gj\u00f8r meg til. Jeg har den dialekten jeg har, trives med \u00e5 grave i jorda, snekre og jobbe s\u00e5 mye jeg orker, sier han.<\/p>\n<p>        <img loading=\"lazy\" decoding=\"async\" src=\"https:\/\/www.europesays.com\/no\/wp-content\/uploads\/2025\/12\/83925863.webp\" width=\"686\" height=\"536\" title=\"GUTTASTEMNING: - Klart vi m\u00e5 f\u00e5 med oss de siste episodene av \u00abRampenissen\u00bb, sier far og s\u00f8nn. Her sitter de i TV-stua hvor kopien av det ber\u00f8mte Baldisholteppet henger til pynt. Foto: Espen Solli\" alt=\"\" class=\"\" style=\"--aspect-ratio-image: 1.28; \"\/><\/p>\n<p>\n        GUTTASTEMNING: &#8211; Klart vi m\u00e5 f\u00e5 med oss de siste episodene av \u00abRampenissen\u00bb, sier far og s\u00f8nn. Her sitter de i TV-stua hvor kopien av det ber\u00f8mte Baldisholteppet henger til pynt. Foto: Espen Solli\n    <\/p>\n<p>N\u00e5 i desember kan du se ham i \u00abRampenissen\u00bb p\u00e5 TV 2. Han ser p\u00e5 det som et morsomt avbrekk.<\/p>\n<p>&#8211; Jeg vil leke s\u00e5 lenge jeg kan, og v\u00e6re med p\u00e5 ting jeg synes er g\u00f8y, sier han.<\/p>\n<p>    <a itemprop=\"url\" href=\"https:\/\/www.seher.no\/kjendis\/vekker-oppsikt-med-nytt-bilde\/83923870\" rel=\"nofollow noopener\" target=\"_blank\"><\/p>\n<p>        <img loading=\"lazy\" decoding=\"async\" src=\"https:\/\/www.europesays.com\/no\/wp-content\/uploads\/2025\/12\/1766613035_307_83923974.webp\" width=\"147\" height=\"98\" title=\"Vekker oppsikt med nytt bilde\" alt=\"\" class=\"lazyload\" style=\"--aspect-ratio-image: 1.50; \"\/><\/p>\n<p>        Vekker oppsikt med nytt bilde<\/p>\n<p>    <\/a><\/p>\n<p>S\u00e5 lenge faren driver g\u00e5rden, kan han gj\u00f8re slikt.<\/p>\n<p class=\"font-weight-bold m-font-weight-bold\" data-lab-font_weight=\"font-weight-bold\">&#8211; Og skulle det knipe, har vi avl\u00f8sere vi kan sp\u00f8rre om hjelp. Det f\u00f8lger et stort ansvar n\u00e5r vi har dyr p\u00e5 g\u00e5rden, understreker han.<\/p>\n<p>        \u00abSKAL VI DANSE\u00bb: Tale Torjussen har tatt med dansepartner Antonio Careri hjem til familien. Video: Tiktok\/@antonio_careri<\/p>\n<p>Tre til jul\t<\/p>\n<p>\u00a0Da Ole var 16 \u00e5r gammel, skilte foreldrene seg. Moren Kristin Opsahl (55) flyttet inn i et mindre hus, noen f\u00e5 hundre meter unna.<\/p>\n<p>&#8211; Til tross for skilsmissen har vi alltid v\u00e6rt en sammensveiset familie, sier Ole.<\/p>\n<p>        <img loading=\"lazy\" decoding=\"async\" src=\"https:\/\/www.europesays.com\/no\/wp-content\/uploads\/2025\/12\/83925872.webp\" width=\"686\" height=\"508\" title=\"KOS P\u00c5 LANDET: N\u00e5r Martha, Ole og faren Ole Simen er samlet, sitter latteren l\u00f8st. Foto: Espen Solli\" alt=\"\" class=\"\" style=\"--aspect-ratio-image: 1.35; \"\/><\/p>\n<p>\n        KOS P\u00c5 LANDET: N\u00e5r Martha, Ole og faren Ole Simen er samlet, sitter latteren l\u00f8st. Foto: Espen Solli\n    <\/p>\n<p>Han har for det meste bodd hos faren, mens lilles\u00f8ster Martha har bodd like mye hos mor. N\u00e5 studerer hun journalistikk i Volda, men har kommet hjem p\u00e5 juleferie.<\/p>\n<p>En uke f\u00f8r Se og H\u00f8r var p\u00e5 bes\u00f8k, bakte trekl\u00f8veret 300 smultringer.\u00a0<\/p>\n<p>        ENDRING: Flere av kongehusets \u00f8vrige medlemmer er ikke \u00e5 finne i skattelistene, men det vil de v\u00e6re til neste \u00e5r. Video: Silja Furset\/ Thea Hope\/ R\u00f8d L\u00f8per<\/p>\n<p>Ole Simen hadde ansvaret for smultgryta, Ole formet smultringene og la dem p\u00e5 brett, mens Martha l\u00f8p opp og ned mellom kj\u00f8kken og kjeller der frityrkjelen sto og putret. <\/p>\n<p>I \u00e5r er det her p\u00e5 hovedg\u00e5rden julen skal feires.<\/p>\n<p>&#8211; Vi bytter p\u00e5 \u00e5 ha jul hos mor og far annet hvert \u00e5r. Det er en tradisjon vi liker godt, sier Ole. <\/p>\n<p>    <a itemprop=\"url\" href=\"https:\/\/www.seher.no\/kjendis\/apner-opp-skjor-og-usikker\/83931863\" rel=\"nofollow noopener\" target=\"_blank\"><\/p>\n<p>        <img loading=\"lazy\" decoding=\"async\" src=\"https:\/\/www.europesays.com\/no\/wp-content\/uploads\/2025\/12\/1766613038_550_83931548.webp\" width=\"147\" height=\"98\" title=\"\u00c5pner opp: - Skj\u00f8r og usikker\" alt=\"\" class=\"lazyload\" style=\"--aspect-ratio-image: 1.50; \"\/><\/p>\n<p>        \u00c5pner opp: &#8211; Skj\u00f8r og usikker<\/p>\n<p>    <\/a><\/p>\n<p>Et stort jule\u00f8nske\t<\/p>\n<p>Det var lilles\u00f8ster Martha som fikk ideen til \u00e5 melde Ole p\u00e5 \u00abKompani Lauritzen\u00bb. <\/p>\n<p>&#8211; Ole har alltid en passende replikk \u00e5 komme med, eller en frisk humoristisk kommentar. Det liker jeg veldig godt, sier hun til Se og H\u00f8r.<\/p>\n<p>        KLINTE TIL: Artist Adrian Sellevoll kliner til i f\u00f8rste episode av \u00abRampenissen\u00bb, og r\u00f8per at han ble singel rett etter innspillingen. Reporter: Sanne Holt. Video: TV 2\/ \u00abRampenissen\u00bb\/ Sanne Holt\/ Vicotoria L\u00f8vik\/ R\u00f8d L\u00f8per<\/p>\n<p>Det var TV 2 som tok kontakt da det gjaldt en rolle i \u00abRampenissen\u00bb, men \u00e9n serie har Ole tenkt p\u00e5 selv.<\/p>\n<p>&#8211; Jeg er ikke ferdig med TV. Dr\u00f8mmen er \u00e5 bli en av b\u00f8ndene i \u00abJakten p\u00e5 kj\u00e6rligheten\u00bb. N\u00e5 har jeg to \u00e5r til \u00e5 leve livet p\u00e5 f\u00f8r jeg overtar slektsg\u00e5rden. Da hadde det v\u00e6rt skikkelig stas \u00e5 flytte inn med en kj\u00e6reste som blir min livsledsager, avsl\u00f8rer Ole.<\/p>\n","protected":false},"excerpt":{"rendered":"Slik er julen hjemme hos TV-stjernen Ole Baldishol Om to \u00e5r overtar Ole Baldishol farens jobb. Da \u00f8nsker&hellip;\n","protected":false},"author":2,"featured_media":121287,"comment_status":"","ping_status":"","sticky":false,"template":"","format":"standard","meta":{"footnotes":""},"categories":[58],"tags":[4104,71,479,2176,30,28,29,4738,5720,72],"class_list":{"0":"post-121286","1":"post","2":"type-post","3":"status-publish","4":"format-standard","5":"has-post-thumbnail","7":"category-underholdning","8":"tag-eksklusivt","9":"tag-entertainment","10":"tag-kjendis","11":"tag-kompani-lauritzen","12":"tag-no","13":"tag-norge","14":"tag-norway","15":"tag-ole-baldishol","16":"tag-rampenissen","17":"tag-underholdning"},"share_on_mastodon":{"url":"https:\/\/pubeurope.com\/@no\/115776758024134729","error":""},"_links":{"self":[{"href":"https:\/\/www.europesays.com\/no\/wp-json\/wp\/v2\/posts\/121286","targetHints":{"allow":["GET"]}}],"collection":[{"href":"https:\/\/www.europesays.com\/no\/wp-json\/wp\/v2\/posts"}],"about":[{"href":"https:\/\/www.europesays.com\/no\/wp-json\/wp\/v2\/types\/post"}],"author":[{"embeddable":true,"href":"https:\/\/www.europesays.com\/no\/wp-json\/wp\/v2\/users\/2"}],"replies":[{"embeddable":true,"href":"https:\/\/www.europesays.com\/no\/wp-json\/wp\/v2\/comments?post=121286"}],"version-history":[{"count":0,"href":"https:\/\/www.europesays.com\/no\/wp-json\/wp\/v2\/posts\/121286\/revisions"}],"wp:featuredmedia":[{"embeddable":true,"href":"https:\/\/www.europesays.com\/no\/wp-json\/wp\/v2\/media\/121287"}],"wp:attachment":[{"href":"https:\/\/www.europesays.com\/no\/wp-json\/wp\/v2\/media?parent=121286"}],"wp:term":[{"taxonomy":"category","embeddable":true,"href":"https:\/\/www.europesays.com\/no\/wp-json\/wp\/v2\/categories?post=121286"},{"taxonomy":"post_tag","embeddable":true,"href":"https:\/\/www.europesays.com\/no\/wp-json\/wp\/v2\/tags?post=121286"}],"curies":[{"name":"wp","href":"https:\/\/api.w.org\/{rel}","templated":true}]}}