{"id":121288,"date":"2025-12-24T21:54:26","date_gmt":"2025-12-24T21:54:26","guid":{"rendered":"https:\/\/www.europesays.com\/no\/121288\/"},"modified":"2025-12-24T21:54:26","modified_gmt":"2025-12-24T21:54:26","slug":"en-odelagt-by-full-av-lik","status":"publish","type":"post","link":"https:\/\/www.europesays.com\/no\/121288\/","title":{"rendered":"\u2013 En \u00f8delagt by full av lik"},"content":{"rendered":"<p class=\"kicker text-red color_mobile_text-red\" style=\"\">\u00d8yenvitne i\u00a0El Fasher:<\/p>\n<p>  Da den sudanske sykepleieren Asmaa kom tilbake til El Fasher i Darfur, fant hun bare lik der naboene hennes en gang bodde, og ingen spor etter familien sin.<\/p>\n<p>\n    Tykk, svart r\u00f8yk stiger opp etter et angrep fra RSF-militsen i havnebyen Sudan i mai i \u00e5r. I april 2023 br\u00f8t det ut kamper mellom Sudans regjeringsh\u00e6r og RSF-militsen og siden har kampene rast i ulike steder av landet. Arkivfoto: AP \/ NTB\n  <\/p>\n<p>RSF-militsen, som har kjempet mot Sudans milit\u00e6re styrker siden april 2023, inntok El Fasher 26. oktober i en blodig offensiv preget av henrettelser, grusomheter, plyndring og voldtekt.<\/p>\n<p>Over hundre tusen har flyktet fra El Fasher siden RSF overtok kontrollen, mens mellom 70.000 og 100.000 innbyggere er fanget inne i byen, if\u00f8lge Verdens matvareprogram (WFP).<\/p>\n<p>Siden RSF tok kontrollen, har de stengt El Fasher av fra omverdenen, og blokkerer ogs\u00e5 for kommunikasjon med byen. Lite har v\u00e6rt kjent fra livet i byen siden RSF-krigere for \u00e5tte uker siden la ut bilder som viste massedrap som sjokkerte verden.<\/p>\n<p>        <img loading=\"lazy\" decoding=\"async\" src=\"https:\/\/www.europesays.com\/no\/wp-content\/uploads\/2025\/12\/84022332.webp\" width=\"980\" height=\"559\" title=\"Kvinner som har flyktet fra El Fasher, holder n\u00e5 til under kummerlige forhold i El-Afadh-leiren nord i Sudan. Det er f\u00e5 som t\u00f8r \u00e5 reiste tilbake til El Fasher som er under RFS-militsens kontroll. Foto: Marwan Ali \/ AP \/ NTB\" alt=\"\" class=\"\" style=\"--aspect-ratio-image: 1.75; \"\/><\/p>\n<p>\n        Kvinner som har flyktet fra El Fasher, holder n\u00e5 til under kummerlige forhold i El-Afadh-leiren nord i Sudan. Det er f\u00e5 som t\u00f8r \u00e5 reiste tilbake til El Fasher som er under RFS-militsens kontroll. Foto: Marwan Ali \/ AP \/ NTB\n    <\/p>\n<p>Et situasjonsbilde\t<\/p>\n<p>Nyhetsbyr\u00e5et AFP fikk nylig kontakt med to innbyggere inne i byen via satellittkommunikasjon og har ogs\u00e5 f\u00e5tt beretninger fra to hjelpeorganisasjoner som har f\u00e5tt tilgang til byen. AFP har ogs\u00e5 analyserte satellittbilder for \u00e5 danne seg et bilde av situasjonen i El Fasher under RSF.<\/p>\n<p>Asmaa forteller at hun flyktet dagen byen falt til RSF, men at hun ble p\u00e5grepet sammen med elleve andre. Hun ble l\u00f8slatt f\u00f8rst etter \u00e5 ha betalt 3000 dollar i l\u00f8sepenger.<\/p>\n<p>Til tross for farene valgte hun \u00e5 reise tilbake til El Fasher, og har brukt fem uker p\u00e5 \u00e5 lete etter br\u00f8drene sine, svogeren og flere s\u00f8skenbarn.<\/p>\n<p>\u2013 Jeg vet ikke om de er fengslet eller d\u00f8de. Jeg fortsetter bare \u00e5 lete \u2013 i tilfluktsrom, skoler, overalt, forteller hun til AFP.<\/p>\n<p>        \u00abKJ\u00d8TTANGREP\u00bb: Ukrainske bakkestyrker hevder at russerne mister utstyr s\u00e5 raskt at de m\u00e5 bruke hester for \u00e5 forflytte seg. Video: Ukrainas 92. separate angrepsbrigade. Reporter: Anabelle Bruun\/Dagbladet TV<\/p>\n<p>Hun skildrer en skremmende by, full av lik.<\/p>\n<p>Hennes eget hjem er fullstendig \u00f8delagt.<\/p>\n<p>Nylig drept\t<\/p>\n<p>Da en nabo ba henne sjekke hvordan det sto til med familien hans, fant hun to av s\u00f8skenbarna hans drept i huset. Hun l\u00f8p skrekkslagen bort.<\/p>\n<p>\u2013 De var drept nylig, forteller hun.<\/p>\n<p>Asmaa har ogs\u00e5 sett det hun beskriver som gr\u00f8fter der drepte trolig er gravlagt.<\/p>\n<p>Satellittbilder analysert av AFP bekrefter hennes beretning, og avsl\u00f8rer et \u00f8kende antall av det som ser ut som graver i et 3600 kvadratmeter stort omr\u00e5de n\u00e6r Unicefs hovedkvarter i byen.<\/p>\n<p>WFP har vist til beretninger om brente lik, forlatte markeder og veier fulle av miner. De mener at det som er kjent om forholdene i El Fasher er \u00abhinsides grusomt\u00bb.<\/p>\n<p>        KJ\u00c6RLIGHET: P\u00e5 Vladimir Putins \u00e5rlige pressekonferanse fikk han blant annet sp\u00f8rsm\u00e5l om kj\u00e6rligheten. Video: AP. Reporter: Anabelle Bruun\/Dagbladet TV<\/p>\n<p>Mange rapporter om d\u00f8de\t<\/p>\n<p>En frivillig fra R\u00f8de Halvm\u00e5ne, som uttaler seg anonymt til AFP, forteller at teamet hans kom inn i El Fasher 4. desember og begravde d\u00f8de som l\u00e5 spredt rundt i gater og i bygninger. Nye rapporter om likfunn kom daglig.<\/p>\n<p>Yale Universitys Humanitarian Research Lab (HRL) analyserte satellittbilder fra slutten av november. Disse viste hauger av objekter som stemmer overens med menneskekropper.<\/p>\n<p>\u2013 Disse haugene ble flyttet rundt, begravd og brent, med RSF-styrker til stede, forteller HRL-direkt\u00f8r Nathaniel Raymond.<\/p>\n<p>        En video av Palantir-sjef Alex Karp under et New York Times arrangement i starten av desember vekker reaksjoner. Video: X \/ New York Times <\/p>\n<p>Tomme gater\t<\/p>\n<p>I omr\u00e5der som en gang var fulle av aktivitet, ligger gatene n\u00e5 tomme.<\/p>\n<p>En analyse av satellittbilder tatt i midten av desember, viser ingen synlig aktivitet rundt fire hovedmarkeder i byen, omr\u00e5der som var travle f\u00f8r krigen, begynte.<\/p>\n<p>Ismail, som kom tilbake til El Fasher fem uker etter overtakelsen, beskriver et \u00f8de nabolag. Hjemmet hans var delvis \u00f8delagt og plyndret.<\/p>\n<p>\u2013 Omr\u00e5det er helt tomt. N\u00e5r jeg g\u00e5r ut for \u00e5 f\u00e5 tak i noe, frykter jeg for familien min, fortalte Ismail, som bruker pseudonym av hensyn til egen sikkerhet<\/p>\n<p>        SYRIA: Etter et bakholdsangrep mot tre amerikanere, deriblant to soldater, bestemmer Trump-administrasjonen seg for \u00e5 iverksette flere milit\u00e6re angrep i Syria. Video: AP. Reporter: Trond Markus Gravdal<\/p>\n<p>Underern\u00e6ring og hungersn\u00f8d\t<\/p>\n<p>Sivilbefolkningen i El Fasher har sv\u00e6rt lite \u00e5 klare seg p\u00e5. I lang tid har ikke byen f\u00e5tt noe s\u00e6rlig hjelp utenfra. I november slo Leger Uten Grenser fast at det var ekstrem underern\u00e6ring i befolkningen. FN bekreftet hungersn\u00f8d forrige m\u00e5ned<\/p>\n<p>En av de f\u00e5 hjelpeorganisasjonene som har f\u00e5tt tilgang, Malam Darfur Peace and Development Organisation, forteller at de fikk levert mat og tepper 2. desember. De registrerte alvorlig mangel p\u00e5 vann, mat og medisiner.<\/p>\n<p>        <img loading=\"lazy\" decoding=\"async\" src=\"https:\/\/www.europesays.com\/no\/wp-content\/uploads\/2025\/12\/84022328.webp\" width=\"980\" height=\"559\" title=\"Barn og kvinner har s\u00f8kt tilflukt i Tawila-flyktningleir etter \u00e5 ha flyktet fra El Fasher tidligere i h\u00f8st. Foto: Mohammed Jammal\/Unicef via AP \/ NTB\" alt=\"\" class=\"\" style=\"--aspect-ratio-image: 1.75; \"\/><\/p>\n<p>\n        Barn og kvinner har s\u00f8kt tilflukt i Tawila-flyktningleir etter \u00e5 ha flyktet fra El Fasher tidligere i h\u00f8st. Foto: Mohammed Jammal\/Unicef via AP \/ NTB\n    <\/p>\n<p>Tvunget tilbake\t<\/p>\n<p>Leger Uten Grenser (MSF), som holder til i flyktningbyen Tawila 70 kilometer vest for El Fasher, sier de har mottatt en rekke ferske rapporter om kidnappinger inne i byen og langs fluktruter ut av byen.<\/p>\n<p>\u2013 RSF vil holde folk i byen, forteller MSFs n\u00f8dkoordinator Myriam Laaroussi til AFP. Hun legger til at mange som nylig fors\u00f8kte \u00e5 dra fra byen, er blitt tvunget tilbake.<\/p>\n<p>\u2013 De som har klart \u00e5 komme ut, forteller om familier som betaler l\u00f8sepenger, menn som blir torturert eller skutt, foreldre drept og barn etterlatt uten f\u00f8lge, sa hun.<\/p>\n<p>RSF har avvist anklagene som fabrikkerte fortellinger. RSF hevdet de etterforsker p\u00e5standene og er opptatt av \u00e5 vise et annet bilde av El Fasher under deres styre.<\/p>\n<p>I videoer skryter de av gjenoppbyggingsprosjekter, en ny politistasjon og inspeksjoner av byens vannverk. De oppfordrer innbyggerne til \u00e5 gjenoppta et normalt liv.<\/p>\n<p>    Fakta om krigen i Sudan<\/p>\n<p>* I april 2023 br\u00f8t det ut kamper mellom Sudans regjeringsh\u00e6r under ledelse av kuppgeneralen Abdel Fattah al-Burhan og RSF-militsen under ledelse av Mohamed Hamdan Dagalo.<\/p>\n<p>* RSF ble dannet i 2013 med utgangspunkt i Janjaweed-militsen, som anklages for \u00e5 ha beg\u00e5tt omfattende krigsforbrytelser i Darfur-regionen p\u00e5 vegne av det dav\u00e6rende regimet i Khartoum.<\/p>\n<p>* Krigen har krevd titusenvis av liv og drevet 13 millioner mennesker p\u00e5 flukt.<\/p>\n<p>* Rundt 4 millioner har funnet veien til naboland som Tsjad, S\u00f8r-Sudan, Etiopia og Egypt.<\/p>\n<p>* 21 millioner mennesker lider av alvorlig matmangel, og 6 millioner kan allerede v\u00e6re rammet av hungersn\u00f8d.<\/p>\n<p>* Begge parter i krigen anklages for \u00e5 bruke sult som v\u00e5pen og for \u00e5 hindre at nok n\u00f8dhjelp slipper inn.<\/p>\n<p>* De anklages ogs\u00e5 for omfattende krigsforbrytelser og etnisk rensing.<\/p>\n<p>      Vis mer<br \/>\n      Vis mindre<\/p>\n","protected":false},"excerpt":{"rendered":"\u00d8yenvitne i\u00a0El Fasher: Da den sudanske sykepleieren Asmaa kom tilbake til El Fasher i Darfur, fant hun bare&hellip;\n","protected":false},"author":2,"featured_media":121289,"comment_status":"","ping_status":"","sticky":false,"template":"","format":"standard","meta":{"footnotes":""},"categories":[12],"tags":[2538,20,21,14420,24,25,15,474,22,23,13,30,28,29,14,16,3918,26,27,42,43,44,45],"class_list":{"0":"post-121288","1":"post","2":"type-post","3":"status-publish","4":"format-standard","5":"has-post-thumbnail","7":"category-verden","8":"tag-afrika","9":"tag-breaking-news","10":"tag-breakingnews","11":"tag-el-fasher","12":"tag-featured-news","13":"tag-featurednews","14":"tag-headlines","15":"tag-krig","16":"tag-latest-news","17":"tag-latestnews","18":"tag-news","19":"tag-no","20":"tag-norge","21":"tag-norway","22":"tag-nyheter","23":"tag-overskrifter","24":"tag-sudan","25":"tag-top-stories","26":"tag-topstories","27":"tag-verden","28":"tag-world","29":"tag-world-news","30":"tag-worldnews"},"share_on_mastodon":{"url":"https:\/\/pubeurope.com\/@no\/115776773574842882","error":""},"_links":{"self":[{"href":"https:\/\/www.europesays.com\/no\/wp-json\/wp\/v2\/posts\/121288","targetHints":{"allow":["GET"]}}],"collection":[{"href":"https:\/\/www.europesays.com\/no\/wp-json\/wp\/v2\/posts"}],"about":[{"href":"https:\/\/www.europesays.com\/no\/wp-json\/wp\/v2\/types\/post"}],"author":[{"embeddable":true,"href":"https:\/\/www.europesays.com\/no\/wp-json\/wp\/v2\/users\/2"}],"replies":[{"embeddable":true,"href":"https:\/\/www.europesays.com\/no\/wp-json\/wp\/v2\/comments?post=121288"}],"version-history":[{"count":0,"href":"https:\/\/www.europesays.com\/no\/wp-json\/wp\/v2\/posts\/121288\/revisions"}],"wp:featuredmedia":[{"embeddable":true,"href":"https:\/\/www.europesays.com\/no\/wp-json\/wp\/v2\/media\/121289"}],"wp:attachment":[{"href":"https:\/\/www.europesays.com\/no\/wp-json\/wp\/v2\/media?parent=121288"}],"wp:term":[{"taxonomy":"category","embeddable":true,"href":"https:\/\/www.europesays.com\/no\/wp-json\/wp\/v2\/categories?post=121288"},{"taxonomy":"post_tag","embeddable":true,"href":"https:\/\/www.europesays.com\/no\/wp-json\/wp\/v2\/tags?post=121288"}],"curies":[{"name":"wp","href":"https:\/\/api.w.org\/{rel}","templated":true}]}}