{"id":121296,"date":"2025-12-24T22:12:17","date_gmt":"2025-12-24T22:12:17","guid":{"rendered":"https:\/\/www.europesays.com\/no\/121296\/"},"modified":"2025-12-24T22:12:17","modified_gmt":"2025-12-24T22:12:17","slug":"amad-diallo-sikrer-seier-for-elfenbenskysten-i-afrikamesterskapet","status":"publish","type":"post","link":"https:\/\/www.europesays.com\/no\/121296\/","title":{"rendered":"Amad Diallo sikrer seier for Elfenbenskysten i Afrikamesterskapet"},"content":{"rendered":"<p>\n        Amad Diallo etter m\u00e5l mot Mosambik.<br \/>\n        Skjermbilde\n    <\/p>\n<p>Er du United-supporter &#8211; og fra alle andre land enn Elfenbenskysten &#8211; h\u00e5per du kanskje at Amad Diallo og Elfenbenskysten forsvinner ut av Afrika-mesterskapet allerede i gruppespillet, slik at Amad kan returnere raskest mulig til United igjen.<\/p>\n<p>Etter onsdagens \u00e5pningskamp kan det imidlertid bli vanskelig.<\/p>\n<p>Nettopp p\u00e5 grunn av Amad.<\/p>\n<p>United-spilleren ble nemlig matchvinner og dermed den store helten med 1-0-m\u00e5let mot Mosambik, da han fire minutter etter pause reagerte raskest da en ball ble headet ned i feltet. Avslutningen satt kontant i hj\u00f8rnet p\u00e5 direkten fra 10-11 meter.<\/p>\n<p>                <img decoding=\"async\" src=\"https:\/\/www.europesays.com\/no\/wp-content\/uploads\/2025\/12\/1410697.webp\" width=\"480\" height=\"274\" title=\"Amad Diallo scorer 1-0 for Elfenbenskysten mot Mosambik i Afrika-mesterskapet.\" alt=\"Amad Diallo scorer 1-0 for Elfenbenskysten mot Mosambik i Afrika-mesterskapet.\" loading=\"lazy\" style=\"\"\/><\/p>\n<p>\n            Amad Diallo scorer 1-0 for Elfenbenskysten mot Mosambik i Afrika-mesterskapet.<br \/>\n            Skjermbilde\n        <\/p>\n<p>Amad spilte de f\u00f8rste 81 minuttene som h\u00f8yrekant f\u00f8r han ble byttet ut. Det holdt likevel til \u00e5 bli k\u00e5ret til kampens bestemann.<\/p>\n<p>P\u00e5 motsatt side for Elfenbenskysten spilte 19 \u00e5r gamle Yan Diomande, som ble koblet til United i <a href=\"https:\/\/www.united.no\/nyheter\/onsdagens-rykter\/1410298\" rel=\"nofollow noopener\" target=\"_blank\">onsdagens ryktespalte.<\/a><\/p>\n<p>Elfenbenskysten er i gruppe med Bryan Mbeumos Kamerun og Gabon, som m\u00f8ttes seneste onsdag kveld.\u00a0<\/p>\n<p>Mbeumo spilte, som Amad, ogs\u00e5 en sentral rolle.<\/p>\n<p>Allerede etter seks minutter plukket han opp en klarering fra Gabon-forsvaret, vendte opp og spilte s\u00e5 gjennom lagkamerat\u00a0Karl Etta Eyong, til daglig i Girona, som scoret alene med keeper.\u00a0<\/p>\n<p>Det ble kampens eneste scoring, s\u00e5 Amad og Mbeumo deler ledelsen i gruppa etter den f\u00f8rste av tre gruppespillskamper.<\/p>\n","protected":false},"excerpt":{"rendered":"Amad Diallo etter m\u00e5l mot Mosambik. Skjermbilde Er du United-supporter &#8211; og fra alle andre land enn Elfenbenskysten&hellip;\n","protected":false},"author":2,"featured_media":121297,"comment_status":"","ping_status":"","sticky":false,"template":"","format":"standard","meta":{"footnotes":""},"categories":[59],"tags":[30,28,29,83,82],"class_list":{"0":"post-121296","1":"post","2":"type-post","3":"status-publish","4":"format-standard","5":"has-post-thumbnail","7":"category-sport","8":"tag-no","9":"tag-norge","10":"tag-norway","11":"tag-sport","12":"tag-sports"},"share_on_mastodon":{"url":"https:\/\/pubeurope.com\/@no\/115776844338827764","error":""},"_links":{"self":[{"href":"https:\/\/www.europesays.com\/no\/wp-json\/wp\/v2\/posts\/121296","targetHints":{"allow":["GET"]}}],"collection":[{"href":"https:\/\/www.europesays.com\/no\/wp-json\/wp\/v2\/posts"}],"about":[{"href":"https:\/\/www.europesays.com\/no\/wp-json\/wp\/v2\/types\/post"}],"author":[{"embeddable":true,"href":"https:\/\/www.europesays.com\/no\/wp-json\/wp\/v2\/users\/2"}],"replies":[{"embeddable":true,"href":"https:\/\/www.europesays.com\/no\/wp-json\/wp\/v2\/comments?post=121296"}],"version-history":[{"count":0,"href":"https:\/\/www.europesays.com\/no\/wp-json\/wp\/v2\/posts\/121296\/revisions"}],"wp:featuredmedia":[{"embeddable":true,"href":"https:\/\/www.europesays.com\/no\/wp-json\/wp\/v2\/media\/121297"}],"wp:attachment":[{"href":"https:\/\/www.europesays.com\/no\/wp-json\/wp\/v2\/media?parent=121296"}],"wp:term":[{"taxonomy":"category","embeddable":true,"href":"https:\/\/www.europesays.com\/no\/wp-json\/wp\/v2\/categories?post=121296"},{"taxonomy":"post_tag","embeddable":true,"href":"https:\/\/www.europesays.com\/no\/wp-json\/wp\/v2\/tags?post=121296"}],"curies":[{"name":"wp","href":"https:\/\/api.w.org\/{rel}","templated":true}]}}