{"id":121301,"date":"2025-12-24T22:24:29","date_gmt":"2025-12-24T22:24:29","guid":{"rendered":"https:\/\/www.europesays.com\/no\/121301\/"},"modified":"2025-12-24T22:24:29","modified_gmt":"2025-12-24T22:24:29","slug":"restaurant-lager-700-julemiddager-til-folk-som-trenger-hjelp-nrk-sorlandet-lokale-nyheter-tv-og-radio","status":"publish","type":"post","link":"https:\/\/www.europesays.com\/no\/121301\/","title":{"rendered":"Restaurant lager 700 julemiddager til folk som trenger hjelp \u2013 NRK S\u00f8rlandet \u2013 Lokale nyheter, TV og radio"},"content":{"rendered":"<p>\u2013 Jeg har alltid tenkt at jeg har lyst til \u00e5 gi noe tilbake, og jeg ser at det er folk som har behov for litt ekstra hjelp, sier syriske Rezan Assad (38).<\/p>\n<p>Han er daglig leder for restauranten The Royal Corner i Kristiansand, som har sitt eget julehjelp-prosjekt kalt \u00abRoyal Jul for alle\u00bb.<\/p>\n<p><strong>\u2013 Vi skal lage 700 middager til folk som trenger litt ekstra hjelp, sier Assad.<\/strong><\/p>\n<p>F\u00e5r velge mat<\/p>\n<p>Lille julaften var restauranten godt i gang med \u00e5 lage mat som 700 f\u00e5r p\u00e5 selve julaften.<\/p>\n<p>Mottakerne har blitt kontaktet og f\u00e5tt velge mellom pinnekj\u00f8tt, entrec\u00f4te, kyllingfilet og sei. Tilbeh\u00f8r er poteter, ris, gr\u00f8nnsaker, salat og sauser.<\/p>\n<p>Assad forteller at de har f\u00e5tt en del av varene fra restauranter, butikker og grossister.<\/p>\n<p>De samarbeider med flere frivillige organisasjoner og kommunen, og gjennom dette har de f\u00e5tt vite hvem tilbudet kan v\u00e6re aktuelt for.<\/p>\n<p><img decoding=\"async\"   src=\"data:image\/gif;base64,R0lGODlhAQABAIAAAAAAAP\/\/\/yH5BAEAAAAALAAAAAABAAEAAAIBRAA7\" loading=\"eager\" alt=\"Assad\" title=\"Foto: Heidi Ditlefsen \/ NRK\"\/><\/p>\n<p class=\"\">Rezan Assad har selv hatt behov for hjelp, s\u00e5 n\u00e5 \u00f8nsker han \u00e5 hjelpe andre. <\/p>\n<p>Foto: Heidi Ditlefsen \/ NRK<\/p>\n<p>Mange frivillige<\/p>\n<p>Assad forteller at mange frivillige bidrar. Noen av dem skal kj\u00f8re ut mat.<\/p>\n<p>\u2013 Det er mange som har meldt seg som sj\u00e5f\u00f8r med bil. Andre har meldt seg bare som sj\u00e5f\u00f8r. Da har vi ekstra biler de kan f\u00e5 l\u00e5ne, sier Assad.<\/p>\n<p>Han forteller at frivillige ogs\u00e5 hjelper til med \u00e5 lage mat.<\/p>\n<p>Gavin Okane (52) er en av de frivillige som bidrar p\u00e5 kj\u00f8kkenet.<\/p>\n<p>Han jobber til daglig som kokk p\u00e5 Scandic hotell, men n\u00e5 er restauranten stengt.<\/p>\n<p>\u2013 Jeg elsker \u00e5 hjelpe folk, s\u00e5 hvis jeg kan gj\u00f8re det, er det helt topp, sier han.<\/p>\n<p>\u2013 Hva gir det deg \u00e5 v\u00e6re med p\u00e5 dette som frivillig?<\/p>\n<p>\u2013 Det f\u00f8les godt. Det er kjempefint, sier han.<\/p>\n<p><img decoding=\"async\"   src=\"data:image\/gif;base64,R0lGODlhAQABAIAAAAAAAP\/\/\/yH5BAEAAAAALAAAAAABAAEAAAIBRAA7\" loading=\"eager\" alt=\"Kokk\" title=\"Foto: Heidi Ditlefsen \/ NRK\"\/><\/p>\n<p class=\"\">Kokk Gavin Okane bidrar som frivillig. <\/p>\n<p>Foto: Heidi Ditlefsen \/ NRK<\/p>\n<p>Tredje gang<\/p>\n<p>Det er tredje gang The Royal Corner arrangerer Royal Jul for alle.<\/p>\n<p>Assad sier at prosjektet handler om \u00e5 hjelpe folk som sliter \u00f8konomisk, og at hovedfokuset er barn.<\/p>\n<p>\u2013 Barn skal ikke oppleve det vonde i forbindelse krig, kriser, fattigdom eller \u00f8konomi, sier han.<\/p>\n<p>Publisert<\/p>\n<p>24.12.2025, kl. 11.02<\/p>\n<p>Oppdatert<\/p>\n<p>24.12.2025, kl. 13.05<\/p>\n","protected":false},"excerpt":{"rendered":"\u2013 Jeg har alltid tenkt at jeg har lyst til \u00e5 gi noe tilbake, og jeg ser at&hellip;\n","protected":false},"author":2,"featured_media":121302,"comment_status":"","ping_status":"","sticky":false,"template":"","format":"standard","meta":{"footnotes":""},"categories":[10],"tags":[20,21,24,25,15,22,23,13,30,28,29,14,16,26,27],"class_list":{"0":"post-121301","1":"post","2":"type-post","3":"status-publish","4":"format-standard","5":"has-post-thumbnail","7":"category-norge","8":"tag-breaking-news","9":"tag-breakingnews","10":"tag-featured-news","11":"tag-featurednews","12":"tag-headlines","13":"tag-latest-news","14":"tag-latestnews","15":"tag-news","16":"tag-no","17":"tag-norge","18":"tag-norway","19":"tag-nyheter","20":"tag-overskrifter","21":"tag-top-stories","22":"tag-topstories"},"share_on_mastodon":{"url":"https:\/\/pubeurope.com\/@no\/115776891532529629","error":""},"_links":{"self":[{"href":"https:\/\/www.europesays.com\/no\/wp-json\/wp\/v2\/posts\/121301","targetHints":{"allow":["GET"]}}],"collection":[{"href":"https:\/\/www.europesays.com\/no\/wp-json\/wp\/v2\/posts"}],"about":[{"href":"https:\/\/www.europesays.com\/no\/wp-json\/wp\/v2\/types\/post"}],"author":[{"embeddable":true,"href":"https:\/\/www.europesays.com\/no\/wp-json\/wp\/v2\/users\/2"}],"replies":[{"embeddable":true,"href":"https:\/\/www.europesays.com\/no\/wp-json\/wp\/v2\/comments?post=121301"}],"version-history":[{"count":0,"href":"https:\/\/www.europesays.com\/no\/wp-json\/wp\/v2\/posts\/121301\/revisions"}],"wp:featuredmedia":[{"embeddable":true,"href":"https:\/\/www.europesays.com\/no\/wp-json\/wp\/v2\/media\/121302"}],"wp:attachment":[{"href":"https:\/\/www.europesays.com\/no\/wp-json\/wp\/v2\/media?parent=121301"}],"wp:term":[{"taxonomy":"category","embeddable":true,"href":"https:\/\/www.europesays.com\/no\/wp-json\/wp\/v2\/categories?post=121301"},{"taxonomy":"post_tag","embeddable":true,"href":"https:\/\/www.europesays.com\/no\/wp-json\/wp\/v2\/tags?post=121301"}],"curies":[{"name":"wp","href":"https:\/\/api.w.org\/{rel}","templated":true}]}}