{"id":121303,"date":"2025-12-24T22:25:13","date_gmt":"2025-12-24T22:25:13","guid":{"rendered":"https:\/\/www.europesays.com\/no\/121303\/"},"modified":"2025-12-24T22:25:13","modified_gmt":"2025-12-24T22:25:13","slug":"alle-er-i-sorg","status":"publish","type":"post","link":"https:\/\/www.europesays.com\/no\/121303\/","title":{"rendered":"\u2013 Alle er i sorg"},"content":{"rendered":"\n<p class=\"_lead_o9xde_2 _lead_xtcu6_50 layout-component text-serif-m layout-normal text-serif-l layout-component layout-wide layout-padded _wide_17hqh_1 layout-padded\">B\u00e5de lokalt politi og hotellet der skiskytter Sivert Guttorm Bakken ble funnet d\u00f8d, er tause.<\/p>\n<p><img alt=\"P\u00e5 hotellet der Sivert Guttorm Bakken bodde henger det et stort norsk flagg i vinduet.  Foto: Fredrik Ouren Jostad \/ VG\" class=\"_image_qp4xg_65 layout-component layout-wide\" data-fullscreen- data-track-element-type=\"Article image fullscreen\" data-track-name=\"ImageFullscreen\" fetchpriority=\"high\" decoding=\"sync\" loading=\"eager\" height=\"5464\" itemprop=\"image\"  src=\"https:\/\/www.europesays.com\/no\/wp-content\/uploads\/2025\/12\/a636a5a8-48f7-4ce2-b382-918c50fe3463\"  style=\"object-position:0% 0%\" width=\"8192\"\/>P\u00e5 hotellet der Sivert Guttorm Bakken bodde henger det et stort norsk flagg i vinduet.  Foto: Fredrik Ouren Jostad \/ VGRapporterer fra Lavaz\u00e8 i Italia  Oppdatert onsdag 24. desember kl. 23:11     <\/p>\n<p class=\"_paragraph_o9xde_4 _paragraph_xtcu6_10 layout-component text-serif-m layout-normal text-serif-m layout-padded\">Etter en 15 minutters kj\u00f8retur fra tettstedet CavaleseCavaleseCavalese er en kommune med 4004 innbyggere i Trentino, Nord-Italia, et skianlegg og hovedsenteret i Fiemme-dalen. i den italienske fjellregionen Dolomittene kommer du til Lavaz\u00e8, 1800 meter over havet.<\/p>\n<p class=\"_paragraph_o9xde_4 _paragraph_xtcu6_10 layout-component text-serif-m layout-normal text-serif-m layout-padded\">Med sitt omfattende l\u00f8ypenett er stedet et eldorado for langrenns\u00adut\u00f8vere og skiskyttere som trener til \u00e5 bli verdens beste. <\/p>\n<p><img alt=\"Foto: Fredrik Ouren Jostad \/ VG\" class=\"_image_qp4xg_65 layout-component layout-normal\" data-fullscreen- data-track-element-type=\"Article image fullscreen\" data-track-name=\"ImageFullscreen\" decoding=\"async\" loading=\"lazy\" height=\"5464\" itemprop=\"image\"  src=\"https:\/\/www.europesays.com\/no\/wp-content\/uploads\/2025\/12\/6e1add79-9939-4c29-8f59-554f509e4aa1\"  style=\"object-position:0% 0%\" width=\"8192\"\/>Foto: Fredrik Ouren Jostad \/ VG<\/p>\n<p class=\"_paragraph_o9xde_4 _paragraph_xtcu6_10 layout-component text-serif-m layout-normal text-serif-m layout-padded\"><strong class=\"_strong_o9xde_25\">Det var her, p\u00e5 Hotel Dolomiti, at <a href=\"https:\/\/www.vg.no\/tag\/sivert-guttorm-bakken?utm_source=vg-article&amp;utm_medium=auto-tagger&amp;utm_campaign=0pnobo\" class=\"_link_o9xde_39\" rel=\"nofollow noopener\" target=\"_blank\">Sivert Guttorm Bakken<\/a> (27) ble funnet d\u00f8d p\u00e5 rommet sitt lille julaften. <\/strong><\/p>\n<p class=\"_paragraph_o9xde_4 _paragraph_xtcu6_10 layout-component text-serif-m layout-normal text-serif-m layout-padded\">\u2013 Det er en helt ufattelig tragisk beskjed \u00e5 f\u00e5, sa fungerende generalsekret\u00e6r Emilie Nordskar i Norges Skiskytterforbund til VG, p\u00e5 vei inn i <a href=\"https:\/\/www.vg.no\/sport\/i\/7p0q3w\/minnes-sivert-guttorm-bakken-satt-enorme-spor\" data-track-element-type=\"Link\" data-track-id=\"link:7p0q3w\" class=\"_link_o9xde_39\" rel=\"nofollow noopener\" target=\"_blank\">Lillehammer kirke tirsdag kveld<\/a>.<\/p>\n<p>\u00abIngen kommentar\u00bb<\/p>\n<p class=\"_paragraph_o9xde_4 _paragraph_xtcu6_10 layout-component text-serif-m layout-normal text-serif-m layout-padded\">Onsdag kveld er VG utenfor hotellet. I vinduet, ved siden av inngangen, er det tapet opp et stort, norsk flagg.<\/p>\n<p class=\"_paragraph_o9xde_4 _paragraph_xtcu6_10 layout-component text-serif-m layout-normal text-serif-m layout-padded\">Vi er her sammen med journalist Marcello Oberosler, som jobber for lokalavisen Il Dolomiti.<\/p>\n<p><img alt=\"Det lokale politiet sier at de ikke har anledning til \u00e5 svare p\u00e5 sp\u00f8rsm\u00e5l fra journalister.  Foto: Bendik Hansen \/ VG\" class=\"_image_qp4xg_65 layout-component layout-normal\" data-fullscreen- data-track-element-type=\"Article image fullscreen\" data-track-name=\"ImageFullscreen\" decoding=\"async\" loading=\"lazy\" height=\"2139\" itemprop=\"image\"  src=\"https:\/\/www.europesays.com\/no\/wp-content\/uploads\/2025\/12\/90e9e7da-f53a-4698-8e26-6a35b797192c\"  style=\"object-position:0% 0%\" width=\"2852\"\/>Det lokale politiet sier at de ikke har anledning til \u00e5 svare p\u00e5 sp\u00f8rsm\u00e5l fra journalister.  Foto: Bendik Hansen \/ VG<\/p>\n<p class=\"_paragraph_o9xde_4 _paragraph_xtcu6_10 layout-component text-serif-m layout-normal text-serif-m layout-padded\">De var f\u00f8rst ute med \u00e5 omtale d\u00f8dsfallet \u2013 f\u00f8r <a href=\"https:\/\/www.vg.no\/sport\/i\/vrQ6q4\/skiskytter-funnet-doed\" data-track-element-type=\"Link\" data-track-id=\"link:vrQ6q4\" class=\"_link_o9xde_39\" rel=\"nofollow noopener\" target=\"_blank\">Norges Skiskytterforbunds pressemelding<\/a>. Sammen med italiensk\u00adtalende Oberosler, banker vi p\u00e5 hotelld\u00f8ren og sp\u00f8r om vi kan stille noen sp\u00f8rsm\u00e5l.<\/p>\n<p class=\"_paragraph_o9xde_4 _paragraph_xtcu6_10 layout-component text-serif-m layout-normal text-serif-m layout-padded\"><strong class=\"_strong_o9xde_25\">\u00abIngen kommentar. Ingen kommentar. Vi er stengt\u00bb, svarer en hotellansatt i d\u00f8ren.<\/strong><\/p>\n<p class=\"_paragraph_o9xde_4 _paragraph_xtcu6_10 layout-component text-serif-m layout-normal text-serif-m layout-padded\">\u2013 Alle er i sorg etter disse forferdelige nyhetene. Det er et f\u00f8lsomt tidspunkt, forklarer journalisten.<\/p>\n<p class=\"_paragraph_o9xde_4 _paragraph_xtcu6_10 layout-component text-serif-m layout-normal text-serif-m layout-padded\">VG har ogs\u00e5 stilt flere sp\u00f8rsm\u00e5l til det lokale politiet, med svar om at de ikke kan si noe n\u00e5.<\/p>\n<p>H\u00f8ydetrening <\/p>\n<p class=\"_paragraph_o9xde_4 _paragraph_xtcu6_10 layout-component text-serif-m layout-normal text-serif-m layout-padded\">Bakken var i Italia for \u00e5 trene i h\u00f8yden sammen med flere norske l\u00f8pere, og kombinere dette med juleferie. <\/p>\n<p class=\"_paragraph_o9xde_4 _paragraph_xtcu6_10 layout-component text-serif-m layout-normal text-serif-m layout-padded\">H\u00f8ydetrening er en vanlig metode for \u00e5 forbedre kroppens evnte til \u00e5 transportere og utnytte oksygen\u00e5 transportere og utnytte oksygenI h\u00f8yden er det mindre oksygen og da tilpasser kroppen seg blant annet ved \u00e5 \u00f8ke antall r\u00f8de blodceller. Musklene f\u00e5r mer oksygen n\u00e5r man kommer til lavlandet, noe som kan gi bedre utholdenhet. , og dermed prestere bedre i utholdenhetsidretter. <\/p>\n<p><img alt=\"D\u00f8dsfallet til Sivert Guttorm Bakken ble oppdaget p\u00e5 morgenen tirsdag 23. desember.  Foto: MATHIAS BERGELD \/ Bildbyr\u00e5n\" class=\"_image_qp4xg_65 layout-component layout-normal\" data-fullscreen- data-track-element-type=\"Article image fullscreen\" data-track-name=\"ImageFullscreen\" decoding=\"async\" loading=\"lazy\" height=\"4000\" itemprop=\"image\"  src=\"https:\/\/www.europesays.com\/no\/wp-content\/uploads\/2025\/12\/0cd8982e-e7aa-4302-9772-8b11f1d84061\"  style=\"object-position:0% 0%\" width=\"6000\"\/>D\u00f8dsfallet til Sivert Guttorm Bakken ble oppdaget p\u00e5 morgenen tirsdag 23. desember.  Foto: MATHIAS BERGELD \/ Bildbyr\u00e5n<\/p>\n<p class=\"_paragraph_o9xde_4 _paragraph_xtcu6_10 layout-component text-serif-m layout-normal text-serif-m layout-padded\"><strong class=\"_strong_o9xde_25\">Forel\u00f8pig er ikke Bakkens d\u00f8ds\u00e5rsak kjent. <\/strong><\/p>\n<p class=\"_paragraph_o9xde_4 _paragraph_xtcu6_10 layout-component text-serif-m layout-normal text-serif-m layout-padded\">Tidligere julaften ble det kjent at Bakken ble funnet d\u00f8d <a href=\"https:\/\/www.vg.no\/sport\/i\/k0J8M9\/skiskytterforbundet-bakken-funnet-med-hoeydemaske\" data-track-element-type=\"Link\" data-track-id=\"link:k0J8M9\" class=\"_link_o9xde_39\" rel=\"nofollow noopener\" target=\"_blank\">med en h\u00f8ydemaske p\u00e5 seg<\/a>. <\/p>\n<p class=\"_paragraph_o9xde_4 _paragraph_xtcu6_10 layout-component text-serif-m layout-normal text-serif-m layout-padded\">Slike masker brukes for \u00e5 tvinge kroppen til \u00e5 tilpasse seg mindre oksygen, slik som i h\u00f8yden der luften er tynnere. <\/p>\n<p class=\"_paragraph_o9xde_4 _paragraph_xtcu6_10 layout-component text-serif-m layout-normal text-serif-m layout-padded\">Norges Skiskytterforbund kan ikke si noe om sammenhengen mellom bruken av h\u00f8ydemasken og d\u00f8dsfallet. <\/p>\n<p class=\"_paragraph_o9xde_4 _paragraph_xtcu6_10 layout-component text-serif-m layout-normal text-serif-m layout-padded\">De vet ikke noe om omstendighetene rundt anskaffelsen eller bruken av masken, skrev de i <a href=\"https:\/\/www.vg.no\/sport\/i\/k0J8M9\/skiskytterforbundet-bakken-funnet-med-hoeydemaske\" data-track-element-type=\"Link\" data-track-id=\"link:k0J8M9\" class=\"_link_o9xde_39\" rel=\"nofollow noopener\" target=\"_blank\">en pressemelding tidligere<\/a>. <\/p>\n<p class=\"_paragraph_o9xde_4 _paragraph_xtcu6_10 layout-component text-serif-m layout-normal layout-padded\"><strong class=\"_strong_o9xde_25\">Les ogs\u00e5:<\/strong> <a href=\"https:\/\/www.vg.no\/i\/zOGMar\" data-track-element-type=\"Link\" data-track-id=\"link:zOGMar\" class=\"_link_o9xde_39\" rel=\"nofollow noopener\" target=\"_blank\">Thingnes B\u00f8: \u2013 Sliter med \u00e5 sette ord p\u00e5 det<\/a><\/p>\n<p>Aktiver kart<br \/>\n\u00abEt veldig spesielt sted\u00bb <\/p>\n<p class=\"_paragraph_o9xde_4 _paragraph_xtcu6_10 layout-component text-serif-m layout-normal text-serif-m layout-padded\">\u2013 Han er en av veldig mange som kom for \u00e5 trene her i Lavaz\u00e8, sier Oberosler om Bakken.<\/p>\n<p class=\"_paragraph_o9xde_4 _paragraph_xtcu6_10 layout-component text-serif-m layout-normal text-serif-m layout-padded\">Lokaljournalisten sier at skianlegget er et \u00abveldig spesielt sted\u00bb for de beste skiskytings-lagene i verden. Dette er fordi det er mulig \u00e5 trene p\u00e5 skytingen s\u00e5pass h\u00f8yt over havet. <\/p>\n<p class=\"_paragraph_o9xde_4 _paragraph_xtcu6_10 layout-component text-serif-m layout-normal text-serif-m layout-padded\">\u2013 Du f\u00e5r trene veldig h\u00f8yt i veldig vakre omgivelser, sier Oberosler. <\/p>\n<p><img decoding=\"async\" alt=\"Bilde av Marcello Oberosler\" class=\"_image_ygndg_42\" height=\"27\" itemprop=\"image\" loading=\"lazy\"  src=\"https:\/\/www.europesays.com\/no\/wp-content\/uploads\/2025\/12\/bac65eb2-1bf0-4685-a41f-5ff330a07ef5\"  width=\"40\"\/><strong class=\"_name_ygndg_51 title-serif-xs\">Marcello Oberosler<\/strong><\/p>\n<p class=\"_paragraph_o9xde_4 text-sans-m _description_ygndg_56\">Journalist i lokalavisen Il Dolomiti.<\/p>\n<p class=\"_paragraph_o9xde_4 _paragraph_xtcu6_10 layout-component text-serif-m layout-normal text-serif-m layout-padded\">Rundt ham laver sn\u00f8en ned. <\/p>\n<p class=\"_paragraph_o9xde_4 _paragraph_xtcu6_10 layout-component text-serif-m layout-normal text-serif-m layout-padded\">Hundre meter lenger borte jobber l\u00f8ypemaskinen. Torsdag vil nye skil\u00f8pere legge ut i Lavaz\u00e8s l\u00f8yper.<\/p>\n<p>Sivert Guttorm Bakken og skiskyting:Lag og verdenscup:<\/p>\n<p class=\"_paragraph_o9xde_4 _paragraph_xtcu6_10 _paragraph_16v91_10 layout-component text-serif-m layout-normal text-sans-m layout-padded\" itemprop=\"text\">Bakken representerte klubben Vingrom.<\/p>\n<p class=\"_paragraph_o9xde_4 _paragraph_xtcu6_10 _paragraph_16v91_10 layout-component text-serif-m layout-normal text-sans-m layout-padded\" itemprop=\"text\">Denne sesongen var han en del av det norske rekruttlandslaget i skiskyting. Det vil si niv\u00e5et under elitelag.<\/p>\n<p class=\"_paragraph_o9xde_4 _paragraph_xtcu6_10 _paragraph_16v91_10 layout-component text-serif-m layout-normal text-sans-m layout-padded\" itemprop=\"text\">Sist helg gikk Bakken verdenscuprenn. Den 19.\u201321. desember ble han henholdsvis nummer 5, 18 og 20 p\u00e5 henholdsvis sprint, jaktstart og fellesstart i tre renn i Frankrike.<\/p>\n<p class=\"_paragraph_o9xde_4 _paragraph_xtcu6_10 _paragraph_16v91_10 layout-component text-serif-m layout-normal text-sans-m layout-padded\" itemprop=\"text\">S\u00e5 reiste han videre til Italia og Lavaz\u00e8 for \u00e5 gjennomf\u00f8re et h\u00f8ydeopphold.<\/p>\n<p>Var i Italia p\u00e5 treningssamling:<\/p>\n<p class=\"_paragraph_o9xde_4 _paragraph_xtcu6_10 _paragraph_16v91_10 layout-component text-serif-m layout-normal text-sans-m layout-padded\" itemprop=\"text\">Skiskytterforbundet opplyste lille julaften at Bakken ble funnet d\u00f8d p\u00e5 hotellrommet sitt i Lavaz\u00e8. D\u00f8ds\u00e5rsaken er ikke kjent.<\/p>\n<p class=\"_paragraph_o9xde_4 _paragraph_xtcu6_10 _paragraph_16v91_10 layout-component text-serif-m layout-normal text-sans-m layout-padded\" itemprop=\"text\">Lavaz\u00e8 ligger bare en ti minutters kj\u00f8retur fra mer kjente Cavalese, en by Nord i Italia som er arrang\u00f8r for avslutningsetappene i langrennskonkurransen Tour de Ski.<\/p>\n<p class=\"_paragraph_o9xde_4 _paragraph_xtcu6_10 _paragraph_16v91_10 layout-component text-serif-m layout-normal text-sans-m layout-padded\" itemprop=\"text\">Lavaz\u00e8 er imidlertid et treningseldorado for skiskyttere som sverger til h\u00f8ydetrening.<\/p>\n<p class=\"_paragraph_o9xde_4 _paragraph_xtcu6_10 _paragraph_16v91_10 layout-component text-serif-m layout-normal text-sans-m layout-padded\" itemprop=\"text\">I treningsl\u00f8ypene p\u00e5 rundt 2000 meter er det, i motsetning til andre foretrukne h\u00f8ydetreningsdestinasjoner, standplass med skiskytterblinker i treningsl\u00f8ypene.<\/p>\n<p class=\"_paragraph_o9xde_4 _paragraph_xtcu6_10 _paragraph_16v91_10 layout-component text-serif-m layout-normal text-sans-m layout-padded\" itemprop=\"text\">Andre norske skiskyttere er p\u00e5 plass i Lavaz\u00e8 n\u00e5 i julen, det samme er enkelte langrennsl\u00f8pere.<\/p>\n<p>Verdenscupseier og meritter:<\/p>\n<p class=\"_paragraph_o9xde_4 _paragraph_xtcu6_10 _paragraph_16v91_10 layout-component text-serif-m layout-normal text-sans-m layout-padded\" itemprop=\"text\">Bakken tok i 2022 sin eneste verdenscupseier.<\/p>\n<p class=\"_paragraph_o9xde_4 _paragraph_xtcu6_10 _paragraph_16v91_10 layout-component text-serif-m layout-normal text-sans-m layout-padded\" itemprop=\"text\">Det skjedde p\u00e5 fellesstart i Holmenkollen. Den sesongen vant han samtidig fellesstartcupen sammenlagt. Han har fire ganger st\u00e5tt p\u00e5 pallen i verdenscupen.<\/p>\n<p class=\"_paragraph_o9xde_4 _paragraph_xtcu6_10 _paragraph_16v91_10 layout-component text-serif-m layout-normal text-sans-m layout-padded\" itemprop=\"text\">I 2016 vant han to gull i ungdoms-OL, et individuelt og et p\u00e5 blandet stafett.<\/p>\n<p>    <img decoding=\"async\" alt=\"Tips oss illustrasjon\" src=\"https:\/\/www.europesays.com\/no\/wp-content\/uploads\/2025\/10\/pssst-small.webp.webp\"\/>    <\/p>\n<p class=\"title-serif-s\">Har du tips?<\/p>\n<p class=\"text-sans-m\">Send oss informasjon, bilder eller video.<\/p>\n<p>  <a href=\"https:\/\/www.vg.no\/tips-oss\" rel=\"nofollow noopener\" target=\"_blank\"> Tips oss <\/a>      <\/p>\n","protected":false},"excerpt":{"rendered":"B\u00e5de lokalt politi og hotellet der skiskytter Sivert Guttorm Bakken ble funnet d\u00f8d, er tause. P\u00e5 hotellet der&hellip;\n","protected":false},"author":2,"featured_media":121304,"comment_status":"","ping_status":"","sticky":false,"template":"","format":"standard","meta":{"footnotes":""},"categories":[5],"tags":[20,21,24,25,15,19,1242,22,23,17,18,13,30,28,29,14,16,13042,769,26,27],"class_list":{"0":"post-121303","1":"post","2":"type-post","3":"status-publish","4":"format-standard","5":"has-post-thumbnail","7":"category-overskrifter","8":"tag-breaking-news","9":"tag-breakingnews","10":"tag-featured-news","11":"tag-featurednews","12":"tag-headlines","13":"tag-hovedoppslag","14":"tag-italia","15":"tag-latest-news","16":"tag-latestnews","17":"tag-main-news","18":"tag-mainnews","19":"tag-news","20":"tag-no","21":"tag-norge","22":"tag-norway","23":"tag-nyheter","24":"tag-overskrifter","25":"tag-sivert-guttorm-bakken","26":"tag-skiskyting","27":"tag-top-stories","28":"tag-topstories"},"share_on_mastodon":{"url":"https:\/\/pubeurope.com\/@no\/115776895519827602","error":""},"_links":{"self":[{"href":"https:\/\/www.europesays.com\/no\/wp-json\/wp\/v2\/posts\/121303","targetHints":{"allow":["GET"]}}],"collection":[{"href":"https:\/\/www.europesays.com\/no\/wp-json\/wp\/v2\/posts"}],"about":[{"href":"https:\/\/www.europesays.com\/no\/wp-json\/wp\/v2\/types\/post"}],"author":[{"embeddable":true,"href":"https:\/\/www.europesays.com\/no\/wp-json\/wp\/v2\/users\/2"}],"replies":[{"embeddable":true,"href":"https:\/\/www.europesays.com\/no\/wp-json\/wp\/v2\/comments?post=121303"}],"version-history":[{"count":0,"href":"https:\/\/www.europesays.com\/no\/wp-json\/wp\/v2\/posts\/121303\/revisions"}],"wp:featuredmedia":[{"embeddable":true,"href":"https:\/\/www.europesays.com\/no\/wp-json\/wp\/v2\/media\/121304"}],"wp:attachment":[{"href":"https:\/\/www.europesays.com\/no\/wp-json\/wp\/v2\/media?parent=121303"}],"wp:term":[{"taxonomy":"category","embeddable":true,"href":"https:\/\/www.europesays.com\/no\/wp-json\/wp\/v2\/categories?post=121303"},{"taxonomy":"post_tag","embeddable":true,"href":"https:\/\/www.europesays.com\/no\/wp-json\/wp\/v2\/tags?post=121303"}],"curies":[{"name":"wp","href":"https:\/\/api.w.org\/{rel}","templated":true}]}}