{"id":121308,"date":"2025-12-24T22:49:08","date_gmt":"2025-12-24T22:49:08","guid":{"rendered":"https:\/\/www.europesays.com\/no\/121308\/"},"modified":"2025-12-24T22:49:08","modified_gmt":"2025-12-24T22:49:08","slug":"noe-man-veldig-sjelden-ser-nrk-sport-sportsnyheter-resultater-og-sendeplan","status":"publish","type":"post","link":"https:\/\/www.europesays.com\/no\/121308\/","title":{"rendered":"\u2013 Noe man veldig sjelden ser \u2013 NRK Sport \u2013 Sportsnyheter, resultater og sendeplan"},"content":{"rendered":"<p>\u2013 Dette er en fasit jeg ikke trodde jeg skulle f\u00e5 oppleve.<\/p>\n<p>Landslagssjef St\u00e5le Solbakken har begynt \u00e5 f\u00e5 ting litt p\u00e5 avstand.<\/p>\n<p>24 av 24 mulige poeng i VM-kvaliken, utrolige 37\u20135 i m\u00e5lforskjell og billett til VM i USA, Canada og Mexico i 2026.<\/p>\n<p>2025 har overg\u00e5tt de villeste fantasier til fotballinteresserte nordmenn.<\/p>\n<p><img decoding=\"async\"   src=\"data:image\/gif;base64,R0lGODlhAQABAIAAAAAAAP\/\/\/yH5BAEAAAAALAAAAAABAAEAAAIBRAA7\" loading=\"eager\" alt=\"St\u00e5le Solbakken\" title=\"Foto: NRK \/\"\/><\/p>\n<p class=\"\">P\u00c5 HJEMMEBANE: St\u00e5le Solbakken har hatt mange lykkelige stunder p\u00e5 Ullevaal denne sesongen. Her under intervjuet med NRK om sports\u00e5ret som har g\u00e5tt.<\/p>\n<p>Foto: NRK \/<\/p>\n<p>N\u00e5 har landslagssjefen satt av tid til \u00e5 oppsummere den historiske sesongen i NRKs tradisjonsrike program <a href=\"https:\/\/tv.nrk.no\/serie\/sportsaaret\/sesong\/2025\/episode\/ISPO20260025\" ec-id=\"tv:episode:ISPO20260025\" ec-name=\"Sports\u00e5ret\" rel=\"nofollow noopener\" target=\"_blank\">Sports\u00e5ret<\/a> \u2013 og det er mye \u00e5 snakke om.<\/p>\n<p>\u2013 Sorg og eufori<\/p>\n<p>Det har ikke bare v\u00e6rt oppturer. Solbakken svarer slik da han blir bedt om \u00e5 oppsummere \u00e5ret:<\/p>\n<p>\u2013 For min del: Sorg og enorm eufori. <\/p>\n<p>Norges landslagssjef i fotball har nemlig kjent p\u00e5 f\u00f8lelser i begge ender av skalaen i l\u00f8pet av \u00e5ret som har g\u00e5tt.<\/p>\n<p>\u2013 P\u00e5 privaten mistet jeg min mor, som var en ganske dramatisk start p\u00e5 \u00e5ret, forteller han.<\/p>\n<p>Mona Helene L\u00f8vstad Solbakken (78) gikk bort i slutten av februar etter lang tids sykdom. <\/p>\n<p>\u2013 Verst alene p\u00e5 hotellrommet<\/p>\n<p>Samtidig sto han midt i forberedelsene til den f\u00f8rste og viktige samlingen i VM-kvaliken i mars, der Moldova og Israel ventet i to bortekamper som ville legge premissene for Norges vei mot mesterskapet i 2026.<\/p>\n<p>Det var t\u00f8ft \u00e5 st\u00e5 i skvisen mellom en sportslig intens periode samtidig som han ble rammet av sorg.<\/p>\n<p>\u2013 Ja, det var det, men er det ett sted idrettsfolk klarer \u00e5 koble ut, er det n\u00e5r du er i \u00abaction\u00bb. Den verste tiden er jo n\u00e5r du er aleine p\u00e5 hotellrommet og tankene flyr, at du blir sittende aleine med en slags sorg p\u00e5 den samlinga. Men akkurat n\u00e5r du er i action, s\u00e5 er det nesten litt godt, forteller han.<\/p>\n<p>17. mars, bare noen uker etter morens bortgang, samlet han spillerne til \u00e5rets f\u00f8rste landslagssamling p\u00e5 Marbella for \u00e5 trene p\u00e5 godt gress f\u00f8r kvaliken startet med bortekamp i Chisinau noen dager senere.<\/p>\n<p>I denne saken g\u00e5r Solbakken gjennom de \u00e5tte historiske kampene som sendte Norge til VM og hva han husker best:<\/p>\n<p>22. mars: Moldova borte, 5-0-seier<\/p>\n<p><strong>Norske m\u00e5lscorere: <\/strong>Julian Ryerson, Erling Braut Haaland, Thelo Aasgaard, Alexander S\u00f8rloth, Aron D\u00f8nnum.<\/p>\n<p>\u2013 Da banen var som den var, var det veldig viktig for roen i kampen \u00e5 f\u00e5 det f\u00f8rste m\u00e5let tidlig. Da gj\u00f8r vi nesten en prikkfri f\u00f8rsteomgang. S\u00e5 sparer vi faktisk litt krefter utover i andreomgang, og det tror jeg vi tjente p\u00e5. Vi fikk byttet ut litt riktige spillere ut fra hva som skulle skje bare tre dager etterp\u00e5, sier han.<\/p>\n<p>25. mars: Israel borte (n\u00f8ytral grunn i Ungarn), 4-2-seier<\/p>\n<p><strong>Norske m\u00e5lscorere:<\/strong> David M\u00f8ller Wolfe, Alexander S\u00f8rloth, Kristoffer Ajer, Erling Braut Haaland<\/p>\n<p>Det Solbakken husker best fra den kampen er omstendighetene rundt, forteller han. <\/p>\n<p>Landslagssjefen befant seg plutselig i en politisk anspent situasjon der han p\u00e5 pressekonferansen f\u00f8r kamp <a href=\"https:\/\/www.nrk.no\/sport\/landslagssjef-stale-solbakken-stilt-til-veggs-av-israelske-journalister-for-vm-kvalifisering-1.17352089\" ec-id=\"pp:article:1.17352089\" ec-name=\"ble grillet av de israelske journalistene\" rel=\"nofollow noopener\" target=\"_blank\">ble grillet av de israelske journalistene<\/a>.<\/p>\n<p>\u2013 Men underveis s\u00e5 blir det et skj\u00e6ringspunkt midt i andre omgang hvor vi satte sammen et kvarter som var virkelig godt, i den mest kritiske fasen. Vi kunne ha ledet b\u00e5de 2\u20130 og 3-0, men s\u00e5 plutselig sto det 1\u20131. Da viste gutta stor taktisk og mental styrke, mener han.<\/p>\n<p>Norge vant til slutt 4\u20132 og sikret en dr\u00f8mmestart p\u00e5 kvaliken.<\/p>\n<p>S\u00e6rlig kaptein Martin \u00d8degaard skal ha mye av \u00e6ren for at Norge kom tilbake etter utligningen og vant mot Israel i den kampen, mener han.<\/p>\n<p>\u2013 Martin gjorde en av de beste landskampene en norsk spiller har gjort i den kampen. Det s\u00e5 ut som han var p\u00e5 en annen planet enn de andre p\u00e5 banen, mener Solbakken.<\/p>\n<p>06. juni: Italia hjemme, 3-0-seier<\/p>\n<p><strong>Norske m\u00e5lscorere:<\/strong> Alexander S\u00f8rloth, Antonio Nusa, Erling Braut Haaland<\/p>\n<p>Siden ingen av de norske spillerne skulle delta i europeiske finaler, kunne Solbakken starte samlingen uvanlig tidlig. Det ga dem en stor fordel og glimrende inngang p\u00e5 kampen, forteller han.<\/p>\n<p>\u2013 Vi har aldri v\u00e6rt s\u00e5 godt forberedt til noen landskamp rent taktisk og treningsmessig. S\u00e5 jeg var helt sikker p\u00e5 at vi kom til \u00e5 gj\u00f8re en god kamp, husker han.<\/p>\n<p>Og snakk om \u00e5 f\u00e5 uttelling. Norge ledet 3\u20130 allerede til pause og leverte en omgang nasjonen aldri hadde sett maken til mot en toppnasjon.<\/p>\n<p>\u2013 Det var kanskje over all forventning. Det er ikke s\u00e5 mange som leder 3\u20130 mot Italia til pause, og s\u00e5 kontrollerer vi andreomgangen veldig godt. En ti av ti-prestasjon, mener Solbakken.<\/p>\n<p>At det var en perfekt ramme rundt kampen, fint v\u00e6r og fredagskveld i juni, gjorde ikke anledningen noe d\u00e5rligere.<\/p>\n<p>\u2013 Men det var ogs\u00e5 en voldsom utladning som nok preger oss litt i Estland (tre dager senere), mener han.<\/p>\n<p>09. juni: Estland borte, 1-0-seier<\/p>\n<p><strong>Norske m\u00e5lscorere: <\/strong>Erling Braut Haaland<\/p>\n<p>\u2013 Vi er nok litt preget, litt utladet, men samtidig s\u00e5 er vi det beste laget. Vi g\u00e5r opp til 1\u20130 etter en time, men s\u00e5 er det som om kreftene begynner \u00e5 ebbe ut, det er sommerferien som venter. Da har de jo et par store muligheter, s\u00e6rlig \u00e9n helt mot slutten, husker han.<\/p>\n<p>\u2013 N\u00e5r du reiser fra den samlinga, st\u00e5r Norge med tolv av tolv poeng. Hvordan var den f\u00f8lelsen?<\/p>\n<p>\u2013 Da visste vi jo at denne h\u00f8sten ville innholdsrik uansett, og det var en deilig f\u00f8lelse \u00e5 ta sommerferie p\u00e5. S\u00e5 det unte jeg gutta og st\u00f8tteapparatet, f\u00f8lelsen av den euforien som antakeligvis ville komme utover h\u00f8sten, og den spenninga om at vi kanskje kunne n\u00e5 det forjettede land.<\/p>\n<p>\u2013 Norge spilte ingen kamper fra 9. juni til 09. september. Hvordan var sommeren for deg da?<\/p>\n<p>\u2013 Den var jo god, i kraft av at du har en god f\u00f8lelse, men samtidig s\u00e5 var det nok mange som hadde tatt VM p\u00e5 forskudd, og det skal man aldri gj\u00f8re. Det var fire fotballkamper igjen som skulle spilles.<\/p>\n<p>\u2013 Hva brukte du sommeren p\u00e5?<\/p>\n<p>\u2013 Vi analyserte alle de vi skulle m\u00f8te og s\u00e5 masse fotball av egne spillere. Men det ble litt ferie ogs\u00e5, selvf\u00f8lgelig. Vi var en tur i Frankrike.<\/p>\n<p>09. september: Moldova hjemme, 11-1-seier<\/p>\n<p>Norske m\u00e5lscorere: Felix Horn Myhre, Erling Braut Haaland (5), Martin \u00d8degaard, Thelo Aasgaard (4).<\/p>\n<p>\u2013 Egentlig var ikke vi opptatt av m\u00e5lforskjellen, mener Solbakken.<\/p>\n<p>Men Moldova-kampen ble til slutt kampen som fjernet m\u00e5lforskjell som en faktor i kvalikgruppa. <\/p>\n<p>Og den pausepraten, p\u00e5 stillingen 5\u20130 til Norge, ble brukt for alt den var verdt, r\u00f8per landslagssjefen.<\/p>\n<p>\u2013 Vi hadde en aggressiv pause. \u00abN\u00e5 har vi muligheten. De er skakkj\u00f8rte akkurat n\u00e5, s\u00e5 n\u00e5 har vi muligheten til \u00e5 legge den m\u00e5lforskjellen &#8230; om ikke d\u00f8d, s\u00e5 i hvert fall sette et ordentlig utropstegn bak m\u00e5lforskjellen\u00bb. S\u00e5 det lykkes vi med. <\/p>\n<p>\u2013 Er du s\u00e5nn at du irriterer deg litt over det baklengsm\u00e5let selv om dere vinner 11-1?<\/p>\n<p>\u2013 Akkurat i den kampen tror jeg baklengsm\u00e5let faktisk hjalp oss litt. Vi var inne i en d\u00f8d periode, og da baklengsm\u00e5let kom fikk vi en voldsom revansjelyst. Kanskje det var en vekker og en velsignelse, sier han.<\/p>\n<p>11. oktober: Israel hjemme, 5-0-seier<\/p>\n<p><strong>Norske m\u00e5lscorere: <\/strong>Erling Braut Haaland (3), selvm\u00e5l (2).<\/p>\n<p>\u2013 Kampen starter jo med at Erling brenner to straffer, noe du kanskje ikke trodde du skulle f\u00e5 oppleve. Men da viser jo gutta at vi er sterke, de stoler p\u00e5 konseptet, vi kj\u00f8rer p\u00e5 og vinner 5\u20130 til slutt. Det var ekstremt sterkt, beskriver Solbakken.<\/p>\n<p>\u2013 Hvordan hadde du det da? <\/p>\n<p>\u2013 Det var jo stor eufori etter kampen. Gutta fikk lov \u00e5 g\u00e5 ut p\u00e5 byen og kose seg litt, selv om vi hadde New Zealand et par-tre dager etterp\u00e5. De fortjente det, og jeg tror det var viktig at de fikk v\u00e6re sammen i en annen setting. For meg var det nok bare mer lettelse enn glede.<\/p>\n<p>Etter seieren mot Israel hjemme gjensto kun hjemmekampen mot Estland f\u00f8r kvalifiseringen skulle rundes av med bortekamp mot Italia.<\/p>\n<p>En hel nasjon var samstemte: Seier der ville sende Norge til VM. <\/p>\n<p>\u2013 Hvordan var det \u00e5 lade opp til den kampen for deg personlig? <\/p>\n<p>\u2013 Det var not den t\u00f8ffeste. For vi var s\u00e5 n\u00e6rme, og du kan ikke unng\u00e5 \u00e5 f\u00f8le p\u00e5 det. Men heldigvis gikk kampen klokka seks, s\u00e5 selve kampdagen var litt kortere enn vanlig, forteller Solbakken.<\/p>\n<p>13. november: Estland hjemme, 4-1-seier<\/p>\n<p><strong>Norske m\u00e5lscorere: <\/strong>Alexander S\u00f8rloth (2), Erling Braut Haaland (2).<\/p>\n<p>\u2013 Vi gj\u00f8r en middels f\u00f8rsteomgang hvor vi stanger litt og ikke f\u00e5r helt flyten, husker Solbakken.<\/p>\n<p>\u2013 N\u00e5r man g\u00e5r til pause p\u00e5 0-0, tenker nok mange at \u00abn\u00e5 skjer det igjen\u00bb. Hva tenkte du i den pausen der?<\/p>\n<p>\u2013 Det tenkte nok verken jeg eller spillerne, for vi var s\u00e5 i bobla. Det handlet om \u00e5 gj\u00f8re riktige ting. Det er fort gjort \u00e5 glemme at Estland hadde 0\u20130 borte mot Italia etter 60 minutter. De hadde 0\u20130 mot oss i Tallinn etter 60 minutter. Det er et godt organisert lag som g\u00e5r litt opp i liminga i takt med at kreftene g\u00e5r tomme. Det skjedde n\u00e5 ogs\u00e5.<\/p>\n<p>\u2013 N\u00e5r dere har vunnet kampen og i praksis er i VM, hvordan hadde du den kvelden?<\/p>\n<p>\u2013 Igjen s\u00e5 tror jeg at dessverre at det var mer lettelse enn glede. N\u00e5r du st\u00e5r som \u00f8verste ansvarlig, s\u00e5 tror jeg ikke du klarer \u00e5 ta av f\u00f8r alt er i boks og all teori er vekk. S\u00e5 for meg s\u00e5 handlet det egentlig om \u00e5 jobbe hardt inn mot Italia og s\u00f8rge for at vi skulle f\u00e5 en OK avslutning.<\/p>\n<p>16. november: Italia borte, 4-1-seier<\/p>\n<p><strong>Norske m\u00e5lscorere: <\/strong>Antonio Nusa, Erling Braut Haaland (2), J\u00f8rgen Strand Larsen<\/p>\n<p>Premissene var klare: Norge m\u00e5tte tape med ni m\u00e5l for \u00e5 rote bort VM-billetten. Italia-trener Gennaro Gattuso <a href=\"https:\/\/www.nrk.no\/sport\/italia-stjernene-lo-av-norge-sporsmal_-_-vil-vaere-utenkelig-1.17654333\" ec-id=\"pp:article:1.17654333\" ec-name=\"bare lo da NRK spurte\" rel=\"nofollow noopener\" target=\"_blank\">bare lo da NRK spurte<\/a> f\u00f8r kampen om han trodde det var mulig \u00e5 vinne med slike sifre.<\/p>\n<p>Men noen av de mest pessimistiske m\u00e5 nok innr\u00f8mme at de fikk h\u00f8yere puls da Italia gikk opp til 1\u20130 allerede etter ti minutter p\u00e5 mektige San Siro.<\/p>\n<p>\u2013 Hvis man scorer ett m\u00e5l hvert tiende minutt, s\u00e5 blir det jo ni. Selv om jeg tror ingen tenkte p\u00e5 det, Men det ble litt for trygt og litt for feigt etter at de scoret. S\u00e5 vi ble jo enige i pausen om at \u00abn\u00e5 m\u00e5 vi v\u00e6re oss selv\u00bb.<\/p>\n<p>Det hjalp \u2013 mildt sagt. Norge snudde som kjent kampen, vant utrolige 4\u20131 og rundet av kvaliken med stil.<\/p>\n<p>\u2013 Det ble et superverdig punktum p\u00e5 en perfekt kvalik. Ingen lag noensinne kommer til \u00e5 score fire m\u00e5l borte mot Italia p\u00e5 San Siro, det kan jeg garantere.<\/p>\n<p><img decoding=\"async\"   src=\"data:image\/gif;base64,R0lGODlhAQABAIAAAAAAAP\/\/\/yH5BAEAAAAALAAAAAABAAEAAAIBRAA7\" loading=\"eager\" alt=\"En mann hever armene i jubel, ikledd en bl\u00e5 treningsjakke med logo. Han st\u00e5r med en bakgrunn av publikum under en sportsbegivenhet. Mannens engasjement kan tolkes som glede over et sportslig resultat. Omgivelsene antyder en intens atmosf\u00e6re, typisk for en idrettsarena. (Bildebeskrivelsen er laget av en KI-tjeneste)\" title=\"Foto: Lise \u00c5serud \/ NTB\"\/><\/p>\n<p class=\"\">STOR OPPLEVELSE: Kampen p\u00e5 San Siro skrev seg inn i norsk fotballhistorie.<\/p>\n<p>Foto: Lise \u00c5serud \/ NTB<\/p>\n<p>\u2013 Hvordan var det \u00e5 oppleve en s\u00e5nn avslutning p\u00e5 kvaliken?<\/p>\n<p>\u2013 Det var helt euforisk, b\u00e5de for spillere og st\u00f8tteapparat. Du m\u00e5 huske p\u00e5 at noen i st\u00f8tteapparatet har v\u00e6rt med p\u00e5 denne lidelsen lenger enn spillerne. Jeg tror heller ikke det er noe lag som har hatt s\u00e5 mye press p\u00e5 sine skuldre over s\u00e5 lang tid som dette laget her har hatt, sier Solbakken.<\/p>\n<p>\u2013 N\u00e5r da alt er klart, og du f\u00e5r den avslutningen, den prestasjonen, det er 9000 nordmenn p\u00e5 San Siro, det er Italia som motstander &#8230; Det kunne ikke v\u00e6rt mer perfekt. <\/p>\n<p>\u2013 N\u00e5 i ettertid, hvilke \u00f8yeblikk i kvaliken st\u00e5r igjen sterkest for deg n\u00e5?<\/p>\n<p>\u2013 Det st\u00e5r egentlig mellom to ting, innleder Solbakken:<\/p>\n<p><strong>\u00d8yeblikk 1: <\/strong>Alexander S\u00f8rloths ansikt etter 1-0-m\u00e5let hjemme mot Estland i nest siste kamp. <\/p>\n<p>\u2013 Vi satt og analyserte kampen, jeg og analysesjef Andrew Findlay. Da vi gikk gjennom kampen, s\u00e5 jeg \u00f8ynene til Alex (S\u00f8rloth). De var litt bl\u00f8te. Det er noe man veldig sjelden ser p\u00e5 en fotballbane, at det i euforien, i jubelen, kjemper han litt med t\u00e5rene, forteller Solbakken.<\/p>\n<p>\u2013 Da s\u00e5 du i hele ansiktet hans hva dette betyr, legger han til.<\/p>\n<p>\u2013 Dette dukket opp i analysen deres? <\/p>\n<p>\u2013 Ja, det dukket opp i analysen, det gjorde det. For vi s\u00e5 det jo ikke der og da. Det var 25 \u00e5rs lidelse som han og spillerne p\u00e5 mange m\u00e5ter har b\u00e5ret p\u00e5 sine skuldre. Det Ullevaal-br\u00f8let idet han scorer &#8230; Jeg tror bare liksom at alle f\u00f8lte at \u00abder er VM\u00bb.<\/p>\n<p><img decoding=\"async\"   src=\"data:image\/gif;base64,R0lGODlhAQABAIAAAAAAAP\/\/\/yH5BAEAAAAALAAAAAABAAEAAAIBRAA7\" loading=\"eager\" alt=\"\" title=\"Foto: Fredrik Varfjell \/ NTB\"\/><\/p>\n<p class=\"\">R\u00d8RT: Alexander S\u00f8rloth scoret m\u00e5let som ga Norge ro mot Estland.<\/p>\n<p>Foto: Fredrik Varfjell \/ NTB<\/p>\n<p><strong>\u00d8yeblikk 2: <\/strong>Det minuttet p\u00e5 San Siro der Erling Braut Haaland scorer to kjappe mot Italia og i praksis avgj\u00f8r kampen. <\/p>\n<p>\u2013 Det tror jeg er de to st\u00f8rste. Og s\u00e5 kan du si at kanskje den aller st\u00f8rste prestasjon i hele kvaliken er det Martin \u00d8degaard driver med mot Israel borte, for da driver han med en annen idrett enn de andre.<\/p>\n<p>Sports\u00e5ret 2025 er snart over for St\u00e5le Solbakken og Norge. Nylig kom nyheten om at herrelandslaget i fotball er nominert til b\u00e5de \u00e5rets navn og \u00e5rets lag p\u00e5 Idrettsgallaen, og at han selv er nominert til \u00e5rets trener.<\/p>\n<p>\u2013 Hva dr\u00f8mmer du om for 2026? <\/p>\n<p>\u2013 Jeg dr\u00f8mmer om god helse og et VM som alle i Norge f\u00f8ler at de kan delta litt i. <\/p>\n<p>Publisert<\/p>\n<p>24.12.2025, kl. 23.24<\/p>\n","protected":false},"excerpt":{"rendered":"\u2013 Dette er en fasit jeg ikke trodde jeg skulle f\u00e5 oppleve. Landslagssjef St\u00e5le Solbakken har begynt \u00e5&hellip;\n","protected":false},"author":2,"featured_media":121309,"comment_status":"","ping_status":"","sticky":false,"template":"","format":"standard","meta":{"footnotes":""},"categories":[59],"tags":[30,28,29,83,82],"class_list":{"0":"post-121308","1":"post","2":"type-post","3":"status-publish","4":"format-standard","5":"has-post-thumbnail","7":"category-sport","8":"tag-no","9":"tag-norge","10":"tag-norway","11":"tag-sport","12":"tag-sports"},"share_on_mastodon":{"url":"https:\/\/pubeurope.com\/@no\/115776989631342951","error":""},"_links":{"self":[{"href":"https:\/\/www.europesays.com\/no\/wp-json\/wp\/v2\/posts\/121308","targetHints":{"allow":["GET"]}}],"collection":[{"href":"https:\/\/www.europesays.com\/no\/wp-json\/wp\/v2\/posts"}],"about":[{"href":"https:\/\/www.europesays.com\/no\/wp-json\/wp\/v2\/types\/post"}],"author":[{"embeddable":true,"href":"https:\/\/www.europesays.com\/no\/wp-json\/wp\/v2\/users\/2"}],"replies":[{"embeddable":true,"href":"https:\/\/www.europesays.com\/no\/wp-json\/wp\/v2\/comments?post=121308"}],"version-history":[{"count":0,"href":"https:\/\/www.europesays.com\/no\/wp-json\/wp\/v2\/posts\/121308\/revisions"}],"wp:featuredmedia":[{"embeddable":true,"href":"https:\/\/www.europesays.com\/no\/wp-json\/wp\/v2\/media\/121309"}],"wp:attachment":[{"href":"https:\/\/www.europesays.com\/no\/wp-json\/wp\/v2\/media?parent=121308"}],"wp:term":[{"taxonomy":"category","embeddable":true,"href":"https:\/\/www.europesays.com\/no\/wp-json\/wp\/v2\/categories?post=121308"},{"taxonomy":"post_tag","embeddable":true,"href":"https:\/\/www.europesays.com\/no\/wp-json\/wp\/v2\/tags?post=121308"}],"curies":[{"name":"wp","href":"https:\/\/api.w.org\/{rel}","templated":true}]}}