{"id":121312,"date":"2025-12-24T23:16:17","date_gmt":"2025-12-24T23:16:17","guid":{"rendered":"https:\/\/www.europesays.com\/no\/121312\/"},"modified":"2025-12-24T23:16:17","modified_gmt":"2025-12-24T23:16:17","slug":"otta-ensomhet-disse-sorger-for-at-faerre-spiser-julemiddag-alene-det-betyr-mye-gudbrandsdolen-dagningen","status":"publish","type":"post","link":"https:\/\/www.europesays.com\/no\/121312\/","title":{"rendered":"Otta, Ensomhet | Disse s\u00f8rger for at f\u00e6rre spiser julemiddag alene: \u2013 Det betyr mye &#8211; Gudbrandsd\u00f8len Dagningen"},"content":{"rendered":"<ol>\n<li><a href=\"https:\/\/news.google.com\/rss\/articles\/CBMinAFBVV95cUxQckR3bkl6eklBMEdXNllkMmxWdTVUM2ZQQVltWTk2NVlKOC1BaXVTcTM0clRMdXRLTlJaWDlsRGJJQUZwVHU0QWVqODJBaHltZHZUcG02dHo1MTgxT2FrSjJ2cFl3RGNkeEpGOThTdUFYT3pVd3ZnSllQYkh3X3c4Zmo5a2pEallpelEzeVk1TWh6RkhQYmVpWmVrZ1Y?oc=5\" target=\"_blank\" rel=\"nofollow noopener\">Otta, Ensomhet | Disse s\u00f8rger for at f\u00e6rre spiser julemiddag alene: \u2013 Det betyr mye<\/a>&nbsp;&nbsp;Gudbrandsd\u00f8len Dagningen<\/li>\n<li><a href=\"https:\/\/news.google.com\/rss\/articles\/CBMid0FVX3lxTE94SzJfS0R5RjBkWjdxLXZaM3lMN2FWc1NqR2hfaTVEbFowQ2RsN29aNWZQNlYwVjYzZGtoTkZaajFabzVubGFDSWZ5WFVQMGV1TFl6aXJYUG80cWRMdDFnRHZVVTFQTER4aXN4OEw0OFkyOUw5Mzk0?oc=5\" target=\"_blank\" rel=\"nofollow noopener\">\u00c5pner kollektivet p\u00e5 julaften: \u2013\u2060 Blir spennende<\/a>&nbsp;&nbsp;VG<\/li>\n<li><a href=\"https:\/\/news.google.com\/rss\/articles\/CBMitgFBVV95cUxPZzVXME9DVXZYQnVHZzQzXzRGMW9IQS1CazFWNk5ZUC1STjdEWEZGRG5CZC14VzhWcUp5dDF2ZFI4c3VZOUZTOUo0QjNFTlo5YjhpaFJsbGFLZm0wRTVEMHhuYVBuUFJHUXN3ODhJemVBaEEyMW9VWU56SDV5a0J0UVlQal9sMkprMTJEVkRveS10OVlBOFY5czR2T3BqX0h6RFEyMTZnVENlLTAwckNyNzBObWRSQQ?oc=5\" target=\"_blank\" rel=\"nofollow noopener\">Var selv rusavhengig \u2013 N\u00e5 bruker Elisabeth julen p\u00e5 \u00e5 hjelpe andre<\/a>&nbsp;&nbsp;NRK<\/li>\n<li><a href=\"https:\/\/news.google.com\/rss\/articles\/CBMitAFBVV95cUxPUzNsa0JNakQ0NDRvbGdkVXR3bEtDYVlxZXpnaHBkazd5QUxsbGVjbTJHY1cxUFZHRkQza05vZm9JME9tYjZQTWp3SW5sMDBkX1E4WENYTE8ydlpvaWw1SkVDRjd2NVlOSWpySDFwbmU2QkRqNTVXelRnSXQzUW9BeW9rY0tZVnMtaWhaS0RhdUl4SzVzY29JMDhzU0JYYklIZG9pU1lmUTZDYTYyZzZoTUZnYjY?oc=5\" target=\"_blank\" rel=\"nofollow noopener\">(+) Venter 70 gjester: \u2013 Ingen skal holdes ute fordi de ikke har r\u00e5d<\/a>&nbsp;&nbsp;fvn.no<\/li>\n<li><a href=\"https:\/\/news.google.com\/rss\/articles\/CBMickFVX3lxTE54Wm5uMFZBdTlLSmhHcmJ3M2pZX0xwdHJRbmhXYno2Y2ExOEFKczdsWFNINXVhUkh1YVdnWnhXcDlRdWJESzFWTy1sLXpIYnJkSl9ObGtHbUxjcDgxS2JPR24zcWZQTUN6eE5XZ1hWS2plUQ?oc=5\" target=\"_blank\" rel=\"nofollow noopener\">Ei annleis feiring<\/a>&nbsp;&nbsp;smp.no<\/li>\n<\/ol>\n","protected":false},"excerpt":{"rendered":"Otta, Ensomhet | Disse s\u00f8rger for at f\u00e6rre spiser julemiddag alene: \u2013 Det betyr mye&nbsp;&nbsp;Gudbrandsd\u00f8len Dagningen \u00c5pner kollektivet&hellip;\n","protected":false},"author":2,"featured_media":121313,"comment_status":"","ping_status":"","sticky":false,"template":"","format":"standard","meta":{"footnotes":""},"categories":[10],"tags":[20,21,24,25,15,22,23,13,30,28,29,14,16,26,27],"class_list":{"0":"post-121312","1":"post","2":"type-post","3":"status-publish","4":"format-standard","5":"has-post-thumbnail","7":"category-norge","8":"tag-breaking-news","9":"tag-breakingnews","10":"tag-featured-news","11":"tag-featurednews","12":"tag-headlines","13":"tag-latest-news","14":"tag-latestnews","15":"tag-news","16":"tag-no","17":"tag-norge","18":"tag-norway","19":"tag-nyheter","20":"tag-overskrifter","21":"tag-top-stories","22":"tag-topstories"},"share_on_mastodon":{"url":"https:\/\/pubeurope.com\/@no\/115777095788721566","error":""},"_links":{"self":[{"href":"https:\/\/www.europesays.com\/no\/wp-json\/wp\/v2\/posts\/121312","targetHints":{"allow":["GET"]}}],"collection":[{"href":"https:\/\/www.europesays.com\/no\/wp-json\/wp\/v2\/posts"}],"about":[{"href":"https:\/\/www.europesays.com\/no\/wp-json\/wp\/v2\/types\/post"}],"author":[{"embeddable":true,"href":"https:\/\/www.europesays.com\/no\/wp-json\/wp\/v2\/users\/2"}],"replies":[{"embeddable":true,"href":"https:\/\/www.europesays.com\/no\/wp-json\/wp\/v2\/comments?post=121312"}],"version-history":[{"count":0,"href":"https:\/\/www.europesays.com\/no\/wp-json\/wp\/v2\/posts\/121312\/revisions"}],"wp:featuredmedia":[{"embeddable":true,"href":"https:\/\/www.europesays.com\/no\/wp-json\/wp\/v2\/media\/121313"}],"wp:attachment":[{"href":"https:\/\/www.europesays.com\/no\/wp-json\/wp\/v2\/media?parent=121312"}],"wp:term":[{"taxonomy":"category","embeddable":true,"href":"https:\/\/www.europesays.com\/no\/wp-json\/wp\/v2\/categories?post=121312"},{"taxonomy":"post_tag","embeddable":true,"href":"https:\/\/www.europesays.com\/no\/wp-json\/wp\/v2\/tags?post=121312"}],"curies":[{"name":"wp","href":"https:\/\/api.w.org\/{rel}","templated":true}]}}