{"id":121314,"date":"2025-12-24T23:24:23","date_gmt":"2025-12-24T23:24:23","guid":{"rendered":"https:\/\/www.europesays.com\/no\/121314\/"},"modified":"2025-12-24T23:24:23","modified_gmt":"2025-12-24T23:24:23","slug":"tiltalt-for-a-dyrke-cannabis-ba-om-til-sammen-45-ar-i-fengsel","status":"publish","type":"post","link":"https:\/\/www.europesays.com\/no\/121314\/","title":{"rendered":"Tiltalt for \u00e5 dyrke cannabis \u2013 ba om til sammen 45 \u00e5r i fengsel"},"content":{"rendered":"<p>Statsadvokat Per Morten Schjetne sier til <a href=\"https:\/\/www.adressa.no\/nyheter\/trondelag\/i\/k0JvW9\/ba-om-til-sammen-mer-enn-45-aar-i-fengsel\" ec-id=\"https:\/\/www.adressa.no\/nyheter\/trondelag\/i\/k0JvW9\/ba-om-til-sammen-mer-enn-45-aar-i-fengsel\" ec-name=\"Adresseavisen\" rel=\"nofollow noopener\" target=\"_blank\">Adresseavisen<\/a> at p\u00e5talemyndigheten la ned p\u00e5stand om at mennene samlet skulle straffes med over 45 \u00e5rs fengsel.<\/p>\n<p>Syv polske menn er tiltalte for \u00e5 ha dyrket over 2000 cannabisplanter p\u00e5 en g\u00e5rd i Indre Fosen i Tr\u00f8ndelag.<\/p>\n<p>If\u00f8lge Adresseavisen er det snakk om fengselsstraffer som strekker seg fra 4 \u00e5r og 8 m\u00e5neder til 10 \u00e5r.<\/p>\n<p>Rettssaken ble avsluttet forrige uke og det er ventet at dommen vil komme 12. januar til neste \u00e5r.<\/p>\n<p><img decoding=\"async\"   src=\"data:image\/gif;base64,R0lGODlhAQABAIAAAAAAAP\/\/\/yH5BAEAAAAALAAAAAABAAEAAAIBRAA7\" loading=\"eager\" alt=\"Cannabis-rettssak Tr\u00f8ndelag, dag 1, del 1 - aktor Per Morten Schjetne\" title=\"Foto: Bjarte M. Johannesen \/ NRK\"\/><\/p>\n<p class=\"\">Statsadvokat Per Morten Schjetne.<\/p>\n<p>Foto: Bjarte M. Johannesen \/ NRK<\/p>\n<p>Ogs\u00e5 tiltalt for smugling<\/p>\n<p>Mennene fra Polen er i tillegg til \u00e5 v\u00e6re tiltalte for \u00e5 ha produsert \u00aben sv\u00e6rt betydelig mengde\u00bb cannabis p\u00e5 g\u00e5rden, ogs\u00e5 tiltalt etter \u00abmafiaparagrafen\u00bb.<\/p>\n<p><strong>Den ene mannen er ogs\u00e5 tiltalt for \u00e5 ha smugla inn over 18.000 liten brennevin og 3,2 millioner sigaretter til Norge.<\/strong><\/p>\n<p>En av de tiltalte erkjente straffskyld og fire erkjente delvis straffskyld. De to siste nekter straffskyld.<\/p>\n<p>Den yngste er i 20-\u00e5ra, mens den eldste er i 60-\u00e5ra. Flere av mennene er i familie.<\/p>\n<p>Aksjonerte mot g\u00e5rden<\/p>\n<p>Det var i november 2024 politiet <a href=\"https:\/\/www.nrk.no\/trondelag\/politiet-vil-fengsle-syv-personer-etter-stor-aksjon-mot-gard-i-indre-fosen-i-trondelag-1.17147999\" ec-id=\"pp:article:1.17147999\" ec-name=\"aksjonerte mot cannabisplantasjen\" rel=\"nofollow noopener\" target=\"_blank\">aksjonerte mot cannabisplantasjen<\/a> etter at tollvesenet hadde varsla dem.<\/p>\n<p>\u2013 Flere ganger kom vindkast med en eim som kunne minne om marihuana, <a href=\"https:\/\/www.nrk.no\/trondelag\/sju-menn-er-tiltalt-for-a-ha-etablert-ein-cannabisplantasje-i-indre-fosen-1.17674001\" ec-id=\"pp:article:1.17674001\" ec-name=\"fortalte statsadvokat Per Morten Schjetne i starten av desember\" rel=\"nofollow noopener\" target=\"_blank\">fortalte statsadvokat Per Morten Schjetne i starten av desember<\/a>.<\/p>\n<p>Tolletaten hadde fulgt med p\u00e5 g\u00e5rden fra avstand. Statsadvokat Schjetne sier at det er flere grunner til at tolletaten holdt et \u00f8ye med noen av de tiltalte og at <a href=\"https:\/\/www.nrk.no\/trondelag\/sju-menn-er-tiltalt-for-a-ha-etablert-ein-cannabisplantasje-i-indre-fosen-1.17674001\" ec-id=\"pp:article:1.17674001\" ec-name=\"bakgrunnen for at de var til stede var sammensatt\" rel=\"nofollow noopener\" target=\"_blank\">bakgrunnen for at de var til stede var sammensatt<\/a>.<\/p>\n<p>Politiet fant store rom der ble dyrket cannabis i fj\u00f8sets m\u00f8kkakjeller.<\/p>\n<p>De fant 1392 planter som stod i potter, i tillegg til 640 t\u00f8rkede cannabisplanter. Det tilsvarer 126 kilo \u00abr\u00f8ykbart materiale\u00bb, if\u00f8lge tiltalen.<\/p>\n<p><img decoding=\"async\"   src=\"data:image\/gif;base64,R0lGODlhAQABAIAAAAAAAP\/\/\/yH5BAEAAAAALAAAAAABAAEAAAIBRAA7\" loading=\"eager\" alt=\"Cannabisplantaje Indre Fosen\" title=\"Foto: Politiet\"\/><\/p>\n<p class=\"\">Politiet fant over 2000 cannabisplanter.<\/p>\n<p>Foto: Politiet<\/p>\n<p>Publisert<\/p>\n<p>24.12.2025, kl. 16.22<\/p>\n<p>Oppdatert<\/p>\n<p>24.12.2025, kl. 19.14<\/p>\n","protected":false},"excerpt":{"rendered":"Statsadvokat Per Morten Schjetne sier til Adresseavisen at p\u00e5talemyndigheten la ned p\u00e5stand om at mennene samlet skulle straffes&hellip;\n","protected":false},"author":2,"featured_media":101421,"comment_status":"","ping_status":"","sticky":false,"template":"","format":"standard","meta":{"footnotes":""},"categories":[10],"tags":[20,21,24,25,15,22,23,13,30,28,29,14,16,26,27],"class_list":{"0":"post-121314","1":"post","2":"type-post","3":"status-publish","4":"format-standard","5":"has-post-thumbnail","7":"category-norge","8":"tag-breaking-news","9":"tag-breakingnews","10":"tag-featured-news","11":"tag-featurednews","12":"tag-headlines","13":"tag-latest-news","14":"tag-latestnews","15":"tag-news","16":"tag-no","17":"tag-norge","18":"tag-norway","19":"tag-nyheter","20":"tag-overskrifter","21":"tag-top-stories","22":"tag-topstories"},"share_on_mastodon":{"url":"https:\/\/pubeurope.com\/@no\/115777127357632559","error":""},"_links":{"self":[{"href":"https:\/\/www.europesays.com\/no\/wp-json\/wp\/v2\/posts\/121314","targetHints":{"allow":["GET"]}}],"collection":[{"href":"https:\/\/www.europesays.com\/no\/wp-json\/wp\/v2\/posts"}],"about":[{"href":"https:\/\/www.europesays.com\/no\/wp-json\/wp\/v2\/types\/post"}],"author":[{"embeddable":true,"href":"https:\/\/www.europesays.com\/no\/wp-json\/wp\/v2\/users\/2"}],"replies":[{"embeddable":true,"href":"https:\/\/www.europesays.com\/no\/wp-json\/wp\/v2\/comments?post=121314"}],"version-history":[{"count":0,"href":"https:\/\/www.europesays.com\/no\/wp-json\/wp\/v2\/posts\/121314\/revisions"}],"wp:featuredmedia":[{"embeddable":true,"href":"https:\/\/www.europesays.com\/no\/wp-json\/wp\/v2\/media\/101421"}],"wp:attachment":[{"href":"https:\/\/www.europesays.com\/no\/wp-json\/wp\/v2\/media?parent=121314"}],"wp:term":[{"taxonomy":"category","embeddable":true,"href":"https:\/\/www.europesays.com\/no\/wp-json\/wp\/v2\/categories?post=121314"},{"taxonomy":"post_tag","embeddable":true,"href":"https:\/\/www.europesays.com\/no\/wp-json\/wp\/v2\/tags?post=121314"}],"curies":[{"name":"wp","href":"https:\/\/api.w.org\/{rel}","templated":true}]}}