{"id":121326,"date":"2025-12-25T00:51:11","date_gmt":"2025-12-25T00:51:11","guid":{"rendered":"https:\/\/www.europesays.com\/no\/121326\/"},"modified":"2025-12-25T00:51:11","modified_gmt":"2025-12-25T00:51:11","slug":"erklaerer-unntakstilstand-i-california","status":"publish","type":"post","link":"https:\/\/www.europesays.com\/no\/121326\/","title":{"rendered":"Erkl\u00e6rer unntakstilstand i California"},"content":{"rendered":"<p>Guvern\u00f8r Gavin Newsom erkl\u00e6rer unntakstilstand flere steder i California p\u00e5 grunn av en kraftig vinterstorm.<\/p>\n<p> &#8211; California handler tidlig og besluttsomt for \u00e5 gj\u00f8re alt vi kan for \u00e5 komme farlige vinterstormer i forkj\u00f8pet. Staten har satt ut ressurser, aktivert beredskapsmyndigheter, og vi jobber tett med lokale partnere for \u00e5 beskytte lokalsamfunn og holde kaliforniere trygge, sier guvern\u00f8ren i en pressemelding julaften.<\/p>\n<p>Unntakstilstanden gjelder i Los Angeles, Orange, Riverside, San Bernardino, San Diego og Shasta.<\/p>\n<p>Delstaten er for tida rammet av en kraftig vinterstorm. Kraftig regn og sn\u00f8 f\u00f8rte tidligere onsdag til at over 200 husstander ble evakuert. I tillegg kom lokale meteorologer med en klar beskjed p\u00e5 julaften:<\/p>\n<p>&#8211; Dersom du har planer om \u00e5 v\u00e6re ute p\u00e5 veien i juleh\u00f8ytiden, v\u00e6r s\u00e5 snill \u00e5 revurdere planene dine, sa meteorolog Ariel Cohen til journalister i Los Angeles tirsdag.<\/p>\n<p>        <img loading=\"lazy\" decoding=\"async\" src=\"https:\/\/www.europesays.com\/no\/wp-content\/uploads\/2025\/12\/84026317.webp\" width=\"980\" height=\"559\" title=\"UNNTAKSTILSTAND: Guvern\u00f8r Gavin Newsom erkl\u00e6rer unntakstilstand i California. Foto: Adriano Machado \/ Reuters \/ NTB\" alt=\"\" class=\"\" style=\"--aspect-ratio-image: 1.75; \"\/><\/p>\n<p>\n        UNNTAKSTILSTAND: Guvern\u00f8r Gavin Newsom erkl\u00e6rer unntakstilstand i California. Foto: Adriano Machado \/ Reuters \/ NTB\n    <\/p>\n<p>Stormen er drevet av en s\u00e5kalt atmosf\u00e6risk elv med kallenavnet \u00abananasekspressen\u00bb. V\u00e6rsystemet f\u00f8rer luftstr\u00f8mmer med h\u00f8y fuktighet fra Hawaiis tropiske klima til den regnfulle vestkysten av USA. Det er ventet at stormen vil f\u00f8re til flere dager med regn, sn\u00f8 og kraftige vinder fram til fredag.<\/p>\n<p>&#8211; Fra sent p\u00e5 onsdag og til og med fredag vil mange omr\u00e5der trolig oppleve betydelige oversv\u00f8mmelser, samt stein- og jordskred, s\u00e6rlig i h\u00f8yereliggende terreng og veier gjennom dalf\u00f8rer, advarte Cohen.\u00a0<\/p>\n<p>Enkelte steder s\u00f8r i delstaten kan det komme opp til 300 millimeter regn.<\/p>\n<p>Tjenestemenn i fylket advarer om at steder der det nylig har v\u00e6rt skogbrann, er sv\u00e6rt utsatt for jordskred og for at flomvann skal f\u00f8re med seg br\u00e5te. I l\u00f8pet av \u00e5ret har dr\u00f8yt 8000 branner i terrenget kostet 31 mennesker livet og \u00f8delagt over 2000 kvadratkilometer, omtrent like mye som Vestfold fylke.<\/p>\n","protected":false},"excerpt":{"rendered":"Guvern\u00f8r Gavin Newsom erkl\u00e6rer unntakstilstand flere steder i California p\u00e5 grunn av en kraftig vinterstorm. &#8211; California handler&hellip;\n","protected":false},"author":2,"featured_media":121327,"comment_status":"","ping_status":"","sticky":false,"template":"","format":"standard","meta":{"footnotes":""},"categories":[12],"tags":[20,21,24,25,15,22,23,13,30,28,29,14,16,26,27,412,42,43,44,45],"class_list":{"0":"post-121326","1":"post","2":"type-post","3":"status-publish","4":"format-standard","5":"has-post-thumbnail","7":"category-verden","8":"tag-breaking-news","9":"tag-breakingnews","10":"tag-featured-news","11":"tag-featurednews","12":"tag-headlines","13":"tag-latest-news","14":"tag-latestnews","15":"tag-news","16":"tag-no","17":"tag-norge","18":"tag-norway","19":"tag-nyheter","20":"tag-overskrifter","21":"tag-top-stories","22":"tag-topstories","23":"tag-utenriks","24":"tag-verden","25":"tag-world","26":"tag-world-news","27":"tag-worldnews"},"share_on_mastodon":{"url":"https:\/\/pubeurope.com\/@no\/115777469542183199","error":""},"_links":{"self":[{"href":"https:\/\/www.europesays.com\/no\/wp-json\/wp\/v2\/posts\/121326","targetHints":{"allow":["GET"]}}],"collection":[{"href":"https:\/\/www.europesays.com\/no\/wp-json\/wp\/v2\/posts"}],"about":[{"href":"https:\/\/www.europesays.com\/no\/wp-json\/wp\/v2\/types\/post"}],"author":[{"embeddable":true,"href":"https:\/\/www.europesays.com\/no\/wp-json\/wp\/v2\/users\/2"}],"replies":[{"embeddable":true,"href":"https:\/\/www.europesays.com\/no\/wp-json\/wp\/v2\/comments?post=121326"}],"version-history":[{"count":0,"href":"https:\/\/www.europesays.com\/no\/wp-json\/wp\/v2\/posts\/121326\/revisions"}],"wp:featuredmedia":[{"embeddable":true,"href":"https:\/\/www.europesays.com\/no\/wp-json\/wp\/v2\/media\/121327"}],"wp:attachment":[{"href":"https:\/\/www.europesays.com\/no\/wp-json\/wp\/v2\/media?parent=121326"}],"wp:term":[{"taxonomy":"category","embeddable":true,"href":"https:\/\/www.europesays.com\/no\/wp-json\/wp\/v2\/categories?post=121326"},{"taxonomy":"post_tag","embeddable":true,"href":"https:\/\/www.europesays.com\/no\/wp-json\/wp\/v2\/tags?post=121326"}],"curies":[{"name":"wp","href":"https:\/\/api.w.org\/{rel}","templated":true}]}}