{"id":121332,"date":"2025-12-25T01:05:11","date_gmt":"2025-12-25T01:05:11","guid":{"rendered":"https:\/\/www.europesays.com\/no\/121332\/"},"modified":"2025-12-25T01:05:11","modified_gmt":"2025-12-25T01:05:11","slug":"de-prover-a-spre-hat","status":"publish","type":"post","link":"https:\/\/www.europesays.com\/no\/121332\/","title":{"rendered":"&#8211; De pr\u00f8ver \u00e5 spre hat"},"content":{"rendered":"<p class=\"kicker \" style=\"\">B\u00f8telagt for julelys:<\/p>\n<p>  En familie i Maryland f\u00e5r b\u00f8ter p\u00e5 500 kroner dagen for julebelysningen sin. N\u00e5 sl\u00e5r de tilbake mot borettslaget.<\/p>\n<p>\n    M\u00c5 PUNGE UT: Familien m\u00e5 betale dyrt for \u00e5 ha disse julelysene oppe gjennom jula. Foto: Salgado-familien\n  <\/p>\n<p>For andre \u00e5r p\u00e5 rad har familien Salgado f\u00e5tt b\u00f8ter fra borettslaget sitt for julelysene utenfor hjemmet i Germantown, Maryland.<\/p>\n<p class=\"font-weight-bold m-font-weight-bold\" data-lab-font_weight=\"font-weight-bold\">&#8211; Lysene er strengt tatt innenfor grensa til tomta v\u00e5r. De g\u00e5r ikke utenfor, og de ber\u00f8rer ikke andres hage.<\/p>\n<p>Det sier Pahan Salgado, som bor ved adressa, til nyhetskanalen <a href=\"https:\/\/abcnews.go.com\/GMA\/Wellness\/family-speaks-after-fined-hoa-christmas-light-display\/story?id=128660276\" rel=\"nofollow noopener\" target=\"_blank\">ABC News<\/a>.<\/p>\n<p>Familien kaller det \u00abSalgado Family Christmas Display\u00bb, og sier det er en tradisjon de ser fram til hvert \u00e5r.<\/p>\n<p>N\u00e5 forteller familien at de har f\u00e5tt beskjed av borettslaget om at de m\u00e5 punge ut med 50 dollar, rundt 500 norske kroner, hver dag &#8211; dersom de ikke fjerner eller toner ned julebelysningen.\u00a0<\/p>\n<p>    <a itemprop=\"url\" href=\"https:\/\/www.dagbladet.no\/nyheter\/julegrana-sagd-ned-igjen\/84018332\" rel=\"nofollow noopener\" target=\"_blank\"><\/p>\n<p>        <img loading=\"lazy\" decoding=\"async\" src=\"https:\/\/www.europesays.com\/no\/wp-content\/uploads\/2025\/12\/84018338.webp\" width=\"980\" height=\"441\" title=\"Julegrana sagd ned - igjen\" alt=\"\" class=\"lazyload\" style=\"--aspect-ratio-image: 2.22; \"\/><\/p>\n<p>        Julegrana sagd ned &#8211; igjen<\/p>\n<p>    <\/a><\/p>\n<p>If\u00f8lge borettslagets regler skal ingen dekorative objekter eller belysning brukes utend\u00f8rs uten forh\u00e5ndsgodkjenning fra komiteen.<\/p>\n<p>Familien innr\u00f8mmer at de hadde en mye st\u00f8rre lysutstilling i fjor, og at de ikke forventet \u00e5 f\u00e5 b\u00f8ter igjen i \u00e5r, da de har tonet ned dekorasjonene.<\/p>\n<p>        JULEV\u00c6RET: Julebyen R\u00f8ros forbinder mange med sm\u00e5 sn\u00f8fylte g\u00e5gater, men slik er det ikke i \u00e5r. Reporter: Therese Doksheim.<\/p>\n<p>&#8211; Det de pr\u00f8ver \u00e5 spre er bare negativitet, hat og m\u00f8rke. Men alt vi pr\u00f8ver \u00e5 gj\u00f8re er \u00e5 spre litt lys denne sesongen, sier Pahan Salgado.<\/p>\n<p> Borettslagets advokat skriver i et brev at familien har f\u00e5tt beskjed flere ganger om at dekorasjonene deres er i strid med reglene, og at de er til irritasjon og plage for nabolaget. <\/p>\n<p>Andre naboer har ogs\u00e5 julelys og prydobjekter i hagen. En av naboene forteller til lokal-TV at han aldri har f\u00e5tt bot for sine dekorasjoner.<\/p>\n<p>    <a itemprop=\"url\" href=\"https:\/\/www.dagbladet.no\/meninger\/blir-folk-kate-av-ribbefett\/84020227\" rel=\"nofollow noopener\" target=\"_blank\"><\/p>\n<p>        <img loading=\"lazy\" decoding=\"async\" src=\"https:\/\/www.europesays.com\/no\/wp-content\/uploads\/2025\/12\/84020396.webp\" width=\"980\" height=\"441\" title=\"- Blir folk k\u00e5te av ribbefett?\" alt=\"\" class=\"lazyload\" style=\"--aspect-ratio-image: 2.22; \"\/><\/p>\n<p>        &#8211; Blir folk k\u00e5te av ribbefett?<\/p>\n<p>    <\/a><\/p>\n<p>&#8211; Vi har aldri f\u00e5tt bot. Da vi kom hit for 20-25 \u00e5r siden, hadde vi lys over hele forsiden av huset, sier Jim Novitzki til kanalen.<\/p>\n<p>Borettslaget sier i en uttalelse at m\u00e5let med reglementet er \u00e5 st\u00f8tte et trygt og respektfullt lokalsamfunn, og at reglene h\u00e5ndheves i tr\u00e5d med delstatens lover.<\/p>\n","protected":false},"excerpt":{"rendered":"B\u00f8telagt for julelys: En familie i Maryland f\u00e5r b\u00f8ter p\u00e5 500 kroner dagen for julebelysningen sin. N\u00e5 sl\u00e5r&hellip;\n","protected":false},"author":2,"featured_media":121333,"comment_status":"","ping_status":"","sticky":false,"template":"","format":"standard","meta":{"footnotes":""},"categories":[12],"tags":[20,21,24,25,15,22,23,13,30,28,29,14,16,26,27,412,42,43,44,45],"class_list":{"0":"post-121332","1":"post","2":"type-post","3":"status-publish","4":"format-standard","5":"has-post-thumbnail","7":"category-verden","8":"tag-breaking-news","9":"tag-breakingnews","10":"tag-featured-news","11":"tag-featurednews","12":"tag-headlines","13":"tag-latest-news","14":"tag-latestnews","15":"tag-news","16":"tag-no","17":"tag-norge","18":"tag-norway","19":"tag-nyheter","20":"tag-overskrifter","21":"tag-top-stories","22":"tag-topstories","23":"tag-utenriks","24":"tag-verden","25":"tag-world","26":"tag-world-news","27":"tag-worldnews"},"share_on_mastodon":{"url":"https:\/\/pubeurope.com\/@no\/115777524640585803","error":""},"_links":{"self":[{"href":"https:\/\/www.europesays.com\/no\/wp-json\/wp\/v2\/posts\/121332","targetHints":{"allow":["GET"]}}],"collection":[{"href":"https:\/\/www.europesays.com\/no\/wp-json\/wp\/v2\/posts"}],"about":[{"href":"https:\/\/www.europesays.com\/no\/wp-json\/wp\/v2\/types\/post"}],"author":[{"embeddable":true,"href":"https:\/\/www.europesays.com\/no\/wp-json\/wp\/v2\/users\/2"}],"replies":[{"embeddable":true,"href":"https:\/\/www.europesays.com\/no\/wp-json\/wp\/v2\/comments?post=121332"}],"version-history":[{"count":0,"href":"https:\/\/www.europesays.com\/no\/wp-json\/wp\/v2\/posts\/121332\/revisions"}],"wp:featuredmedia":[{"embeddable":true,"href":"https:\/\/www.europesays.com\/no\/wp-json\/wp\/v2\/media\/121333"}],"wp:attachment":[{"href":"https:\/\/www.europesays.com\/no\/wp-json\/wp\/v2\/media?parent=121332"}],"wp:term":[{"taxonomy":"category","embeddable":true,"href":"https:\/\/www.europesays.com\/no\/wp-json\/wp\/v2\/categories?post=121332"},{"taxonomy":"post_tag","embeddable":true,"href":"https:\/\/www.europesays.com\/no\/wp-json\/wp\/v2\/tags?post=121332"}],"curies":[{"name":"wp","href":"https:\/\/api.w.org\/{rel}","templated":true}]}}