{"id":121342,"date":"2025-12-25T01:35:56","date_gmt":"2025-12-25T01:35:56","guid":{"rendered":"https:\/\/www.europesays.com\/no\/121342\/"},"modified":"2025-12-25T01:35:56","modified_gmt":"2025-12-25T01:35:56","slug":"greta-thunberg-pagrepet-i-london","status":"publish","type":"post","link":"https:\/\/www.europesays.com\/no\/121342\/","title":{"rendered":"Greta Thunberg p\u00e5grepet i London"},"content":{"rendered":"<p>\n        Greta Thunberg under en debatt om Gaza-krigen i Italia i november.<br \/>\n        Spada \/ LaPresse \/ AP \/ NTB\n    <\/p>\n<p>    Den svenske aktivisten Greta Thunberg er p\u00e5grepet under en Palestina-demonstrasjon i London, melder flere medier.<\/p>\n<p>\nIf\u00f8lge   <a href=\"https:\/\/news.sky.com\/story\/greta-thunberg-arrested-at-a-protest-supporting-palestine-action-hunger-strikers-13486842\" target=\"_blank\" rel=\"nofollow noopener\">Sky News<\/a><br \/>\n skjedde p\u00e5gripelsen under en demonstrasjon til st\u00f8tte for palestinere som sultestreiker. <\/p>\n<p>\nThunberg (22) skal ha holdt opp en plakat med en st\u00f8tteerkl\u00e6ring til den britiske gruppa Palestine Action, som britiske myndigheter   <a href=\"https:\/\/www.cps.gov.uk\/cps\/news\/cps-announces-further-prosecutions-palestine-action-supporters\" target=\"_blank\" rel=\"nofollow noopener\">anser<\/a><br \/>\n som en terrorgruppe.<\/p>\n<p>Ogs\u00e5 aktivistgruppa Defend Our Juries opplyser at Thunberg er p\u00e5grepet, if\u00f8lge nyhetsbyr\u00e5et Reuters. Hun skal v\u00e6re mistenkt for mulige brudd p\u00e5 britiske terrorlover.<\/p>\n","protected":false},"excerpt":{"rendered":"Greta Thunberg under en debatt om Gaza-krigen i Italia i november. Spada \/ LaPresse \/ AP \/ NTB&hellip;\n","protected":false},"author":2,"featured_media":121343,"comment_status":"","ping_status":"","sticky":false,"template":"","format":"standard","meta":{"footnotes":""},"categories":[12],"tags":[20,21,24,25,15,22,23,13,30,28,29,14,16,26,27,42,43,44,45],"class_list":{"0":"post-121342","1":"post","2":"type-post","3":"status-publish","4":"format-standard","5":"has-post-thumbnail","7":"category-verden","8":"tag-breaking-news","9":"tag-breakingnews","10":"tag-featured-news","11":"tag-featurednews","12":"tag-headlines","13":"tag-latest-news","14":"tag-latestnews","15":"tag-news","16":"tag-no","17":"tag-norge","18":"tag-norway","19":"tag-nyheter","20":"tag-overskrifter","21":"tag-top-stories","22":"tag-topstories","23":"tag-verden","24":"tag-world","25":"tag-world-news","26":"tag-worldnews"},"share_on_mastodon":{"url":"https:\/\/pubeurope.com\/@no\/115777646370800155","error":""},"_links":{"self":[{"href":"https:\/\/www.europesays.com\/no\/wp-json\/wp\/v2\/posts\/121342","targetHints":{"allow":["GET"]}}],"collection":[{"href":"https:\/\/www.europesays.com\/no\/wp-json\/wp\/v2\/posts"}],"about":[{"href":"https:\/\/www.europesays.com\/no\/wp-json\/wp\/v2\/types\/post"}],"author":[{"embeddable":true,"href":"https:\/\/www.europesays.com\/no\/wp-json\/wp\/v2\/users\/2"}],"replies":[{"embeddable":true,"href":"https:\/\/www.europesays.com\/no\/wp-json\/wp\/v2\/comments?post=121342"}],"version-history":[{"count":0,"href":"https:\/\/www.europesays.com\/no\/wp-json\/wp\/v2\/posts\/121342\/revisions"}],"wp:featuredmedia":[{"embeddable":true,"href":"https:\/\/www.europesays.com\/no\/wp-json\/wp\/v2\/media\/121343"}],"wp:attachment":[{"href":"https:\/\/www.europesays.com\/no\/wp-json\/wp\/v2\/media?parent=121342"}],"wp:term":[{"taxonomy":"category","embeddable":true,"href":"https:\/\/www.europesays.com\/no\/wp-json\/wp\/v2\/categories?post=121342"},{"taxonomy":"post_tag","embeddable":true,"href":"https:\/\/www.europesays.com\/no\/wp-json\/wp\/v2\/tags?post=121342"}],"curies":[{"name":"wp","href":"https:\/\/api.w.org\/{rel}","templated":true}]}}