{"id":121344,"date":"2025-12-25T01:41:54","date_gmt":"2025-12-25T01:41:54","guid":{"rendered":"https:\/\/www.europesays.com\/no\/121344\/"},"modified":"2025-12-25T01:41:54","modified_gmt":"2025-12-25T01:41:54","slug":"sandra-borch-alkohol-et-viktig-julebudskap","status":"publish","type":"post","link":"https:\/\/www.europesays.com\/no\/121344\/","title":{"rendered":"Sandra Borch, Alkohol | Et viktig julebudskap"},"content":{"rendered":"\n<p>Sandra Borch, tidligere statsr\u00e5d for i St\u00f8re-regjeringen og stortingsrepresentant for Senterpartiet, skriver i et innlegg p\u00e5 sin Facebook-profil at hun har et alkoholproblem.<\/p>\n<p><b>Hun har lagt seg inn p\u00e5 institusjon for \u00e5 f\u00e5 behandling.<\/b><\/p>\n<p>Hun beskriver tiden etter Senterpartiets d\u00e5rlige valg, hvor hun ikke fikk gjenvalg p\u00e5 Stortinget, som krevende. Det er forst\u00e5elig nok t\u00f8ft \u00e5 g\u00e5 fra en fremtredende maktposisjon til jobbk\u00f8.<\/p>\n<p>Borch uttrykker at hun er skamfull og at det gj\u00f8r vondt \u00e5 skuffe sine n\u00e6rmeste. Hun tar grep p\u00e5 egne vegne, og p\u00e5 vegne av familien. <\/p>\n<p>\u00c5penheten fra Borch i denne saken har blitt tatt godt imot p\u00e5 hennes egen Facebook-profil og ellers. Hun f\u00e5r st\u00f8tteerkl\u00e6ringer fra hele spekteret i det politiske Norge, og fra folk flest. <\/p>\n<p><b>Og bra er det. Det er fort gjort \u00e5 sette stigmatiserende merkelapper p\u00e5 folk med alkoholproblemer. <\/b><\/p>\n<p>Det er lite form\u00e5lstjenlig<\/p>\n<p>Vi skal vokte oss for \u00e5 bli et samfunn som forventer feilfrie politikere, og feilfrie medmennesker.<\/p>\n<p>Den store styrken i norsk politikk er at det er helt vanlige folk som kan bli valgt til \u00e5 ha betydningsfulle verv som folkevalgte. De aller fleste av dem m\u00f8ter du p\u00e5 butikken, flyplassen, gata og ja, p\u00e5 puben.<\/p>\n<p><b>Terskelen mellom politikere og velgere er lav og avstanden liten. Det er viktig for tilliten.<\/b><\/p>\n<p>Vanlige folk har vanlige problemer. Borch \u00e5penhet setter ogs\u00e5 fokus p\u00e5 det: Alkoholmisbruk er dessverre det vanligste problemet med rus i Norge. <\/p>\n<p>S\u00e6rlig i juleh\u00f8ytiden blir det krevende, og s\u00e6rlig for familier med barn. <\/p>\n<p>I Norge har vi en utfordring med alvorlig h\u00f8yt alkoholkonsum blant ca. 10 prosent av befolkningen. <\/p>\n<p><b>Disse ti prosentene st\u00e5r bak n\u00e6r sagt halvparten av det totale alkoholkonsumet i Norge. Dessverre s\u00e5 diskuterer vi oftere narkotika i Norge, mens det er problemer med alkohol som rammer flest folk.<\/b><\/p>\n<p>Samtidig som Borch velger \u00e5penhet om eget alkoholproblem, oppfordrer hun ogs\u00e5 andre til \u00e5 opps\u00f8ke hjelp. Det er et viktig julebudskap.<a href=\"https:\/\/www.rus.no\/aktuelt\/arlig-dor-2-000-av-alkohol-mange-av-dem-har-drukket-mindre-enn-du-tror\" rel=\"nofollow noopener\" target=\"_blank\"> De aller fleste som drikker for mye i en periode, klarer heldigvis \u00e5 snu p\u00e5 det.<\/a><\/p>\n<p><b>Vi vet at det kan f\u00e5 positive ringvirkninger p\u00e5 flere, n\u00e5r offentlig kjente personer er \u00e5pne om sin egen kamp.<\/b><\/p>\n","protected":false},"excerpt":{"rendered":"Sandra Borch, tidligere statsr\u00e5d for i St\u00f8re-regjeringen og stortingsrepresentant for Senterpartiet, skriver i et innlegg p\u00e5 sin Facebook-profil&hellip;\n","protected":false},"author":2,"featured_media":121345,"comment_status":"","ping_status":"","sticky":false,"template":"","format":"standard","meta":{"footnotes":""},"categories":[5],"tags":[1095,36,5186,20,21,24,25,15,19,22,23,246,17,18,13,30,28,29,14,1533,16,1825,26,27],"class_list":{"0":"post-121344","1":"post","2":"type-post","3":"status-publish","4":"format-standard","5":"has-post-thumbnail","7":"category-overskrifter","8":"tag-alkohol","9":"tag-art","10":"tag-behandling","11":"tag-breaking-news","12":"tag-breakingnews","13":"tag-featured-news","14":"tag-featurednews","15":"tag-headlines","16":"tag-hovedoppslag","17":"tag-latest-news","18":"tag-latestnews","19":"tag-leder","20":"tag-main-news","21":"tag-mainnews","22":"tag-news","23":"tag-no","24":"tag-norge","25":"tag-norway","26":"tag-nyheter","27":"tag-opinion","28":"tag-overskrifter","29":"tag-sandra-borch","30":"tag-top-stories","31":"tag-topstories"},"share_on_mastodon":{"url":"https:\/\/pubeurope.com\/@no\/115777669981379633","error":""},"_links":{"self":[{"href":"https:\/\/www.europesays.com\/no\/wp-json\/wp\/v2\/posts\/121344","targetHints":{"allow":["GET"]}}],"collection":[{"href":"https:\/\/www.europesays.com\/no\/wp-json\/wp\/v2\/posts"}],"about":[{"href":"https:\/\/www.europesays.com\/no\/wp-json\/wp\/v2\/types\/post"}],"author":[{"embeddable":true,"href":"https:\/\/www.europesays.com\/no\/wp-json\/wp\/v2\/users\/2"}],"replies":[{"embeddable":true,"href":"https:\/\/www.europesays.com\/no\/wp-json\/wp\/v2\/comments?post=121344"}],"version-history":[{"count":0,"href":"https:\/\/www.europesays.com\/no\/wp-json\/wp\/v2\/posts\/121344\/revisions"}],"wp:featuredmedia":[{"embeddable":true,"href":"https:\/\/www.europesays.com\/no\/wp-json\/wp\/v2\/media\/121345"}],"wp:attachment":[{"href":"https:\/\/www.europesays.com\/no\/wp-json\/wp\/v2\/media?parent=121344"}],"wp:term":[{"taxonomy":"category","embeddable":true,"href":"https:\/\/www.europesays.com\/no\/wp-json\/wp\/v2\/categories?post=121344"},{"taxonomy":"post_tag","embeddable":true,"href":"https:\/\/www.europesays.com\/no\/wp-json\/wp\/v2\/tags?post=121344"}],"curies":[{"name":"wp","href":"https:\/\/api.w.org\/{rel}","templated":true}]}}