{"id":121347,"date":"2025-12-25T01:55:20","date_gmt":"2025-12-25T01:55:20","guid":{"rendered":"https:\/\/www.europesays.com\/no\/121347\/"},"modified":"2025-12-25T01:55:20","modified_gmt":"2025-12-25T01:55:20","slug":"new-york-borsene-apner-forsiktig-dagens-naeringsliv","status":"publish","type":"post","link":"https:\/\/www.europesays.com\/no\/121347\/","title":{"rendered":"New York-b\u00f8rsene \u00e5pner forsiktig &#8211; Dagens N\u00e6ringsliv"},"content":{"rendered":"<ol>\n<li><a href=\"https:\/\/news.google.com\/rss\/articles\/CBMijwFBVV95cUxPRjlOdGd6WFc1RnNzSTVfRm9WSjRma21MdEQtWUxRal96RGp5YWtPNjgwaHl6cFhqZ3d0c3FPa3JQWTVZN1hxdzloYk9STXlxNGJNeXNqMDNWUlh3WHU4dkVPcGRNZmFNTXBDbkx5RlZUNHhCRkFReUJkNkJRMHZSLUlORVdDWXdCMUx1VFlFWQ?oc=5\" target=\"_blank\" rel=\"nofollow noopener\">New York-b\u00f8rsene \u00e5pner forsiktig<\/a>&nbsp;&nbsp;Dagens N\u00e6ringsliv<\/li>\n<li><a href=\"https:\/\/news.google.com\/rss\/articles\/CBMilwFBVV95cUxQMHlnOXFqNl9FMVl4NkdIMi12elE5OVowYm9BZXpTWXNuVG9JcXJuTFdnT2FTRTRZb3FpUWczb2FBWDR2V2RpV29JSnZRM2UwbTR6Y25NTHFZd21WY0tiVWlxandldUdaeWRKZjdqRC1oSXgxME1ockRPb1JMMzJjbVZlTUxKMFl0dTJvMGo5QzE5Mm5iZ0xN?oc=5\" target=\"_blank\" rel=\"nofollow noopener\">Julerekorder p\u00e5 Wall Street: \u2013 Et gunstig utgangspunkt<\/a>&nbsp;&nbsp;E24<\/li>\n<li><a href=\"https:\/\/news.google.com\/rss\/articles\/CBMingFBVV95cUxQeTFDaWQ2NnFBejJ6QjNiYVNkUWpKUDZCaHZuLXRyZnlQRUxicGxiZzRJVlhRWTFHbEdrY1J0X081eFFFNXpRazVIeWJ5WEdZdjFNbTFPU2VLeXFkMVZtTnAyWXR1cGtEN3Y0N19zbmlEb2RJQ3UydGZiR0w0d0tQdWRxNGRicVR0OEhFS3FTcVRzRUQ0djNLZm5UVlUtdw?oc=5\" target=\"_blank\" rel=\"nofollow noopener\">Gullrekord og toppnotering p\u00e5 Wall Street f\u00f8r jul<\/a>&nbsp;&nbsp;adressa.no<\/li>\n<li><a href=\"https:\/\/news.google.com\/rss\/articles\/CBMikwFBVV95cUxNS0RhUjVfdFFGT1FkYjU2eUZWSlpKYU5wT25WaDVCQnc1WlVXeUk0Q1VtbHdHSWxveGI4a2lYQlpHWGRFLWRBMjd3SUpfRGNRUHNPMmFLNS1VVEVDZ0pyWVJyZzlQTTJpTEJvYS1XbUZPelRubVRkZlFKTjNpUksxUDBTb3B0dFU0bElhQ3pzMkFWWk0?oc=5\" target=\"_blank\" rel=\"nofollow noopener\">Beste under Trump: Mye sterkere vekst enn ventet<\/a>&nbsp;&nbsp;ABC Nyheter<\/li>\n<li><a href=\"https:\/\/news.google.com\/rss\/articles\/CBMiswFBVV95cUxOZUNaVVRpQVkzOHFtQk5uQURaMTFGdmVZUm1tbFZac2hNRmVwQ01tT2huXzdSNF9KR1pTckNxRXZxMk5BV3JKYmFLRmJCMGUxRzhwMEZVQkwxR0dTOEkxNzFobDBNWkdDaEx1Qy1ISUNEWnhreVVaY0hoS085Ulc4WjJfVGd5TU9ORk02M2JWMk9QWnlXcEVqckh4VlF5LUNxdVl1dm1NTGs0U2x0dFJjWlNNMA?oc=5\" target=\"_blank\" rel=\"nofollow noopener\">Gr\u00f8nt p\u00e5 Wall Street: S&amp;P 500 stengte i ny all-time high<\/a>&nbsp;&nbsp;Finansavisen<\/li>\n<\/ol>\n","protected":false},"excerpt":{"rendered":"New York-b\u00f8rsene \u00e5pner forsiktig&nbsp;&nbsp;Dagens N\u00e6ringsliv Julerekorder p\u00e5 Wall Street: \u2013 Et gunstig utgangspunkt&nbsp;&nbsp;E24 Gullrekord og toppnotering p\u00e5 Wall&hellip;\n","protected":false},"author":2,"featured_media":121348,"comment_status":"","ping_status":"","sticky":false,"template":"","format":"standard","meta":{"footnotes":""},"categories":[5],"tags":[20,21,24,25,15,19,22,23,17,18,13,30,28,29,14,16,26,27],"class_list":{"0":"post-121347","1":"post","2":"type-post","3":"status-publish","4":"format-standard","5":"has-post-thumbnail","7":"category-overskrifter","8":"tag-breaking-news","9":"tag-breakingnews","10":"tag-featured-news","11":"tag-featurednews","12":"tag-headlines","13":"tag-hovedoppslag","14":"tag-latest-news","15":"tag-latestnews","16":"tag-main-news","17":"tag-mainnews","18":"tag-news","19":"tag-no","20":"tag-norge","21":"tag-norway","22":"tag-nyheter","23":"tag-overskrifter","24":"tag-top-stories","25":"tag-topstories"},"share_on_mastodon":{"url":"https:\/\/pubeurope.com\/@no\/115777721065003378","error":""},"_links":{"self":[{"href":"https:\/\/www.europesays.com\/no\/wp-json\/wp\/v2\/posts\/121347","targetHints":{"allow":["GET"]}}],"collection":[{"href":"https:\/\/www.europesays.com\/no\/wp-json\/wp\/v2\/posts"}],"about":[{"href":"https:\/\/www.europesays.com\/no\/wp-json\/wp\/v2\/types\/post"}],"author":[{"embeddable":true,"href":"https:\/\/www.europesays.com\/no\/wp-json\/wp\/v2\/users\/2"}],"replies":[{"embeddable":true,"href":"https:\/\/www.europesays.com\/no\/wp-json\/wp\/v2\/comments?post=121347"}],"version-history":[{"count":0,"href":"https:\/\/www.europesays.com\/no\/wp-json\/wp\/v2\/posts\/121347\/revisions"}],"wp:featuredmedia":[{"embeddable":true,"href":"https:\/\/www.europesays.com\/no\/wp-json\/wp\/v2\/media\/121348"}],"wp:attachment":[{"href":"https:\/\/www.europesays.com\/no\/wp-json\/wp\/v2\/media?parent=121347"}],"wp:term":[{"taxonomy":"category","embeddable":true,"href":"https:\/\/www.europesays.com\/no\/wp-json\/wp\/v2\/categories?post=121347"},{"taxonomy":"post_tag","embeddable":true,"href":"https:\/\/www.europesays.com\/no\/wp-json\/wp\/v2\/tags?post=121347"}],"curies":[{"name":"wp","href":"https:\/\/api.w.org\/{rel}","templated":true}]}}