{"id":121349,"date":"2025-12-25T02:24:13","date_gmt":"2025-12-25T02:24:13","guid":{"rendered":"https:\/\/www.europesays.com\/no\/121349\/"},"modified":"2025-12-25T02:24:13","modified_gmt":"2025-12-25T02:24:13","slug":"39-aring-arrestert-for-antisemittiske-kommentarer","status":"publish","type":"post","link":"https:\/\/www.europesays.com\/no\/121349\/","title":{"rendered":"39-\u00e5ring arrestert for antisemittiske kommentarer"},"content":{"rendered":"\n<p class=\"_lead_o9xde_2 _lead_xtcu6_50 layout-component text-serif-m layout-normal text-serif-l layout-component layout-wide layout-padded _wide_17hqh_1 layout-padded\">Skal ha postet antisemittiske kommentarer p\u00e5 sosiale medier.<\/p>\n<p><img alt=\" Foto: DAVID GRAY \/ AFP\" class=\"_image_qp4xg_65 layout-component layout-wide\" data-fullscreen- data-track-element-type=\"Article image fullscreen\" data-track-name=\"ImageFullscreen\" fetchpriority=\"high\" decoding=\"sync\" loading=\"eager\" height=\"3329\" itemprop=\"image\"  src=\"https:\/\/www.europesays.com\/no\/wp-content\/uploads\/2025\/12\/4a86650d-d070-4bbe-adc6-27379689825c\"  style=\"object-position:0% 0%\" width=\"4994\"\/> Foto: DAVID GRAY \/ AFP<\/p>\n<ul aria-hidden=\"true\" class=\"_images_ntbth_112\">\n<li><a class=\"_link_ntbth_117\" href=\"https:\/\/www.vg.no\/forfatter\/intisaar-ali\" style=\"z-index:1\" title=\"Intisaar Ali\" rel=\"nofollow noopener\" target=\"_blank\"><img alt=\"Bilde av Intisaar Ali\" class=\"_image_ntbth_93\" fetchpriority=\"low\" loading=\"lazy\" decoding=\"async\" itemprop=\"image\"  src=\"https:\/\/www.europesays.com\/no\/wp-content\/uploads\/2025\/12\/1766629452_633_31e1a332-7865-4acc-a24e-ae6d6674f722\"  width=\"480\"\/><\/a><\/li>\n<\/ul>\n<p> Oppdatert torsdag 25. desember kl. 02:42     <\/p>\n<p class=\"_paragraph_o9xde_4 _paragraph_xtcu6_10 layout-component text-serif-m layout-normal text-serif-m layout-padded\">En 39 \u00e5r gammel mann fra Perth vil tilbringe jul i fengsel etter \u00e5 ha blitt arrestert for antisemittiske kommentarer p\u00e5 sosiale medier.<\/p>\n<p class=\"_paragraph_o9xde_4 _paragraph_xtcu6_10 layout-component text-serif-m layout-normal text-serif-m layout-padded\">Martin Glynn er anklaget for \u00e5 ha postet st\u00f8tte til terroristene som angrep det j\u00f8diske milj\u00f8et p\u00e5 Bondi Beach, melder\u00a0<a href=\"https:\/\/thewest.com.au\/news\/wa\/perth-man-arrested-after-allegedly-praising-bondi-beach-gunmen-in-social-media-post-c-17421234\" class=\"_link_o9xde_39\" rel=\"nofollow noopener\" target=\"_blank\">The West Australian<\/a>.<\/p>\n<p class=\"_paragraph_o9xde_4 _paragraph_xtcu6_10 layout-component text-serif-m layout-normal text-serif-m layout-padded\">Politiet gjennomf\u00f8rte en razzia i mannens hjem tirsdag kveld som del av operasjon Dalewood, som ble startet etter Bondi-angrepet for \u00e5 bekjempe ekstremisme.<\/p>\n<p class=\"_paragraph_o9xde_4 _paragraph_xtcu6_10 layout-component text-serif-m layout-normal text-serif-m layout-padded\">Under ransakingen fant politiet h\u00e5ndskrevne notater merket \u00abideologi, synspunkter, ideer og innsikt\u00bb som inneholdt ekstreme synspunkter om j\u00f8diske mennesker. De fant ogs\u00e5 flagg fra terrororganisasjonene Hizbollah og Hamas, samt en springkniv, seks rifler og 4000 skudd.<\/p>\n<p class=\"_paragraph_o9xde_4 _paragraph_xtcu6_10 layout-component text-serif-m layout-normal text-serif-m layout-padded\">Glynn, som jobber p\u00e5 et gruveanlegg og ikke har rulleblad, ble siktet for rasistisk trakassering, v\u00e5penbesittelse og ulovlig v\u00e5penoppbevaring.<\/p>\n<p>Ble fengslet <\/p>\n<p class=\"_paragraph_o9xde_4 _paragraph_xtcu6_10 layout-component text-serif-m layout-normal text-serif-m layout-padded\">I retten onsdag sa han at han st\u00f8tter det palestinske folket og samler p\u00e5 flagg.<\/p>\n<p class=\"_paragraph_o9xde_4 _paragraph_xtcu6_10 layout-component text-serif-m layout-normal text-serif-m layout-padded\">\u2013 Jeg er en dommedagsforberedt person, men jeg har ikke til hensikt \u00e5 skade noen, sa han if\u00f8lge avisen.<\/p>\n<p class=\"_paragraph_o9xde_4 _paragraph_xtcu6_10 layout-component text-serif-m layout-normal text-serif-m layout-padded\">Dommeren nektet ham l\u00f8slatelse og sa at \u00abkasser og kasser\u00bb med ammunisjon og v\u00e5pen var \u00abbetydelig bekymringsfullt\u00bb.<\/p>\n<p class=\"_paragraph_o9xde_4 _paragraph_xtcu6_10 layout-component text-serif-m layout-normal text-serif-m layout-padded\">Statsminister Anthony Albanese sa det ikke er plass for antisemittisme i <a href=\"https:\/\/www.vg.no\/tag\/australia?utm_source=vg-article&amp;utm_medium=auto-tagger&amp;utm_campaign=aJw4E7\" class=\"_link_o9xde_39\" rel=\"nofollow noopener\" target=\"_blank\">Australia<\/a>.<\/p>\n<p><img alt=\"SKYTTERE: Naveed Akram (24) og Sajid Akram (50) p\u00e5 gangbroen under skytehendelsen s\u00f8ndag kveld.  Foto: X\" class=\"_image_qp4xg_65 layout-component layout-normal\" data-fullscreen- data-track-element-type=\"Article image fullscreen\" data-track-name=\"ImageFullscreen\" decoding=\"async\" loading=\"lazy\" height=\"1417\" itemprop=\"image\"  src=\"https:\/\/www.europesays.com\/no\/wp-content\/uploads\/2025\/12\/2d6651a3-4ae1-4548-a8e2-b5f99f43c039\"  style=\"object-position:0% 0%\" width=\"1890\"\/>SKYTTERE: Naveed Akram (24) og Sajid Akram (50) p\u00e5 gangbroen under skytehendelsen s\u00f8ndag kveld.  Foto: X<\/p>\n<p class=\"_paragraph_o9xde_4 _paragraph_xtcu6_10 layout-component text-serif-m layout-normal text-serif-m layout-padded\">For to uker siden ble \u00a015 personer ble drept, etter at en far og en s\u00f8nn l\u00f8snet skudd mot en j\u00f8disk festival p\u00e5\u00a0<a href=\"https:\/\/www.vg.no\/tag\/bondi-beach?utm_source=vg-article&amp;utm_medium=auto-tagger&amp;utm_campaign=e78JOO\" class=\"_link_o9xde_39\" rel=\"nofollow noopener\" target=\"_blank\">Bondi Beach<\/a>\u00a0i Sydney den 14. desember.<\/p>\n<p class=\"_paragraph_o9xde_4 _paragraph_xtcu6_10 layout-component text-serif-m layout-normal text-serif-m layout-padded\">Over 40 personer ble skadet.<\/p>\n<p class=\"_paragraph_o9xde_4 _paragraph_xtcu6_10 layout-component text-serif-m layout-normal text-serif-m layout-padded\">Sajid Akram og s\u00f8nnen Naveed Akram er utpekt som gjerningspersonene bak angrepet.<\/p>\n<p class=\"_paragraph_o9xde_4 _paragraph_xtcu6_10 layout-component text-serif-m layout-normal text-serif-m layout-padded\">Sajid ble drept under en skuddveksling med politiet, mens Naveed ble s\u00e5ret og innlagt p\u00e5 sykehus, bevoktet av politi. Totalt er han siktet for 59 lovbrudd, deriblant terror.<\/p>\n<p>   Helten Ahmed<\/p>\n<p class=\"_paragraph_o9xde_4 _paragraph_xtcu6_10 layout-component text-serif-m layout-normal text-serif-m layout-padded\">Det var Ahmed al-Ahmed (44), som overfalt og avv\u00e6pnet en av skytterne i Bondi Beach.<\/p>\n<p class=\"_paragraph_o9xde_4 _paragraph_xtcu6_10 layout-component text-serif-m layout-normal text-serif-m layout-padded\">Al-Ahmed ble selv skutt, og senere operert, etter \u00e5 ha p\u00e5dratt seg flere skudds\u00e5r. Frukthandleren med bakgrunn fra fra Syria har blitt hyllet for sitt heltemot. <\/p>\n<p class=\"_paragraph_o9xde_4 _paragraph_xtcu6_10 layout-component text-serif-m layout-normal text-serif-m layout-padded\">Nyhetsbyr\u00e5et Reuters, meldte fredag forrige uke at  al-Ahmed som fredag mottok summen p\u00e5 2,5 millioner australske dollar p\u00e5 sykehuset hvor han fortsatt er innlagt.<\/p>\n<p class=\"_paragraph_o9xde_4 _paragraph_xtcu6_10 layout-component text-serif-m layout-normal text-serif-m layout-padded\">Pengene ble samlet inn via GoFundMe, og over 43.000 personer har bidratt til spleisen, inkludert den amerikanske milliard\u00e6ren Bill Ackman, som spyttet inn cirka 100.000 australske dollar.<\/p>\n","protected":false},"excerpt":{"rendered":"Skal ha postet antisemittiske kommentarer p\u00e5 sosiale medier. Foto: DAVID GRAY \/ AFP Oppdatert torsdag 25. desember kl.&hellip;\n","protected":false},"author":2,"featured_media":121350,"comment_status":"","ping_status":"","sticky":false,"template":"","format":"standard","meta":{"footnotes":""},"categories":[12],"tags":[47,20,21,24,25,15,22,23,13,30,28,29,14,16,26,27,42,43,44,45],"class_list":{"0":"post-121349","1":"post","2":"type-post","3":"status-publish","4":"format-standard","5":"has-post-thumbnail","7":"category-verden","8":"tag-australia","9":"tag-breaking-news","10":"tag-breakingnews","11":"tag-featured-news","12":"tag-featurednews","13":"tag-headlines","14":"tag-latest-news","15":"tag-latestnews","16":"tag-news","17":"tag-no","18":"tag-norge","19":"tag-norway","20":"tag-nyheter","21":"tag-overskrifter","22":"tag-top-stories","23":"tag-topstories","24":"tag-verden","25":"tag-world","26":"tag-world-news","27":"tag-worldnews"},"share_on_mastodon":{"url":"https:\/\/pubeurope.com\/@no\/115777835327647440","error":""},"_links":{"self":[{"href":"https:\/\/www.europesays.com\/no\/wp-json\/wp\/v2\/posts\/121349","targetHints":{"allow":["GET"]}}],"collection":[{"href":"https:\/\/www.europesays.com\/no\/wp-json\/wp\/v2\/posts"}],"about":[{"href":"https:\/\/www.europesays.com\/no\/wp-json\/wp\/v2\/types\/post"}],"author":[{"embeddable":true,"href":"https:\/\/www.europesays.com\/no\/wp-json\/wp\/v2\/users\/2"}],"replies":[{"embeddable":true,"href":"https:\/\/www.europesays.com\/no\/wp-json\/wp\/v2\/comments?post=121349"}],"version-history":[{"count":0,"href":"https:\/\/www.europesays.com\/no\/wp-json\/wp\/v2\/posts\/121349\/revisions"}],"wp:featuredmedia":[{"embeddable":true,"href":"https:\/\/www.europesays.com\/no\/wp-json\/wp\/v2\/media\/121350"}],"wp:attachment":[{"href":"https:\/\/www.europesays.com\/no\/wp-json\/wp\/v2\/media?parent=121349"}],"wp:term":[{"taxonomy":"category","embeddable":true,"href":"https:\/\/www.europesays.com\/no\/wp-json\/wp\/v2\/categories?post=121349"},{"taxonomy":"post_tag","embeddable":true,"href":"https:\/\/www.europesays.com\/no\/wp-json\/wp\/v2\/tags?post=121349"}],"curies":[{"name":"wp","href":"https:\/\/api.w.org\/{rel}","templated":true}]}}