{"id":121351,"date":"2025-12-25T03:02:51","date_gmt":"2025-12-25T03:02:51","guid":{"rendered":"https:\/\/www.europesays.com\/no\/121351\/"},"modified":"2025-12-25T03:02:51","modified_gmt":"2025-12-25T03:02:51","slug":"slik-unngar-menn-dresstabbene-i-jula","status":"publish","type":"post","link":"https:\/\/www.europesays.com\/no\/121351\/","title":{"rendered":"Slik unng\u00e5r menn dresstabbene i jula"},"content":{"rendered":"<p class=\"kicker t20 bg-cyan color_mobile_bg-cyan hasTextPadding mobile-hasTextPadding\" style=\"\">Dresstabbene mange gj\u00f8r:<\/p>\n<p>  Dress-eksperten har krystallklare r\u00e5d til menn f\u00f8r jule og -nytt\u00e5rsfesten. Unng\u00e5 tabbene.<\/p>\n<p>\n    \u00c5PNE LUKA: De to kryss-stingene bak p\u00e5 dressjakka skal sprettes bort, forteller Rino Hansen, kleseksperten i Fredrikstad. Foto: Odd Roar Lange\n  <\/p>\n<p>    Kort fortalt<\/p>\n<p lang=\"nb-NO\">Dress-ekspert Rino Hansen fra Fredrikstad gir r\u00e5d om hvordan unng\u00e5 klassiske dresstabber f\u00f8r juleselskap.<\/p>\n<p lang=\"nb-NO\">Fjern etiketten p\u00e5 venstre erme og \u00e5pne brystlomma for pyntelommet\u00f8rkle, ikke for mobil eller n\u00f8kler.<\/p>\n<p lang=\"nb-NO\">Knepp bare den \u00f8verste knappen p\u00e5 dressjakka og fjern kryss-stingene bak for riktig passform.<\/p>\n<p lang=\"nb-NO\">Unng\u00e5 sportsklokker og velg en klassisk frakk over dressen for et stilfullt utseende.<\/p>\n<p>      Vis mer<br \/>\n      Vis mindre<\/p>\n<p>  <a id=\"topic-banner-link\" href=\"#\" target=\"_blank\" rel=\"noopener noreferrer\"><br \/>\n    <img decoding=\"async\" id=\"topic-banner-image\" src=\"\" alt=\"\" style=\"max-width:100%; height:auto; border-radius:8px; transition:filter 0.3s ease;\"\/><br \/>\n  <\/a><\/p>\n<p>FREDRIKSTAD (DinSide): S\u00e5 er det snart klart for julefeiring og nytt\u00e5rsfeiring. N\u00e5 gjelder det \u00e5 unng\u00e5 de klassiske dresstabbene \u2013 f\u00f8r du tr\u00e5r inn i b\u00e5de jule- og nytt\u00e5rsselskapene.\u00a0<\/p>\n<p>For selv om desember byr p\u00e5 glitrende lys, h\u00f8ye forventninger og feststemning, er det ogs\u00e5 tida da norske menn g\u00e5r i fella igjen og igjen.<\/p>\n<p>    <a itemprop=\"url\" href=\"https:\/\/dinside.dagbladet.no\/okonomi\/kraftige-prisokninger\/83986029\" rel=\"nofollow noopener\" target=\"_blank\"><\/p>\n<p>        <img loading=\"lazy\" decoding=\"async\" src=\"https:\/\/www.europesays.com\/no\/wp-content\/uploads\/2025\/12\/1766631761_144_83986762.webp\" width=\"980\" height=\"441\" title=\"- Dessverre\" alt=\"\" class=\"lazyload\" style=\"--aspect-ratio-image: 2.22; \"\/><\/p>\n<p>        &#8211; Dessverre<\/p>\n<p>    <\/a><\/p>\n<p>Og n\u00e5r dressen skal p\u00e5, er det \u00e9n mann som har sett alt: Rino Hansen i Fredrikstad.\u00a0<\/p>\n<p>Han har drevet klesbutikken med samme navn i Fredrikstad siden 1978, og vet n\u00f8yaktig hvilke feil du er i ferd med \u00e5 beg\u00e5.<\/p>\n<p>&#8211; Mange gj\u00f8r akkurat de samme tabbene hver eneste gang. Og n\u00e5 er det siste sjanse f\u00f8r jul til \u00e5 f\u00e5 det riktig, sier Hansen.<\/p>\n<p>        SLIPS: Her har du fire fine slipsknuter du kan pr\u00f8ve deg p\u00e5! Video: Ole Petter Bauger\u00f8d Stokke. Musikk: Making Up For Lost Time, Dick Stabil (CC 1.0) <\/p>\n<p>Fjern etiketten\t<\/p>\n<p>N\u00e5r du kj\u00f8per ny dress henger det ofte en etikett p\u00e5 utsida av venstre erme. Den skal bort. Ikke i morgen. Ikke etter julaften. Med \u00e9n gang.<\/p>\n<p>&#8211; Den er bare for butikkens bruk. Og skulle butikken ha glemt \u00e5 fjerne den, m\u00e5 du gj\u00f8re det selv f\u00f8r du g\u00e5r ut av d\u00f8ra hjemme. Kort og godt: F\u00e5 den bort, sier Hansen. <\/p>\n<p>        <img loading=\"lazy\" decoding=\"async\" src=\"https:\/\/www.europesays.com\/no\/wp-content\/uploads\/2025\/12\/83977951.webp\" width=\"686\" height=\"392\" title=\"F\u00c5 DEN BORT: De fleste butikker som selger dresser tar bort denne for kunden. Men, sjekk for sikkerhets skyld. Den skal bort f\u00f8r du g\u00e5r ut. Foto: Odd Roar Lange\" alt=\"\" class=\"\" style=\"--aspect-ratio-image: 1.75; \"\/><\/p>\n<p>\n        F\u00c5 DEN BORT: De fleste butikker som selger dresser tar bort denne for kunden. Men, sjekk for sikkerhets skyld. Den skal bort f\u00f8r du g\u00e5r ut. Foto: Odd Roar Lange\n    <\/p>\n<p>Samtidig m\u00e5 du sprette opp brystlomma. Bruk spretten\u00e5l, ikke saks \u2013 julestemningen d\u00f8r fort hvis du klipper hull i stoffet.<\/p>\n<p>Her skal du ha et lommet\u00f8rkle. Ikke mobiltelefonen. Ikke snusboksen. Ikke n\u00f8klene.<\/p>\n<p>&#8211; Mange tror dette er et praktisk sted \u00e5 legge mobilen, men nei. Brystlomma er bare til pyntelommet\u00f8rkle. Dressen mister fasongen hvis du fyller den, sier kleseksperten.<\/p>\n<p>    <a itemprop=\"url\" href=\"https:\/\/dinside.dagbladet.no\/fritid\/mer-tafsing-og-klaing-veldig-urovekkende\/83925898\" rel=\"nofollow noopener\" target=\"_blank\"><\/p>\n<p>        <img loading=\"lazy\" decoding=\"async\" src=\"https:\/\/www.europesays.com\/no\/wp-content\/uploads\/2025\/12\/83925989.webp\" width=\"980\" height=\"441\" title=\"- Veldig urovekkende\" alt=\"\" class=\"lazyload\" style=\"--aspect-ratio-image: 2.22; \"\/><\/p>\n<p>        &#8211; Veldig urovekkende<\/p>\n<p>    <\/a><\/p>\n<p>Pynterlomme &#8211; ikke verkt\u00f8yskrin\u00a0\t<\/p>\n<p>De store lommene p\u00e5 dressjakka er sydd igjen av en grunn.<\/p>\n<p>&#8211; De skal v\u00e6re lukket. De er rene pyntelommer. Hvis du \u00e5pner dem og putter ting i dem, \u00f8delegger du hele draperingen, sier Hansen.<\/p>\n<p>Kort sagt: Vil du se ut som en pakket julegave, gj\u00f8r som du vil. Vil du se bra ut, la dem v\u00e6re igjen.<\/p>\n<p>        KLAR ADVARSEL: Har du vurdert \u00e5 bruke juletreet som ved? I s\u00e5 fall b\u00f8r du tenke deg ekstra om. Video: Embla Hjort-Larsen \/ Storyblocks. <\/p>\n<p>Knepping &#8211; det evige problemet\u00a0\t<\/p>\n<p>Dette er regelen mange nekter \u00e5 l\u00e6re:<br \/>\nHar dressjakka to knapper, knepper du bare den \u00f8verste. Den nederste skal alltid v\u00e6re \u00e5pen.<\/p>\n<p>N\u00e5r du setter deg: \u00e5pne jakka.<br \/>\nN\u00e5r du reiser deg: knepp igjen.<\/p>\n<p>&#8211; Dette gj\u00f8r stor forskjell. Dressen skal f\u00f8lge kroppen, ikke stramme og ikke st\u00e5 i spenn, sier Hansen.<\/p>\n<p>    <a itemprop=\"url\" href=\"https:\/\/dinside.dagbladet.no\/reise\/klar-beskjed-blir-kapret-fort\/83969229\" rel=\"nofollow noopener\" target=\"_blank\"><\/p>\n<p>        <img loading=\"lazy\" decoding=\"async\" src=\"https:\/\/www.europesays.com\/no\/wp-content\/uploads\/2025\/12\/83969246.webp\" width=\"980\" height=\"441\" title=\"- G\u00e5r fort unna\" alt=\"\" class=\"lazyload\" style=\"--aspect-ratio-image: 2.22; \"\/><\/p>\n<p>        &#8211; G\u00e5r fort unna<\/p>\n<p>    <\/a><\/p>\n<p>Ikke glem baksida\t<\/p>\n<p>P\u00e5 ryggen av dressjakka er det ofte to sm\u00e5 kryss-sting nederst. De skal fjernes f\u00f8r bruk.<\/p>\n<p>&#8211; Det er bare en transportsting. Fjerner du den ikke, faller ikke jakka slik den skal, sier han.<\/p>\n<p>        <img loading=\"lazy\" decoding=\"async\" src=\"https:\/\/www.europesays.com\/no\/wp-content\/uploads\/2025\/12\/83977953.webp\" width=\"686\" height=\"515\" title=\"OPP MED DEN: Brystlomma skal \u00e5pnes, og brukes til et lommet\u00f8rkle som matcher resten av andrekket. Rino Hansen er klar i sine anbefalinger til menn. Foto: Odd Roar Lange\" alt=\"\" class=\"\" style=\"--aspect-ratio-image: 1.33; \"\/><\/p>\n<p>\n        OPP MED DEN: Brystlomma skal \u00e5pnes, og brukes til et lommet\u00f8rkle som matcher resten av andrekket. Rino Hansen er klar i sine anbefalinger til menn. Foto: Odd Roar Lange\n    <\/p>\n<p>For stingene gjelder samme regel som den vi startet med, om lappen p\u00e5 ermet:<\/p>\n<p>&#8211; F\u00e5 dem bort.<\/p>\n<p class=\"italic m-italic\" data-lab-italic=\"italic\">&#8211; Hva med frakken?\u00a0<\/p>\n<p>&#8211; Her fjernes ogs\u00e5 stinget bak. Og n\u00e5 kommer en liten og viktig detalj: Har frakken brystlomme, skal ikke den \u00e5pnes.<\/p>\n<p>    <a itemprop=\"url\" href=\"https:\/\/dinside.dagbladet.no\/fritid\/helt-enormt\/83874129\" rel=\"nofollow noopener\" target=\"_blank\"><\/p>\n<p>        <img loading=\"lazy\" decoding=\"async\" src=\"https:\/\/www.europesays.com\/no\/wp-content\/uploads\/2025\/12\/1766631768_958_82436682.webp\" width=\"980\" height=\"441\" title=\"- Helt enormt\" alt=\"\" class=\"lazyload\" style=\"--aspect-ratio-image: 2.22; \"\/><\/p>\n<p>        &#8211; Helt enormt<\/p>\n<p>    <\/a><\/p>\n<p>Ikke sportsklokke til dress\u00a0\t<\/p>\n<p>Desember betyr tidspress, og mange har pulsklokka med seg overalt. Ikke gj\u00f8r det.<\/p>\n<p>&#8211; Det blir helt feil. Du trenger ikke en dyr klokke, men du b\u00f8r ha en pen en. Det er fest, ikke skitur, sier Hansen.<\/p>\n<p>        <img loading=\"lazy\" decoding=\"async\" src=\"https:\/\/www.europesays.com\/no\/wp-content\/uploads\/2025\/12\/83977978.webp\" width=\"686\" height=\"392\" title=\"IKKE TIL DRESSE: Selv om du er forn\u00f8yd med den nye tekniske klokka, b\u00f8r du heller velge en klassisk en til dresssen. Foto: Odd Roar Lange\" alt=\"\" class=\"\" style=\"--aspect-ratio-image: 1.75; \"\/><\/p>\n<p>\n        IKKE TIL DRESSE: Selv om du er forn\u00f8yd med den nye tekniske klokka, b\u00f8r du heller velge en klassisk en til dresssen. Foto: Odd Roar Lange\n    <\/p>\n<p class=\"italic m-italic\" data-lab-italic=\"italic\">&#8211; Slips eller ikke? Det er det mange som lurer p\u00e5?<\/p>\n<p>&#8211; Slips er ikke et absolutt krav, men det gj\u00f8r antrekket mer helhetlig. Bare ikke ta p\u00e5 det f\u00f8rste du finner, svarer Rino Hansen.<\/p>\n<p>&#8211; Dropp slips med nisser, elg i solnedgang eller komiske motiver p\u00e5 julaften og de finere selskapene. Det er juleselskap, ikke standup. Farger er lov, men velg noen som er diskret og passer fint.<\/p>\n<p>Bredden p\u00e5 slipset skal f\u00f8lge bredden p\u00e5 jakkeslaget.<\/p>\n<p>    <a itemprop=\"url\" href=\"https:\/\/dinside.dagbladet.no\/reise\/varsler-streikekaos\/83957688\" rel=\"nofollow noopener\" target=\"_blank\"><\/p>\n<p>        <img loading=\"lazy\" decoding=\"async\" src=\"https:\/\/www.europesays.com\/no\/wp-content\/uploads\/2025\/12\/83958255.webp\" width=\"980\" height=\"441\" title=\"Varsler streikekaos\" alt=\"\" class=\"lazyload\" style=\"--aspect-ratio-image: 2.22; \"\/><\/p>\n<p>        Varsler streikekaos<\/p>\n<p>    <\/a><\/p>\n<p>Yttert\u00f8yet &#8211; den store julesynden\u00a0\t<\/p>\n<p>N\u00e5r gradestokken kryper nedover og desembervinden river i jakkeslagene, tyr mange til en altfor kort boblejakke.<\/p>\n<p>&#8211; Ikke gj\u00f8r det. Boblejakker som slutter over dressjakka ser helt feil ut, sier Hansen.<\/p>\n<p>Velg heller en klassisk frakk. Den varer i mange \u00e5r og t\u00e5ler b\u00e5de kulde og kritiske blikk fra svigerfamilien.<\/p>\n<p>        <img loading=\"lazy\" decoding=\"async\" src=\"https:\/\/www.europesays.com\/no\/wp-content\/uploads\/2025\/12\/83978136.webp\" width=\"980\" height=\"441\" title=\"Tips meg om menns juletabber\" alt=\"\" class=\"\" style=\"--aspect-ratio-image: 2.22; \"\/><\/p>\n<p>        Tips meg om menns juletabber<\/p>\n<p class=\"subtitle\">Hei, jeg heter Odd Roar Lange og er reiseekspert og -journalist for DinSide og Dagbladet. Jeg skriver ogs\u00e5 om hvordan vi skal oppf\u00f8re oss p\u00e5 reiser, i selskap, p\u00e5 restaurant etc. Har du et tips eller sp\u00f8rsm\u00e5l om dette? Send det gjerne til meg. Tips og sp\u00f8rsm\u00e5l som kan brukes til en reportasje vil bli prioritert.<\/p>\n","protected":false},"excerpt":{"rendered":"Dresstabbene mange gj\u00f8r: Dress-eksperten har krystallklare r\u00e5d til menn f\u00f8r jule og -nytt\u00e5rsfesten. Unng\u00e5 tabbene. \u00c5PNE LUKA: De&hellip;\n","protected":false},"author":2,"featured_media":121352,"comment_status":"","ping_status":"","sticky":false,"template":"","format":"standard","meta":{"footnotes":""},"categories":[5],"tags":[20,21,14424,24,25,728,15,19,5593,5592,13692,22,23,17,18,13,30,28,29,14,16,4226,26,27],"class_list":{"0":"post-121351","1":"post","2":"type-post","3":"status-publish","4":"format-standard","5":"has-post-thumbnail","7":"category-overskrifter","8":"tag-breaking-news","9":"tag-breakingnews","10":"tag-dress","11":"tag-featured-news","12":"tag-featurednews","13":"tag-fritid","14":"tag-headlines","15":"tag-hovedoppslag","16":"tag-jul","17":"tag-julebord","18":"tag-julefeiring","19":"tag-latest-news","20":"tag-latestnews","21":"tag-main-news","22":"tag-mainnews","23":"tag-news","24":"tag-no","25":"tag-norge","26":"tag-norway","27":"tag-nyheter","28":"tag-overskrifter","29":"tag-thetravelinspector","30":"tag-top-stories","31":"tag-topstories"},"share_on_mastodon":{"url":"https:\/\/pubeurope.com\/@no\/115777988961105920","error":""},"_links":{"self":[{"href":"https:\/\/www.europesays.com\/no\/wp-json\/wp\/v2\/posts\/121351","targetHints":{"allow":["GET"]}}],"collection":[{"href":"https:\/\/www.europesays.com\/no\/wp-json\/wp\/v2\/posts"}],"about":[{"href":"https:\/\/www.europesays.com\/no\/wp-json\/wp\/v2\/types\/post"}],"author":[{"embeddable":true,"href":"https:\/\/www.europesays.com\/no\/wp-json\/wp\/v2\/users\/2"}],"replies":[{"embeddable":true,"href":"https:\/\/www.europesays.com\/no\/wp-json\/wp\/v2\/comments?post=121351"}],"version-history":[{"count":0,"href":"https:\/\/www.europesays.com\/no\/wp-json\/wp\/v2\/posts\/121351\/revisions"}],"wp:featuredmedia":[{"embeddable":true,"href":"https:\/\/www.europesays.com\/no\/wp-json\/wp\/v2\/media\/121352"}],"wp:attachment":[{"href":"https:\/\/www.europesays.com\/no\/wp-json\/wp\/v2\/media?parent=121351"}],"wp:term":[{"taxonomy":"category","embeddable":true,"href":"https:\/\/www.europesays.com\/no\/wp-json\/wp\/v2\/categories?post=121351"},{"taxonomy":"post_tag","embeddable":true,"href":"https:\/\/www.europesays.com\/no\/wp-json\/wp\/v2\/tags?post=121351"}],"curies":[{"name":"wp","href":"https:\/\/api.w.org\/{rel}","templated":true}]}}