{"id":121354,"date":"2025-12-25T04:04:08","date_gmt":"2025-12-25T04:04:08","guid":{"rendered":"https:\/\/www.europesays.com\/no\/121354\/"},"modified":"2025-12-25T04:04:08","modified_gmt":"2025-12-25T04:04:08","slug":"is-topp-pagrepet-i-syria","status":"publish","type":"post","link":"https:\/\/www.europesays.com\/no\/121354\/","title":{"rendered":"IS-topp p\u00e5grepet i Syria"},"content":{"rendered":"\n<p class=\"_lead_o9xde_2 _lead_xtcu6_50 layout-component text-serif-m layout-normal text-serif-l layout-component layout-wide layout-padded _wide_17hqh_1 layout-padded\">Syriske myndigheter har i samarbeid med den USA-ledede koalisjonen p\u00e5grepet en regional IS-leder i Damaskus, sier en general, if\u00f8lge statlige medier.<\/p>\n<ul aria-hidden=\"true\" class=\"_images_ntbth_112\">\n<li><a class=\"_link_ntbth_117\" href=\"https:\/\/www.vg.no\/forfatter\/ntb\" style=\"z-index:1\" title=\"NTB\" rel=\"nofollow noopener\" target=\"_blank\"><img alt=\"Bilde av NTB\" class=\"_image_ntbth_93\" fetchpriority=\"low\" loading=\"lazy\" decoding=\"async\" itemprop=\"image\"  src=\"https:\/\/www.europesays.com\/no\/wp-content\/uploads\/2025\/12\/1766635448_295_c33980b0-5d07-4027-84a1-813f90a7c8d6\"  width=\"480\"\/><\/a><\/li>\n<\/ul>\n<p> Oppdatert torsdag 25. desember kl. 03:32     <\/p>\n<p class=\"_paragraph_o9xde_4 _paragraph_xtcu6_10 layout-component text-serif-m layout-normal text-serif-m layout-padded\">Taha al-Zoubi, ogs\u00e5 kjent som Abu Omar Tabiya, ble p\u00e5grepet onsdag sammen med flere av folkene sine, sier general Ahmed al-Dalati, if\u00f8lge et statlige nyhetsbyr\u00e5et Sana.<\/p>\n<p class=\"_paragraph_o9xde_4 _paragraph_xtcu6_10 layout-component text-serif-m layout-normal text-serif-m layout-padded\">\u2013 V\u00e5re spesialenheter, i samarbeid med etterretningen og styrker fra den internasjonale koalisjonen gjennomf\u00f8rte en sikkerhetsoperasjon rettet mot et IS-skjulested, sier Dalati.<\/p>\n<p class=\"_paragraph_o9xde_4 _paragraph_xtcu6_10 layout-component text-serif-m layout-normal text-serif-m layout-padded\">P\u00e5gripelsen skjedde to uker etter et angrep 13. desember der tre amerikanere \u2013 to soldater og en sivilist \u2013 ble drept i et angrep i Palmyra sentralt i <a href=\"https:\/\/www.vg.no\/tag\/syria?utm_source=vg-article&amp;utm_medium=auto-tagger&amp;utm_campaign=2pGmrB\" class=\"_link_o9xde_39\" rel=\"nofollow noopener\" target=\"_blank\">Syria<\/a>. USA sa angrepet ble utf\u00f8rt av en enslig gjerningsmann som tilh\u00f8rte IS. <\/p>\n<p class=\"_paragraph_o9xde_4 _paragraph_xtcu6_10 layout-component text-serif-m layout-normal text-serif-m layout-padded\">Hendelsen var den f\u00f8rste i sitt slag siden president Bashar al-Assaf ble styrtet for et \u00e5r siden. Syriske myndigheter sier gjerningsmannen var medlem av landets sikkerhetsstyrker, men skulle sparkes p\u00e5 grunn av ekstremistiske, islamistiske holdninger\u00bb.<\/p>\n<p class=\"_paragraph_o9xde_4 _paragraph_xtcu6_10 layout-component text-serif-m layout-normal text-serif-m layout-padded\">20. desember opplyste en syrisk overv\u00e5kingsgruppe at fem IS-medlemmer ble drept i amerikanske angrep som gjengjeldelse etter angrep i Palmyra.<\/p>\n","protected":false},"excerpt":{"rendered":"Syriske myndigheter har i samarbeid med den USA-ledede koalisjonen p\u00e5grepet en regional IS-leder i Damaskus, sier en general,&hellip;\n","protected":false},"author":2,"featured_media":121355,"comment_status":"","ping_status":"","sticky":false,"template":"","format":"standard","meta":{"footnotes":""},"categories":[12],"tags":[20,21,24,25,15,7725,22,23,13,30,28,29,14,16,7724,26,27,42,43,44,45],"class_list":{"0":"post-121354","1":"post","2":"type-post","3":"status-publish","4":"format-standard","5":"has-post-thumbnail","7":"category-verden","8":"tag-breaking-news","9":"tag-breakingnews","10":"tag-featured-news","11":"tag-featurednews","12":"tag-headlines","13":"tag-is","14":"tag-latest-news","15":"tag-latestnews","16":"tag-news","17":"tag-no","18":"tag-norge","19":"tag-norway","20":"tag-nyheter","21":"tag-overskrifter","22":"tag-syria","23":"tag-top-stories","24":"tag-topstories","25":"tag-verden","26":"tag-world","27":"tag-world-news","28":"tag-worldnews"},"share_on_mastodon":{"url":"https:\/\/pubeurope.com\/@no\/115778228474817131","error":""},"_links":{"self":[{"href":"https:\/\/www.europesays.com\/no\/wp-json\/wp\/v2\/posts\/121354","targetHints":{"allow":["GET"]}}],"collection":[{"href":"https:\/\/www.europesays.com\/no\/wp-json\/wp\/v2\/posts"}],"about":[{"href":"https:\/\/www.europesays.com\/no\/wp-json\/wp\/v2\/types\/post"}],"author":[{"embeddable":true,"href":"https:\/\/www.europesays.com\/no\/wp-json\/wp\/v2\/users\/2"}],"replies":[{"embeddable":true,"href":"https:\/\/www.europesays.com\/no\/wp-json\/wp\/v2\/comments?post=121354"}],"version-history":[{"count":0,"href":"https:\/\/www.europesays.com\/no\/wp-json\/wp\/v2\/posts\/121354\/revisions"}],"wp:featuredmedia":[{"embeddable":true,"href":"https:\/\/www.europesays.com\/no\/wp-json\/wp\/v2\/media\/121355"}],"wp:attachment":[{"href":"https:\/\/www.europesays.com\/no\/wp-json\/wp\/v2\/media?parent=121354"}],"wp:term":[{"taxonomy":"category","embeddable":true,"href":"https:\/\/www.europesays.com\/no\/wp-json\/wp\/v2\/categories?post=121354"},{"taxonomy":"post_tag","embeddable":true,"href":"https:\/\/www.europesays.com\/no\/wp-json\/wp\/v2\/tags?post=121354"}],"curies":[{"name":"wp","href":"https:\/\/api.w.org\/{rel}","templated":true}]}}