{"id":121356,"date":"2025-12-25T04:21:06","date_gmt":"2025-12-25T04:21:06","guid":{"rendered":"https:\/\/www.europesays.com\/no\/121356\/"},"modified":"2025-12-25T04:21:06","modified_gmt":"2025-12-25T04:21:06","slug":"vaer-meteorologen-slik-blir-vaeret-pa-julaften-i-oslo-blir-det-sno-pa-julaften","status":"publish","type":"post","link":"https:\/\/www.europesays.com\/no\/121356\/","title":{"rendered":"V\u00e6r, Meteorologen | Slik blir v\u00e6ret p\u00e5 julaften i Oslo. Blir det sn\u00f8 p\u00e5 julaften?"},"content":{"rendered":"\n<p>Er du en av dem som lever i h\u00e5pet om en hvit julaften? Da har meteorologen en beskjed til deg:<\/p>\n<p>\u2013 Det er jo litt hvite fjon i lufta og minusgradene gj\u00f8r det litt rimaktig, men det blir ikke noe mer enn det som er ute n\u00e5, sier vakthavende meteorolog Bente Wahl ved Meteorologisk institutt.<\/p>\n<p>Det er nok flere som skal ut i vinterv\u00e6ret med nylonstr\u00f8mper og korte kjoler p\u00e5 julaften. Det kan bli kaldt, if\u00f8lge Wahl.<\/p>\n<p>\u2013 Det er jo litt greit \u00e5 ha p\u00e5 seg godt med kl\u00e6r. Det er ikke den kaldeste julaftenen, men det blir nok den kaldeste dagen vi har hatt i desember, sier Wahl.<\/p>\n<p>Kaldest hittil<\/p>\n<p>Meteorologen kan melde om at temperaturen kan synke til \u00e5tte minusgrader i morgen. Den kaldeste dagen i november ble m\u00e5lt til 7,3 minusgrader. Julaften kan alts\u00e5 bli den kaldeste dagen hittil i vinter.<\/p>\n<p>Og kaldt skal det bli denne julen, men det vil variere litt.<\/p>\n<p>\u2013 Temperaturen vil ligge rundt null denne julen. Det vil variere fra to pluss til to-tre minus, sier Wahl.<\/p>\n<p>\u2013 S\u00e5 vi kan kanskje f\u00e5 sn\u00f8 i l\u00f8pet av julen? <\/p>\n<p>\u2013 Nei, det blir ikke noe mer sn\u00f8 i Oslo-omr\u00e5det denne jula, sannsynligheten for det er lav, sier hun.<\/p>\n<p>   <img decoding=\"async\" width=\"4356\" height=\"2904\" fetchpriority=\"low\"  loading=\"lazy\"  src=\"https:\/\/www.europesays.com\/no\/wp-content\/uploads\/2025\/12\/5_128_796493+NTB_h4GzECUpMhU.jpg\" alt=\"\" class=\"brick-c-cFOWSL\" style=\"--brick-image-ratio: 4356 \/ 2904;\"\/><\/p>\n<p>      Dette synet f\u00e5r vi ikke denne jula.<br \/>\n      Foto: Stian Lysberg Solum\n    <\/p>\n<p>  Kommer med gladnyhet<\/p>\n<p>Siden det ikke blir sn\u00f8, kan det bli sol.<\/p>\n<p>\u2013 Det er gode muligheter for at disse skyene skal forsvinne, sier Wahl.<\/p>\n<p>\u2013 Betyr det at det blir sol? <\/p>\n<p>\u2013 Da blir det sol. Det er gode muligheter for \u00e5 se sola de timene den er oppe, sier hun og forklarer at vi er avhengig av klarv\u00e6r for at det skal bli ordentlig kaldt.<\/p>\n<p>   <img decoding=\"async\" width=\"4096\" height=\"3072\" fetchpriority=\"low\"  loading=\"lazy\"  src=\"https:\/\/www.europesays.com\/no\/wp-content\/uploads\/2025\/12\/4886.jpg\" alt=\"\" class=\"brick-c-cFOWSL\" style=\"--brick-image-ratio: 4096 \/ 3072;\"\/><\/p>\n<p>      Tj\u00e5ka fullt p\u00e5 Jul i Vinterland i november: Folk lot seg ikke stoppe av \u00e5tte varmegrader og brostein dekket av l\u00f8v istedenfor sn\u00f8.<br \/>\n      Foto: \u00c5smund Swensen H\u00f8eg \/ Avisa Oslo\n    <\/p>\n<p>  Blir muligheter for denne vintersporten<\/p>\n<p>Er du glad i \u00e5 g\u00e5 p\u00e5 ski, m\u00e5 du nok reise langt for \u00e5 f\u00e5 natursn\u00f8 under skiene denne julen. Men det betyr ikke at at alle vintersporter er avlyst for i \u00e5r.<\/p>\n<p>\u2013Tror du det blir muligheter for \u00e5 st\u00e5 p\u00e5 sk\u00f8yter i jula?<\/p>\n<p>\u2013 Ja, det er klart. N\u00e5 blir det jo minusgrader, sier hun.<\/p>\n<p>   <img decoding=\"async\" width=\"5568\" height=\"3714\" fetchpriority=\"low\"  loading=\"lazy\"  src=\"https:\/\/www.europesays.com\/no\/wp-content\/uploads\/2025\/12\/NTB_LSSZR6A1J78.jpg\" alt=\"Oslo 20251122. &#10;Sk\u00f8ytebanen p\u00e5 Jul i Vinterland i Spikersuppa l\u00f8rdag ettermiddag.&#10;Foto: Jonas Been Henriksen \/ NTB\" class=\"brick-c-cFOWSL\" style=\"--brick-image-ratio: 5568 \/ 3714;\"\/><\/p>\n<p>      Det er sk\u00f8yteis i Spikersuppa n\u00e5. Bildet ble tatt i desember i \u00e5r.<br \/>\n      Foto: Jonas Been Henriksen \/ NTB\n    <\/p>\n<p>Men mildv\u00e6ret som har v\u00e6rt, kan p\u00e5virke sk\u00f8yteisen som kan danne seg p\u00e5 sm\u00e5vannene.<\/p>\n<p>\u2013 V\u00e6r forsiktig p\u00e5 vann rundt omkring. Det har v\u00e6rt mildt s\u00e5 det tar litt tid f\u00f8r isen er trygg, sier hun.<\/p>\n<p>  <a data-static=\"\" href=\"#skip-\" class=\"brick-c-fgNmNC\">Hopp over karusellen.<\/a><\/p>\n<p data-static=\"\" class=\"brick-c-fgNmNC\" id=\"carousel-title-\">Innholdskarusell med 24 artikler.<\/p>\n<p><b>Les ogs\u00e5: <\/b><\/p>\n<p>  <a href=\"https:\/\/www.ao.no\/5-128-1222314\" class=\"related-teaser has-image default-story-teaser article--c-eRUmMG article--c-eRUmMG-jKCPdD-design-default\" rel=\"nofollow noopener\" target=\"_blank\"><\/p>\n<p>    <img decoding=\"async\" loading=\"lazy\"  src=\"https:\/\/www.europesays.com\/no\/wp-content\/uploads\/2025\/12\/sparkle.jpg\" alt=\"\" class=\"brick-c-cFOWSL\" style=\"\"\/><\/p>\n<p>\n            Les ogs\u00e5<\/p>\n<p>              Fikk orkesterplass til det spektakul\u00e6re synet: \u2013 Ganske komisk\n        <\/p>\n<p>  <\/a><\/p>\n<p>  <a href=\"https:\/\/www.ao.no\/5-128-1222108\" class=\"related-teaser has-image default-story-teaser article--c-eRUmMG article--c-eRUmMG-jKCPdD-design-default\" rel=\"nofollow noopener\" target=\"_blank\"><\/p>\n<p>    <img decoding=\"async\" loading=\"lazy\"  src=\"https:\/\/www.europesays.com\/no\/wp-content\/uploads\/2025\/12\/fbb472bc-9c8e-4001-86f9-6797e775196a.jpeg\" alt=\"\" class=\"brick-c-cFOWSL\" style=\"\"\/><\/p>\n<p>\n            Les ogs\u00e5<\/p>\n<p>              Da politiet la merke til dette, s\u00e5 de r\u00f8dt. Mistet f\u00f8rerkortet\n        <\/p>\n<p>  <\/a><\/p>\n<p>  <a href=\"https:\/\/www.ao.no\/5-128-1221819\" class=\"related-teaser has-image default-story-teaser article--c-eRUmMG article--c-eRUmMG-jKCPdD-design-default\" rel=\"nofollow noopener\" target=\"_blank\"><\/p>\n<p>    <img decoding=\"async\" loading=\"lazy\"  src=\"https:\/\/www.europesays.com\/no\/wp-content\/uploads\/2025\/12\/75e18237-2e13-40bd-b0be-162830d8edba.jpeg\" alt=\"\" class=\"brick-c-cFOWSL\" style=\"\"\/><\/p>\n<p>\n            Les ogs\u00e5<\/p>\n<p>              F\u00e5r flere meldinger om glatte veier \u2013 trekker fram \u00e9n hovedfarts\u00e5re\n        <\/p>\n<p>  <\/a><\/p>\n","protected":false},"excerpt":{"rendered":"Er du en av dem som lever i h\u00e5pet om en hvit julaften? Da har meteorologen en beskjed&hellip;\n","protected":false},"author":2,"featured_media":121357,"comment_status":"","ping_status":"","sticky":false,"template":"","format":"standard","meta":{"footnotes":""},"categories":[10],"tags":[36,20,21,24,25,15,22,23,4615,13,30,28,29,14,16,6527,1510,26,27,553],"class_list":{"0":"post-121356","1":"post","2":"type-post","3":"status-publish","4":"format-standard","5":"has-post-thumbnail","7":"category-norge","8":"tag-art","9":"tag-breaking-news","10":"tag-breakingnews","11":"tag-featured-news","12":"tag-featurednews","13":"tag-headlines","14":"tag-latest-news","15":"tag-latestnews","16":"tag-meteorologen","17":"tag-news","18":"tag-no","19":"tag-norge","20":"tag-norway","21":"tag-nyheter","22":"tag-overskrifter","23":"tag-sno","24":"tag-story","25":"tag-top-stories","26":"tag-topstories","27":"tag-vaer"},"share_on_mastodon":{"url":"https:\/\/pubeurope.com\/@no\/115778296971523456","error":""},"_links":{"self":[{"href":"https:\/\/www.europesays.com\/no\/wp-json\/wp\/v2\/posts\/121356","targetHints":{"allow":["GET"]}}],"collection":[{"href":"https:\/\/www.europesays.com\/no\/wp-json\/wp\/v2\/posts"}],"about":[{"href":"https:\/\/www.europesays.com\/no\/wp-json\/wp\/v2\/types\/post"}],"author":[{"embeddable":true,"href":"https:\/\/www.europesays.com\/no\/wp-json\/wp\/v2\/users\/2"}],"replies":[{"embeddable":true,"href":"https:\/\/www.europesays.com\/no\/wp-json\/wp\/v2\/comments?post=121356"}],"version-history":[{"count":0,"href":"https:\/\/www.europesays.com\/no\/wp-json\/wp\/v2\/posts\/121356\/revisions"}],"wp:featuredmedia":[{"embeddable":true,"href":"https:\/\/www.europesays.com\/no\/wp-json\/wp\/v2\/media\/121357"}],"wp:attachment":[{"href":"https:\/\/www.europesays.com\/no\/wp-json\/wp\/v2\/media?parent=121356"}],"wp:term":[{"taxonomy":"category","embeddable":true,"href":"https:\/\/www.europesays.com\/no\/wp-json\/wp\/v2\/categories?post=121356"},{"taxonomy":"post_tag","embeddable":true,"href":"https:\/\/www.europesays.com\/no\/wp-json\/wp\/v2\/tags?post=121356"}],"curies":[{"name":"wp","href":"https:\/\/api.w.org\/{rel}","templated":true}]}}