{"id":121358,"date":"2025-12-25T04:27:42","date_gmt":"2025-12-25T04:27:42","guid":{"rendered":"https:\/\/www.europesays.com\/no\/121358\/"},"modified":"2025-12-25T04:27:42","modified_gmt":"2025-12-25T04:27:42","slug":"europa-slar-tilbake-mot-trump-sanksjoner-skremsel-og-tvang","status":"publish","type":"post","link":"https:\/\/www.europesays.com\/no\/121358\/","title":{"rendered":"Europa sl\u00e5r tilbake mot Trump-sanksjoner: \u2013 Skremsel og tvang"},"content":{"rendered":"\n<p class=\"_lead_o9xde_2 _lead_xtcu6_50 layout-component text-serif-m layout-normal text-serif-l layout-component layout-wide layout-padded _wide_17hqh_1 layout-padded\">USA har innf\u00f8rt reiseforbud mot fem europeere som jobber mot desinformasjon. N\u00e5 reagerer EU, Frankrike og Tyskland kraftig.<\/p>\n<p><img alt=\"Frankrikes president Emmanuel Macron omtaler USAs sanksjoner som \u00abskremsel og tvang\u00bb. Foto: LUDOVIC MARIN \/ AFP \/ NTB\" class=\"_image_qp4xg_65 layout-component layout-wide\" data-fullscreen- data-track-element-type=\"Article image fullscreen\" data-track-name=\"ImageFullscreen\" fetchpriority=\"high\" decoding=\"sync\" loading=\"eager\" height=\"4000\" itemprop=\"image\"  src=\"https:\/\/www.europesays.com\/no\/wp-content\/uploads\/2025\/12\/c36b33f8-9042-4154-ac2d-479f63d20d05\"  style=\"object-position:0% 0%\" width=\"6000\"\/>Frankrikes president Emmanuel Macron omtaler USAs sanksjoner som \u00abskremsel og tvang\u00bb. Foto: LUDOVIC MARIN \/ AFP \/ NTB<\/p>\n<ul aria-hidden=\"true\" class=\"_images_ntbth_112\">\n<li><a class=\"_link_ntbth_117\" href=\"https:\/\/www.vg.no\/forfatter\/isak-loeve-pilskog-loe\" style=\"z-index:1\" title=\"Isak L\u00f8ve Pilskog Loe\" rel=\"nofollow noopener\" target=\"_blank\"><img alt=\"Bilde av Isak L\u00f8ve Pilskog Loe\" class=\"_image_ntbth_93\" fetchpriority=\"low\" loading=\"lazy\" decoding=\"async\" itemprop=\"image\"  src=\"https:\/\/www.europesays.com\/no\/wp-content\/uploads\/2025\/12\/1766636845_76_8b0354e3-bf53-460c-9c1c-790321a0c923\"  width=\"480\"\/><\/a><\/li>\n<\/ul>\n<p> Oppdatert torsdag 25. desember kl. 05:10     <\/p>\n<p class=\"_paragraph_o9xde_4 _paragraph_xtcu6_10 layout-component text-serif-m layout-normal text-serif-m layout-padded\">Europeiske ledere reagerer med sinne etter at USA tirsdag innf\u00f8rte reiseforbud mot fem europeere som arbeider med \u00e5 regulere teknologiselskaper og bekjempe desinformasjon.<\/p>\n<p class=\"_paragraph_o9xde_4 _paragraph_xtcu6_10 layout-component text-serif-m layout-normal text-serif-m layout-padded\">Blant de sanksjonerte er tidligere <a href=\"https:\/\/www.vg.no\/tag\/eu?utm_source=vg-article&amp;utm_medium=auto-tagger&amp;utm_campaign=8pmEg1\" class=\"_link_o9xde_39\" rel=\"nofollow noopener\" target=\"_blank\">EU<\/a>-kommiss\u00e6r Thierry Breton, som USAs utenriksminister Marco Rubio beskriver som \u00abhjernen\u00bb bak EUs digitale tjenesteloven.<\/p>\n<p class=\"_paragraph_o9xde_4 _paragraph_xtcu6_10 layout-component text-serif-m layout-normal text-serif-m layout-padded\">\u2013 Dette er skremsel og tvang som tar sikte p\u00e5 \u00e5 undergrave europeisk digital suverenitet, skriver Frankrikes president Emmanuel Macron p\u00e5 <a href=\"https:\/\/x.com\/EmmanuelMacron\/status\/2003781877165879782?s=20\" class=\"_link_o9xde_39\" rel=\"nofollow\">X<\/a>.<\/p>\n<p>EU truer med mottiltak<\/p>\n<p class=\"_paragraph_o9xde_4 _paragraph_xtcu6_10 layout-component text-serif-m layout-normal text-serif-m layout-padded\">EU-kommisjonen, som er unionens ut\u00f8vende organ, ford\u00f8mmer sterkt den amerikanske beslutningen.<\/p>\n<p class=\"_paragraph_o9xde_4 _paragraph_xtcu6_10 layout-component text-serif-m layout-normal text-serif-m layout-padded\">\u2013 Vi har bedt om avklaringer fra amerikanske myndigheter. Om n\u00f8dvendig vil vi svare raskt og bestemt for \u00e5 forsvare v\u00e5r regulatoriske autonomi mot urettferdige tiltak, heter det i en <a href=\"https:\/\/ec.europa.eu\/commission\/presscorner\/detail\/en\/statement_25_3160\" class=\"_link_o9xde_39\" rel=\"nofollow noopener\" target=\"_blank\">uttalelse<\/a> fra kommisjonen.<\/p>\n<p><img alt=\"Europakommisjonens president Ursula Von der Leyen st\u00e5r overfor en diplomatisk skvis med den amerikanske regjeringen.  Foto: Geert Vanden Wijngaert \/ AP \/ NTB\" class=\"_image_qp4xg_65 layout-component layout-normal\" data-fullscreen- data-track-element-type=\"Article image fullscreen\" data-track-name=\"ImageFullscreen\" decoding=\"async\" loading=\"lazy\" height=\"3527\" itemprop=\"image\"  src=\"https:\/\/www.europesays.com\/no\/wp-content\/uploads\/2025\/12\/5652be84-db77-467c-92c0-c2af1aaf0786\"  style=\"object-position:0% 0%\" width=\"5291\"\/>Europakommisjonens president Ursula Von der Leyen st\u00e5r overfor en diplomatisk skvis med den amerikanske regjeringen.  Foto: Geert Vanden Wijngaert \/ AP \/ NTB<\/p>\n<p class=\"_paragraph_o9xde_4 _paragraph_xtcu6_10 layout-component text-serif-m layout-normal text-serif-m layout-padded\">Kommisjonen understreker at ytringsfrihet er en grunnleggende rettighet i Europa og en felles kjerneverdi med USA.<\/p>\n<p class=\"_paragraph_o9xde_4 _paragraph_xtcu6_10 layout-component text-serif-m layout-normal text-serif-m layout-padded\">\u2013 V\u00e5re digitale regler sikrer en trygg, rettferdig og lik konkurransearena for alle selskaper, anvendt rettferdig og uten diskriminering, sier kommisjonen.<\/p>\n<p class=\"_paragraph_o9xde_4 _paragraph_xtcu6_10 layout-component text-serif-m layout-normal text-serif-m layout-padded\">De fem som er rammet av reiseforbudet omfatter ogs\u00e5 Imran Ahmed, leder av Center for Countering Digital Hate, samt tyske Anna-Lena von Hodenberg og Josephine Ballon fra organisasjonen HateAid.<\/p>\n<p>\u2013 Autorit\u00e6rt angrep<\/p>\n<p class=\"_paragraph_o9xde_4 _paragraph_xtcu6_10 layout-component text-serif-m layout-normal text-serif-m layout-padded\">Rubio anklager de fem for \u00e5 ha ledet \u00aborganiserte fors\u00f8k p\u00e5 \u00e5 tvinge amerikanske plattformer til \u00e5 sensurere, demonetisere og undertrykke amerikanske synspunkter de motsetter seg\u00bb.<\/p>\n<p class=\"_paragraph_o9xde_4 _paragraph_xtcu6_10 layout-component text-serif-m layout-normal text-serif-m layout-padded\">\u2013 Disse radikale aktivistene og politiserte NGO-ene har bidratt til sensurtiltak fra fremmede stater, sier Rubio sitert av <a href=\"https:\/\/www.nbcnews.com\/world\/europe\/europeans-push-back-trumps-authoritarian-sanctions-anti-disinformation-rcna250791\" class=\"_link_o9xde_39\" rel=\"nofollow noopener\" target=\"_blank\">NBC News<\/a>.<\/p>\n<p><img alt=\"USAs utenriksminister Marco Rubio.  Foto: Kevin Mohatt \/ Reuters \/ NTB\" class=\"_image_qp4xg_65 layout-component layout-normal\" data-fullscreen- data-track-element-type=\"Article image fullscreen\" data-track-name=\"ImageFullscreen\" decoding=\"async\" loading=\"lazy\" height=\"2499\" itemprop=\"image\"  src=\"https:\/\/www.europesays.com\/no\/wp-content\/uploads\/2025\/12\/a287e76d-b733-4809-b14d-2954330dcf27\"  style=\"object-position:0% 0%\" width=\"3748\"\/>USAs utenriksminister Marco Rubio.  Foto: Kevin Mohatt \/ Reuters \/ NTB<\/p>\n<p class=\"_paragraph_o9xde_4 _paragraph_xtcu6_10 layout-component text-serif-m layout-normal text-serif-m layout-padded\">De sanksjonerte sl\u00e5r tilbake mot anklagene. Global Disinformation Index kaller tiltakene et \u00abautorit\u00e6rt angrep p\u00e5 ytringsfrihet\u00bb.<\/p>\n<p class=\"_paragraph_o9xde_4 _paragraph_xtcu6_10 layout-component text-serif-m layout-normal text-serif-m layout-padded\">\u2013 Trump-administrasjonen bruker igjen den f\u00f8derale regjeringens fulle makt til \u00e5 skremme, sensurere og tie kritikere de er uenige med, sier en talsperson for organisasjonen til NBC News.<\/p>\n<p class=\"_paragraph_o9xde_4 _paragraph_xtcu6_10 layout-component text-serif-m layout-normal text-serif-m layout-padded\">Organisasjonen la til:<\/p>\n<p class=\"_paragraph_o9xde_4 _paragraph_xtcu6_10 layout-component text-serif-m layout-normal text-serif-m layout-padded\">\u2013 Bare mobberne og sm\u00e5fascistene i Trump-administrasjonen kunne unng\u00e5 \u00e5 se ironien i \u00e5 ford\u00f8mme \u00abytringsundertrykking\u00bb, samtidig som de bruker statsmakt til \u00e5 kneble kritikere som ut\u00f8ver lovbeskyttet ytringsfrihet.<\/p>\n<p>Tyskland reagerer kraftig<\/p>\n<p class=\"_paragraph_o9xde_4 _paragraph_xtcu6_10 layout-component text-serif-m layout-normal text-serif-m layout-padded\">Tyskland kaller de amerikanske tiltakene \u00abuakseptable\u00bb.<\/p>\n<p class=\"_paragraph_o9xde_4 _paragraph_xtcu6_10 layout-component text-serif-m layout-normal text-serif-m layout-padded\">\u2013 Innreiseforbudene p\u00e5lagt av USA, inkludert de mot lederne av HateAid, er ikke akseptable, skriver tysk utenriksminister Johann Wadephul p\u00e5 <a href=\"https:\/\/x.com\/AussenMinDE\/status\/2003763873833496911?s=20\" class=\"_link_o9xde_39\" rel=\"nofollow\">X.<\/a><\/p>\n<p class=\"_paragraph_o9xde_4 _paragraph_xtcu6_10 layout-component text-serif-m layout-normal text-serif-m layout-padded\">Han p\u00e5peker at EUs digitale tjenesteloven ble vedtatt demokratisk av EU for EU, og at den ikke har ekstraterritoriell virkning.<\/p>\n<p><img alt=\"Utenriksministerne Johann Wadephul (h) og Marco Rubio (v) m\u00f8ttes under G7-m\u00f8tet i Canada i november.  Foto: Nick Iwanyshyn \/ Pa Photos \/ NTB\" class=\"_image_qp4xg_65 layout-component layout-normal\" data-fullscreen- data-track-element-type=\"Article image fullscreen\" data-track-name=\"ImageFullscreen\" decoding=\"async\" loading=\"lazy\" height=\"4726\" itemprop=\"image\"  src=\"https:\/\/www.europesays.com\/no\/wp-content\/uploads\/2025\/12\/58dd904e-e828-4810-be9b-060cc57f200a\"  style=\"object-position:0% 0%\" width=\"7085\"\/>Utenriksministerne Johann Wadephul (h) og Marco Rubio (v) m\u00f8ttes under G7-m\u00f8tet i Canada i november.  Foto: Nick Iwanyshyn \/ Pa Photos \/ NTB<\/p>\n<p class=\"_paragraph_o9xde_4 _paragraph_xtcu6_10 layout-component text-serif-m layout-normal text-serif-m layout-padded\">De tyske aktivistene von Hodenberg og Ballon kaller sanksjonene \u00aben undertrykkelseshandling fra en regjering som i \u00f8kende grad ser bort fra rettsstaten\u00bb.<\/p>\n<p class=\"_paragraph_o9xde_4 _paragraph_xtcu6_10 layout-component text-serif-m layout-normal text-serif-m layout-padded\">\u2013 Vi vil ikke la oss skremme av en regjering som bruker anklager om sensur for \u00e5 tie de som st\u00e5r opp for menneskerettigheter og ytringsfrihet, sier de til NBC News.<\/p>\n<p>Eskalering av konflikt<\/p>\n<p class=\"_paragraph_o9xde_4 _paragraph_xtcu6_10 layout-component text-serif-m layout-normal text-serif-m layout-padded\">Sanksjonene markerer en opptrapping av Washingtons aksjon mot det de omtaler som sensur fra Europa. Konflikten har eskalert etter at EU tidligere denne m\u00e5neden <a href=\"https:\/\/ec.europa.eu\/commission\/presscorner\/detail\/en\/ip_25_2934\" class=\"_link_o9xde_39\" rel=\"nofollow noopener\" target=\"_blank\">b\u00f8tela Elon Musks X med 120 millioner euro <\/a>for brudd p\u00e5 <a href=\"https:\/\/ec.europa.eu\/commission\/presscorner\/detail\/en\/ip_23_6709\" class=\"_link_o9xde_39\" rel=\"nofollow noopener\" target=\"_blank\">kravene til \u00e5penhet<\/a>.<\/p>\n<p class=\"_paragraph_o9xde_4 _paragraph_xtcu6_10 layout-component text-serif-m layout-normal text-serif-m layout-padded\">Musk <a href=\"https:\/\/x.com\/elonmusk\/status\/1997009604681896340?s=20\" class=\"_link_o9xde_39\" rel=\"nofollow\">kalte<\/a> boten \u00abbullshit\u00bb og <a href=\"https:\/\/x.com\/elonmusk\/status\/1877948465516257646?s=20\" class=\"_link_o9xde_39\" rel=\"nofollow\">omtalte<\/a> Breton som \u00abEuropas tyrann\u00bb, mens USAs <a href=\"https:\/\/x.com\/SecRubio\/status\/1996974377003319667?s=20\" class=\"_link_o9xde_39\" rel=\"nofollow\">utenriksminister Rubio<\/a> og <a href=\"https:\/\/x.com\/JDVance\/status\/1996701953372704921\" class=\"_link_o9xde_39\" rel=\"nofollow\">visepresident JD Vance<\/a> reagerte i harde ordelag.<\/p>\n<p><img alt=\"Utenriksminister Rubio og visepresident Vance sitter bak Frankrikes president Emmanuel Macron.  Foto: Alexander Drago \/ Reuters \/ NTB\" class=\"_image_qp4xg_65 layout-component layout-normal\" data-fullscreen- data-track-element-type=\"Article image fullscreen\" data-track-name=\"ImageFullscreen\" decoding=\"async\" loading=\"lazy\" height=\"2379\" itemprop=\"image\"  src=\"https:\/\/www.europesays.com\/no\/wp-content\/uploads\/2025\/12\/0a7c66d6-6f63-4265-aceb-dca9948d262a\"  style=\"object-position:0% 0%\" width=\"3568\"\/>Utenriksminister Rubio og visepresident Vance sitter bak Frankrikes president Emmanuel Macron.  Foto: Alexander Drago \/ Reuters \/ NTB<\/p>\n<p class=\"_paragraph_o9xde_4 _paragraph_xtcu6_10 layout-component text-serif-m layout-normal text-serif-m layout-padded\">Breton selv svarte p\u00e5 sanksjonene med \u00e5 sp\u00f8rre om McCarthys heksejakt var tilbake, en referanse til 1950-tallets antikommunistiske kampanje.<\/p>\n<p class=\"_paragraph_o9xde_4 _paragraph_xtcu6_10 layout-component text-serif-m layout-normal text-serif-m layout-padded\">\u2013 Til v\u00e5re amerikanske venner: Sensur er ikke der dere tror den er, skrev han p\u00e5 <a href=\"https:\/\/x.com\/ThierryBreton\/status\/2003599765335126494?s=20\" class=\"_link_o9xde_39\" rel=\"nofollow\">X<\/a>.<\/p>\n<p class=\"_root_1xq52_1\" lang=\"en\" dir=\"auto\">Today, we fined X for non-compliance with transparency obligations under the DSA.<\/p>\n<p>We&#8217;re holding X accountable for:<br \/>\n\ud83d\udd39Deceptive design of its \u2018blue checkmark\u2019<br \/>\n\ud83d\udd39Lack of transparency of its advertising repository<br \/>\n\ud83d\udd39Failure to provide access to public data for researchers<\/p>\n<p>\u2193<\/p>\n<p class=\"_paragraph_o9xde_4 _paragraph_xtcu6_10 layout-component text-serif-m layout-normal text-serif-m layout-padded\">Frankrike p\u00e5peker ogs\u00e5 det de ser som dobbeltmoral i amerikansk utenrikspolitikk, if\u00f8lge <a href=\"https:\/\/www.nbcnews.com\/world\/europe\/europeans-push-back-trumps-authoritarian-sanctions-anti-disinformation-rcna250791\" class=\"_link_o9xde_39\" rel=\"nofollow noopener\" target=\"_blank\">NBC News<\/a>. Det franske utenriksdepartementet viser til at USA samtidig inviterer russiske representanter til diplomatiske samtaler, til tross for at Russland har <a href=\"https:\/\/www.themoscowtimes.com\/2025\/03\/25\/russian-lawmakers-pass-bill-banning-advertising-on-extremist-platforms-like-facebook-and-instagram-a88477\" class=\"_link_o9xde_39\" rel=\"nofollow noopener\" target=\"_blank\">forbudt<\/a> bruk av amerikanske plattformer som Facebook og Instagram.<\/p>\n","protected":false},"excerpt":{"rendered":"USA har innf\u00f8rt reiseforbud mot fem europeere som jobber mot desinformasjon. N\u00e5 reagerer EU, Frankrike og Tyskland kraftig.&hellip;\n","protected":false},"author":2,"featured_media":121359,"comment_status":"","ping_status":"","sticky":false,"template":"","format":"standard","meta":{"footnotes":""},"categories":[12],"tags":[20,21,279,24,25,15,22,23,13,30,28,29,14,16,26,27,50,42,43,44,45],"class_list":{"0":"post-121358","1":"post","2":"type-post","3":"status-publish","4":"format-standard","5":"has-post-thumbnail","7":"category-verden","8":"tag-breaking-news","9":"tag-breakingnews","10":"tag-eu","11":"tag-featured-news","12":"tag-featurednews","13":"tag-headlines","14":"tag-latest-news","15":"tag-latestnews","16":"tag-news","17":"tag-no","18":"tag-norge","19":"tag-norway","20":"tag-nyheter","21":"tag-overskrifter","22":"tag-top-stories","23":"tag-topstories","24":"tag-usa","25":"tag-verden","26":"tag-world","27":"tag-world-news","28":"tag-worldnews"},"share_on_mastodon":{"url":"https:\/\/pubeurope.com\/@no\/115778320607376987","error":""},"_links":{"self":[{"href":"https:\/\/www.europesays.com\/no\/wp-json\/wp\/v2\/posts\/121358","targetHints":{"allow":["GET"]}}],"collection":[{"href":"https:\/\/www.europesays.com\/no\/wp-json\/wp\/v2\/posts"}],"about":[{"href":"https:\/\/www.europesays.com\/no\/wp-json\/wp\/v2\/types\/post"}],"author":[{"embeddable":true,"href":"https:\/\/www.europesays.com\/no\/wp-json\/wp\/v2\/users\/2"}],"replies":[{"embeddable":true,"href":"https:\/\/www.europesays.com\/no\/wp-json\/wp\/v2\/comments?post=121358"}],"version-history":[{"count":0,"href":"https:\/\/www.europesays.com\/no\/wp-json\/wp\/v2\/posts\/121358\/revisions"}],"wp:featuredmedia":[{"embeddable":true,"href":"https:\/\/www.europesays.com\/no\/wp-json\/wp\/v2\/media\/121359"}],"wp:attachment":[{"href":"https:\/\/www.europesays.com\/no\/wp-json\/wp\/v2\/media?parent=121358"}],"wp:term":[{"taxonomy":"category","embeddable":true,"href":"https:\/\/www.europesays.com\/no\/wp-json\/wp\/v2\/categories?post=121358"},{"taxonomy":"post_tag","embeddable":true,"href":"https:\/\/www.europesays.com\/no\/wp-json\/wp\/v2\/tags?post=121358"}],"curies":[{"name":"wp","href":"https:\/\/api.w.org\/{rel}","templated":true}]}}