{"id":121364,"date":"2025-12-25T05:08:08","date_gmt":"2025-12-25T05:08:08","guid":{"rendered":"https:\/\/www.europesays.com\/no\/121364\/"},"modified":"2025-12-25T05:08:08","modified_gmt":"2025-12-25T05:08:08","slug":"bortvist-fyllebrak-en-full-braketde-og-vanskelig-mann-ble-hentet-pa-flyet-og-bokstavelig-talt-satt-pa-bakken-av-politiet-julaften","status":"publish","type":"post","link":"https:\/\/www.europesays.com\/no\/121364\/","title":{"rendered":"Bortvist, Fyllebr\u00e5k | En full, br\u00e5ketde og vanskelig mann ble hentet p\u00e5 flyet og bokstavelig talt satt p\u00e5 bakken av politiet julaften."},"content":{"rendered":"<p data-content=\"lead-text\" class=\"lead-text story brick-c-eOZvhA\">\n<p>          Det melder Vest politidistrikt ved 01.40-tiden. Hendelsen skjedde tidligere p\u00e5 julekvelden. &#8211; Klokken 00.15 ble en mann i 40-\u00e5rene eskortert ut av flyet som skulle til Vilnius. Han var sv\u00e6rt beruset, kranglete og ufin med besetningen, forteller operasjonsleder Morten Rebnord. Politiet bortviste f\u00f8rst mannen fra flyplassen til torsdag formiddag. Men det h\u00f8rte han ikke p\u00e5. &#8211; Litt f\u00f8r midnatt kom han tilbake til flyplassen. Han var fortsatt beruset, slo og spyttet etter andre reisende. Mannen ble anholdt av politiet, hentet av en kamerat som skulle ta h\u00e5nd om han resten av natten. Politiet oppretter en sak p\u00e5 forholdet og han blir anmeldt for ordensforstyrrelse og ikke etterkommet politiets p\u00e5legg, forteller operasjonslederen.\n      <\/p>\n","protected":false},"excerpt":{"rendered":"Det melder Vest politidistrikt ved 01.40-tiden. Hendelsen skjedde tidligere p\u00e5 julekvelden. &#8211; Klokken 00.15 ble en mann i&hellip;\n","protected":false},"author":2,"featured_media":121365,"comment_status":"","ping_status":"","sticky":false,"template":"","format":"standard","meta":{"footnotes":""},"categories":[10],"tags":[20,21,24,25,15,22,23,13,30,28,29,14,16,26,27],"class_list":{"0":"post-121364","1":"post","2":"type-post","3":"status-publish","4":"format-standard","5":"has-post-thumbnail","7":"category-norge","8":"tag-breaking-news","9":"tag-breakingnews","10":"tag-featured-news","11":"tag-featurednews","12":"tag-headlines","13":"tag-latest-news","14":"tag-latestnews","15":"tag-news","16":"tag-no","17":"tag-norge","18":"tag-norway","19":"tag-nyheter","20":"tag-overskrifter","21":"tag-top-stories","22":"tag-topstories"},"share_on_mastodon":{"url":"https:\/\/pubeurope.com\/@no\/115778479956001615","error":""},"_links":{"self":[{"href":"https:\/\/www.europesays.com\/no\/wp-json\/wp\/v2\/posts\/121364","targetHints":{"allow":["GET"]}}],"collection":[{"href":"https:\/\/www.europesays.com\/no\/wp-json\/wp\/v2\/posts"}],"about":[{"href":"https:\/\/www.europesays.com\/no\/wp-json\/wp\/v2\/types\/post"}],"author":[{"embeddable":true,"href":"https:\/\/www.europesays.com\/no\/wp-json\/wp\/v2\/users\/2"}],"replies":[{"embeddable":true,"href":"https:\/\/www.europesays.com\/no\/wp-json\/wp\/v2\/comments?post=121364"}],"version-history":[{"count":0,"href":"https:\/\/www.europesays.com\/no\/wp-json\/wp\/v2\/posts\/121364\/revisions"}],"wp:featuredmedia":[{"embeddable":true,"href":"https:\/\/www.europesays.com\/no\/wp-json\/wp\/v2\/media\/121365"}],"wp:attachment":[{"href":"https:\/\/www.europesays.com\/no\/wp-json\/wp\/v2\/media?parent=121364"}],"wp:term":[{"taxonomy":"category","embeddable":true,"href":"https:\/\/www.europesays.com\/no\/wp-json\/wp\/v2\/categories?post=121364"},{"taxonomy":"post_tag","embeddable":true,"href":"https:\/\/www.europesays.com\/no\/wp-json\/wp\/v2\/tags?post=121364"}],"curies":[{"name":"wp","href":"https:\/\/api.w.org\/{rel}","templated":true}]}}