{"id":121368,"date":"2025-12-25T05:18:19","date_gmt":"2025-12-25T05:18:19","guid":{"rendered":"https:\/\/www.europesays.com\/no\/121368\/"},"modified":"2025-12-25T05:18:19","modified_gmt":"2025-12-25T05:18:19","slug":"film-kultur-naert-og-sart-fra-virkeligheten-tronder-avisa","status":"publish","type":"post","link":"https:\/\/www.europesays.com\/no\/121368\/","title":{"rendered":"Film, Kultur | N\u00e6rt og s\u00e5rt fra virkeligheten &#8211; Tr\u00f8nder-Avisa"},"content":{"rendered":"<ol>\n<li><a href=\"https:\/\/news.google.com\/rss\/articles\/CBMic0FVX3lxTE8tcVpVbThVYkJzclZxY3RjUnZLU09MY085RndOcnJWV3VNRDZ4aVppU2VzeENvWGhTN3Myd0l2cTRnSlA4d1hRRm44MzVfd3IwTWhuR2lZY25rMnBuU2RkN2k4S2NVZmoxX1NaSGdXa3QwYjA?oc=5\" target=\"_blank\" rel=\"nofollow noopener\">Film, Kultur | N\u00e6rt og s\u00e5rt fra virkeligheten<\/a>&nbsp;&nbsp;Tr\u00f8nder-Avisa<\/li>\n<li><a href=\"https:\/\/news.google.com\/rss\/articles\/CBMid0FVX3lxTE1NbzdWd0xYc29qVUdwNmwxTnBiM1BtVHdjSXFPNnhsTXp0cC00SlBORWY0RGd1VVhrWGhibGFXcTd1YlYyeThUdXNDQ3dVR0xwckV4cGFEeGRlZTVVZy1WMzBQOHk4ejlmMGRORTJwSXN5ck0yVU5j?oc=5\" target=\"_blank\" rel=\"nofollow noopener\">Skikkeleg god brasilianar<\/a>&nbsp;&nbsp;Stavanger Aftenblad<\/li>\n<li><a href=\"https:\/\/news.google.com\/rss\/articles\/CBMiekFVX3lxTFB4ZnBFU0VTSkM3OEluVmtsWUNDMTl0U19WUlVkLVpZTzdtTXZRV3VPZnpiV2VtbGp0MmxqYUt3NWdNbHZwblF4aGxSY05zVWpRRm5zekRSMVdQdUdUcHVTRTJlNGUyMHpLcXl2X1FaaDdRNjh2anhaXy1R?oc=5\" target=\"_blank\" rel=\"nofollow noopener\">\u00abSterk og nydelig film\u00bb<\/a>&nbsp;&nbsp;NRK<\/li>\n<li><a href=\"https:\/\/news.google.com\/rss\/articles\/CBMinwFBVV95cUxPNVNaMERmTHFTTjF6a2lRemI4djZKbC1JMHNJLXUwdU9ZNGd3OWY0c2VyNzhCMi1fWFRvWGhlWWFUdWgzTW9GeXpvTjhoTzE0YmJZeTJTWkxGdlZhZnVuVnM3OTNSQ3hvcmVCb1IyVEJoUUhIYVRSY09kaWctSUxxYm9RVV9jS1VRd2JxVVFlUkRZSVR2OWhWWERnanhWOFU?oc=5\" target=\"_blank\" rel=\"nofollow noopener\">Viser de menneskelige kostnadene av \u00e5 leve i et diktatur<\/a>&nbsp;&nbsp;Dagsavisen<\/li>\n<li><a href=\"https:\/\/news.google.com\/rss\/articles\/CBMioAFBVV95cUxQVVZTUGVBMDd3OV9lUkgzZUlZaG1nZ0tTc0xsbER1LTlLX0tnejRIZG1qNTNyZ2RROEkzbS1uRlpaQkZiYTI5R0g2NnFXb19mT0theEhlTXNkTUoxT2UtRk01eHhFQmhRSm05UXFMMnZlcnZLWVdiaXZHemZmQnVXWjRtZVhZUlR2VzBtaTM0M3liSURJcnowYlFNR2VsVGRJ?oc=5\" target=\"_blank\" rel=\"nofollow noopener\">Anmeldelse av den brasilianske filmen \u00abFremdeles her\u00bb: Lar en f\u00e5 kjenne p\u00e5 hvor forferdelig det er \u00e5 ikke vite<\/a>&nbsp;&nbsp;Morgenbladet<\/li>\n<\/ol>\n","protected":false},"excerpt":{"rendered":"Film, Kultur | N\u00e6rt og s\u00e5rt fra virkeligheten&nbsp;&nbsp;Tr\u00f8nder-Avisa Skikkeleg god brasilianar&nbsp;&nbsp;Stavanger Aftenblad \u00abSterk og nydelig film\u00bb&nbsp;&nbsp;NRK Viser de&hellip;\n","protected":false},"author":2,"featured_media":121369,"comment_status":"","ping_status":"","sticky":false,"template":"","format":"standard","meta":{"footnotes":""},"categories":[58],"tags":[71,30,28,29,72],"class_list":{"0":"post-121368","1":"post","2":"type-post","3":"status-publish","4":"format-standard","5":"has-post-thumbnail","7":"category-underholdning","8":"tag-entertainment","9":"tag-no","10":"tag-norge","11":"tag-norway","12":"tag-underholdning"},"share_on_mastodon":{"url":"https:\/\/pubeurope.com\/@no\/115778519233679922","error":""},"_links":{"self":[{"href":"https:\/\/www.europesays.com\/no\/wp-json\/wp\/v2\/posts\/121368","targetHints":{"allow":["GET"]}}],"collection":[{"href":"https:\/\/www.europesays.com\/no\/wp-json\/wp\/v2\/posts"}],"about":[{"href":"https:\/\/www.europesays.com\/no\/wp-json\/wp\/v2\/types\/post"}],"author":[{"embeddable":true,"href":"https:\/\/www.europesays.com\/no\/wp-json\/wp\/v2\/users\/2"}],"replies":[{"embeddable":true,"href":"https:\/\/www.europesays.com\/no\/wp-json\/wp\/v2\/comments?post=121368"}],"version-history":[{"count":0,"href":"https:\/\/www.europesays.com\/no\/wp-json\/wp\/v2\/posts\/121368\/revisions"}],"wp:featuredmedia":[{"embeddable":true,"href":"https:\/\/www.europesays.com\/no\/wp-json\/wp\/v2\/media\/121369"}],"wp:attachment":[{"href":"https:\/\/www.europesays.com\/no\/wp-json\/wp\/v2\/media?parent=121368"}],"wp:term":[{"taxonomy":"category","embeddable":true,"href":"https:\/\/www.europesays.com\/no\/wp-json\/wp\/v2\/categories?post=121368"},{"taxonomy":"post_tag","embeddable":true,"href":"https:\/\/www.europesays.com\/no\/wp-json\/wp\/v2\/tags?post=121368"}],"curies":[{"name":"wp","href":"https:\/\/api.w.org\/{rel}","templated":true}]}}