{"id":12138,"date":"2025-08-19T11:01:10","date_gmt":"2025-08-19T11:01:10","guid":{"rendered":"https:\/\/www.europesays.com\/no\/12138\/"},"modified":"2025-08-19T11:01:10","modified_gmt":"2025-08-19T11:01:10","slug":"fredrik-solvang-slettet-video-etter-mdg-kritikk","status":"publish","type":"post","link":"https:\/\/www.europesays.com\/no\/12138\/","title":{"rendered":"Fredrik Solvang slettet video etter MDG-kritikk"},"content":{"rendered":"\n<p class=\"_lead_1bvmi_2 _lead_xtcu6_50 layout-component text-serif-m layout-normal text-serif-l layout-component layout-wide layout-padded _wide_17hqh_1 layout-padded\">\u2013 Jeg er ganske sjokkert over at NRKs fremste profil fremmer s\u00e5 \u00e5penbart villedende p\u00e5stander, sier MDG-politiker Eivind Tr\u00e6dal. N\u00e5 forklarer Solvang hvorfor han slettet videoen.<\/p>\n<p><img alt=\"SLETTET INNLEGG: Programleder Fredrik Solvang slettet en video der han hevdet at en taktisk stemme til MDG kan \u00f8delegge for r\u00f8dgr\u00f8nn side.  Foto: Jonas Been Henriksen \/ NTB\" class=\"_image_qp4xg_65 layout-component layout-wide\" data-fullscreen- data-track-element-type=\"Article image fullscreen\" data-track-name=\"ImageFullscreen\" fetchpriority=\"high\" decoding=\"sync\" loading=\"eager\" height=\"3901\" itemprop=\"image\"  src=\"https:\/\/www.europesays.com\/no\/wp-content\/uploads\/2025\/08\/6f2f3693-7aeb-4d34-a5fe-2be12ccef18d\"  style=\"object-position:0% 0%\" width=\"5852\"\/>SLETTET INNLEGG: Programleder Fredrik Solvang slettet en video der han hevdet at en taktisk stemme til MDG kan \u00f8delegge for r\u00f8dgr\u00f8nn side.  Foto: Jonas Been Henriksen \/ NTB<\/p>\n<ul aria-hidden=\"true\" class=\"_images_1y6fe_106\">\n<li><a class=\"_link_1y6fe_111\" href=\"https:\/\/www.vg.no\/forfatter\/bendik-hansen\" style=\"z-index:1\" title=\"Bendik Hansen\" rel=\"nofollow noopener\" target=\"_blank\"><img alt=\"Bilde av Bendik Hansen\" class=\"_image_1y6fe_88\" fetchpriority=\"low\" loading=\"lazy\" decoding=\"async\" itemprop=\"image\"  src=\"https:\/\/www.europesays.com\/no\/wp-content\/uploads\/2025\/08\/236bc5a3-2236-4046-b957-81f29d024aa6\"  width=\"480\"\/><\/a><\/li>\n<\/ul>\n<p> Oppdatert tirsdag 19. august kl. 12:37    <\/p>\n<ul class=\"_list_1bvmi_3 _list_1flq1_85 _unordered_1bvmi_99 text-sans-m\">\n<li class=\"_item_1bvmi_30\">NRK-profil Fredrik Solvang hevdet i en video at taktisk MDG-stemme kan svekke r\u00f8dgr\u00f8nn side dersom partiet faller under sperregrensen.<\/li>\n<li class=\"_item_1bvmi_30\">Eivind Tr\u00e6dal kalte p\u00e5standene \u00abhimmelropende feil\u00bb og sier MDG har tre direktemandater, ikke ett.<\/li>\n<li class=\"_item_1bvmi_30\">Solvang slettet videoen, og sier tallene han brukte var fiktive, ikke reelle tall fra 2021.<\/li>\n<\/ul>\n<p>Vis mer <\/p>\n<p class=\"_paragraph_1bvmi_4 _paragraph_xtcu6_10 layout-component text-serif-m layout-normal text-serif-m layout-padded\">Tirsdag publiserte <a href=\"https:\/\/www.vg.no\/tag\/nrk?utm_source=vg-article&amp;utm_medium=auto-tagger&amp;utm_campaign=9327rW\" class=\"_link_1bvmi_39\" rel=\"nofollow noopener\" target=\"_blank\">NRK<\/a> Debatten-programleder Fredrik Solvang (48) en video i sosiale medier der han hevder at en taktisk stemme til Milj\u00f8partiet de Gr\u00f8nne kan f\u00f8re til f\u00e6rre mandater til r\u00f8dgr\u00f8nn side. <\/p>\n<p class=\"_paragraph_1bvmi_4 _paragraph_xtcu6_10 layout-component text-serif-m layout-normal text-serif-m layout-padded\">VG har sett videoen hvor den erfarne debattprogramlederen sier at MDG i dag har ett direktemandat fra Oslo, og kan f\u00e5 tre mandater til om de kommer over sperregrensen i stortingsvalget. <\/p>\n<p class=\"_paragraph_1bvmi_4 _paragraph_xtcu6_10 layout-component text-serif-m layout-normal text-serif-m layout-padded\">\u2013 Dette er himmelropende feil, tordnet MDG-politiker Eivind Tr\u00e6dal (39) i et <a href=\"https:\/\/www.facebook.com\/eivindtraedal\/posts\/pfbid0UUtBb7oyLQSnwYqQe2eandL12LGFKnS1bHgBW5EWFxZm6YckXStY5XV1urhZShanl\" class=\"_link_1bvmi_39\" rel=\"nofollow noopener\" target=\"_blank\">Facebook-innlegg<\/a> kort tid etterp\u00e5.<\/p>\n<p class=\"_paragraph_1bvmi_4 _paragraph_xtcu6_10 layout-component text-serif-m layout-normal text-serif-m layout-padded\">Han skriver at partiet i dag har tre direktemandater. To fra Oslo og ett fra Akershus, og at de kan regne med syv til \u00e5tte representanter hvis MDG f\u00e5r nok stemmer til \u00e5 komme over sperregrensen. <\/p>\n<p class=\"_paragraph_1bvmi_4 _paragraph_xtcu6_10 layout-component text-serif-m layout-normal text-serif-m layout-padded\"><strong class=\"_strong_1bvmi_25\">Etter at Tr\u00e6dal publiserte innlegget har Solvang slettet videoen fra sosiale medier. <\/strong><\/p>\n<p class=\"_paragraph_1bvmi_4 _paragraph_xtcu6_10 layout-component text-serif-m layout-normal text-serif-m layout-padded\">Les svaret fra programleder Fredrik Solvang lenger nede i artikkelen.<\/p>\n<p>   \u2013 Ikke en idiotsikker plan<\/p>\n<p class=\"_paragraph_1bvmi_4 _paragraph_xtcu6_10 layout-component text-serif-m layout-normal text-serif-m layout-padded\">I den slettede videoen forteller programlederen hvordan partiet oppfordrer nordmenn til \u00e5 stemme taktisk p\u00e5 dem. <\/p>\n<p class=\"_paragraph_1bvmi_4 _paragraph_xtcu6_10 layout-component text-serif-m layout-normal text-serif-m layout-padded\"><strong class=\"_strong_1bvmi_25\">\u2013 Dette er ikke en idiotsikker plan, sier Solvang i videoen.<\/strong><\/p>\n<p class=\"_paragraph_1bvmi_4 _paragraph_xtcu6_10 layout-component text-serif-m layout-normal text-serif-m layout-padded\">Han forklarer hvorfor han mener at taktiske stemmer til MDG faktisk kan f\u00f8re til f\u00e6rre mandater til r\u00f8dgr\u00f8nn side. Dette forklarer han med at partiet ofte ender opp rundt sperregrensen p\u00e5 fire prosent. <\/p>\n<p class=\"_paragraph_1bvmi_4 _paragraph_xtcu6_10 layout-component text-serif-m layout-normal text-serif-m layout-padded\">Havner de over den viktige grensen f\u00e5r de to, tre utjevningsmandater, sier Solvang i videoen. <\/p>\n<p class=\"_paragraph_1bvmi_4 _paragraph_xtcu6_10 layout-component text-serif-m layout-normal text-serif-m layout-padded\">Havner de derimot under sperregrensen, sitter MDG igjen med bare det ene utjevningsmandatet fra Oslo, hevder Solvang. <\/p>\n<p class=\"_paragraph_1bvmi_4 _paragraph_xtcu6_10 layout-component text-serif-m layout-normal text-serif-m layout-padded\">\u2013 Hva skjer hvis de ikke klarer det? sp\u00f8r han. <\/p>\n<p class=\"_paragraph_1bvmi_4 _paragraph_xtcu6_10 layout-component text-serif-m layout-normal text-serif-m layout-padded\">Dersom MDG ikke klarer \u00e5 komme over sperregrensen og r\u00f8dgr\u00f8nn side taper mandater, kan flertallet vippe over til borgerlig side i et valg med sm\u00e5 marginer, sier Debatten-programlederen. <\/p>\n<p class=\"_paragraph_1bvmi_4 _paragraph_xtcu6_10 layout-component text-serif-m layout-normal text-serif-m layout-padded\">Ogs\u00e5 <a href=\"https:\/\/www.aftenposten.no\/norge\/politikk\/i\/8q22kw\/fredrik-solvang-anklages-for-feilinformasjon-naa-er-videoen-slettet\" class=\"_link_1bvmi_39\" rel=\"nofollow noopener\" target=\"_blank\">Aftenposten<\/a> har omtalt saken. <\/p>\n<p><img alt=\"KJAPT FORTKLART: I videoen som ble publisert til Fredrik Solvangs over 250.000 Instagram-f\u00f8lgere forklarte han hvorfor taktiske stemmer til MDG kan v\u00e6re negativt for r\u00f8dgr\u00f8nn side.   Foto: Skjermdump \/ Fredrik Solvang sin Instagram\" class=\"_image_qp4xg_65 layout-component layout-normal\" data-fullscreen- data-track-element-type=\"Article image fullscreen\" data-track-name=\"ImageFullscreen\" decoding=\"async\" loading=\"lazy\" height=\"1118\" itemprop=\"image\"  src=\"https:\/\/www.europesays.com\/no\/wp-content\/uploads\/2025\/08\/3f133fec-ceb2-4961-9273-a603977eb071\"  style=\"object-position:0% 0%\" width=\"662\"\/>KJAPT FORTKLART: I videoen som ble publisert til Fredrik Solvangs over 250.000 Instagram-f\u00f8lgere forklarte han hvorfor taktiske stemmer til MDG kan v\u00e6re negativt for r\u00f8dgr\u00f8nn side.   Foto: Skjermdump \/ Fredrik Solvang sin Instagram   Derfor slettet han videoen<\/p>\n<p class=\"_paragraph_1bvmi_4 _paragraph_xtcu6_10 layout-component text-serif-m layout-normal text-serif-m layout-padded\">VG har v\u00e6rt i kontakt med Fredrik Solvang som skriver at han brukte fiktive tall for mandater og utjevningsmandater for \u00e5 illustrere p\u00e5 en enkel m\u00e5te at dersom MDG \u2013 eller et annet parti rundt sperregrensen \u2013 ikke lykkes med \u00e5 n\u00e5 fire prosent, er det fare for at utjevningsmandatene havner hos partier i motsatt blokk. <\/p>\n<p class=\"_paragraph_1bvmi_4 _paragraph_xtcu6_10 layout-component text-serif-m layout-normal text-serif-m layout-padded\">\u2013 Derfor brukte jeg enkle og lave tall for eksempelets skyld. Jeg ser at flere reagerer p\u00e5 at jeg ikke brukte reelle tall fra 2021, der MDG fikk tre distriktsmandater samt at jeg brukte et lavt tall p\u00e5 utjevningsmandater MDG kan f\u00e5, skriver Solvang, og fortsetter: <\/p>\n<p class=\"_paragraph_1bvmi_4 _paragraph_xtcu6_10 layout-component text-serif-m layout-normal text-serif-m layout-padded\"><strong class=\"_strong_1bvmi_25\">\u2013 Siden dette kunne oppfattes som reelle tall og sannsynligvis prognoser, slettet jeg videoen. <\/strong><\/p>\n<p> <img alt=\"ETTERLYSER BEKLAGELSE: MDG-politiker Eivind Tr\u00e6dal sp\u00f8r om Fredrik Solvang vil beklage for videoen. Her sammen med Lan Marie Berg.   Foto: Fredrik Solstad \/ VG\" class=\"_image_qp4xg_65 layout-component layout-normal\" data-fullscreen- data-track-element-type=\"Article image fullscreen\" data-track-name=\"ImageFullscreen\" decoding=\"async\" loading=\"lazy\" height=\"3648\" itemprop=\"image\"  src=\"https:\/\/www.europesays.com\/no\/wp-content\/uploads\/2025\/08\/2c1acca9-87c8-4bea-bad7-da34fa2b2562\"  style=\"object-position:0% 0%\" width=\"5472\"\/>ETTERLYSER BEKLAGELSE: MDG-politiker Eivind Tr\u00e6dal sp\u00f8r om Fredrik Solvang vil beklage for videoen. Her sammen med Lan Marie Berg.   Foto: Fredrik Solstad \/ VGSvarer ikke om beklagelse<\/p>\n<p class=\"_paragraph_1bvmi_4 _paragraph_xtcu6_10 layout-component text-serif-m layout-normal text-serif-m layout-padded\">I Facebook-innlegget til MDG-politiker Tr\u00e6dal skriver han at han noterer seg at H\u00f8yre-leder og statsministerkandidat Erna Solberg fikk en full beklagelse av Solvang forrige uke, etter en <a href=\"https:\/\/www.vg.no\/nyheter\/i\/LMKqnx\/fredrik-solvang-beklager-etter-partilederdebatten\" data-track-element-type=\"Link\" data-track-id=\"link:LMKqnx\" class=\"_link_1bvmi_39\" rel=\"nofollow noopener\" target=\"_blank\">tabbe i partilederdebatten<\/a>. <\/p>\n<p class=\"_paragraph_1bvmi_4 _paragraph_xtcu6_10 layout-component text-serif-m layout-normal text-serif-m layout-padded\">Solvang sa unnskyld til Solberg etter at han hevdet at en sykepleier fikk \u00f8kt skatt sist H\u00f8yre styrte.<\/p>\n<p class=\"_paragraph_1bvmi_4 _paragraph_xtcu6_10 layout-component text-serif-m layout-normal text-serif-m layout-padded\">I realiteten fikk en sykepleier lavere skatt sist partiet styrte. I en video publisert av NRK sa programlederen at han derfor skyldte Solberg en unnskyldning. <\/p>\n<p class=\"_paragraph_1bvmi_4 _paragraph_xtcu6_10 layout-component text-serif-m layout-normal text-serif-m layout-padded\">VG har spurt Solvang om ogs\u00e5 MDG vil f\u00e5 en beklagelse, noe han ikke har svart p\u00e5. <\/p>\n","protected":false},"excerpt":{"rendered":"\u2013 Jeg er ganske sjokkert over at NRKs fremste profil fremmer s\u00e5 \u00e5penbart villedende p\u00e5stander, sier MDG-politiker Eivind&hellip;\n","protected":false},"author":2,"featured_media":12139,"comment_status":"","ping_status":"","sticky":false,"template":"","format":"standard","meta":{"footnotes":""},"categories":[5],"tags":[20,21,24,25,1413,15,19,22,23,17,18,324,13,30,28,281,29,787,14,16,199,26,27,205],"class_list":{"0":"post-12138","1":"post","2":"type-post","3":"status-publish","4":"format-standard","5":"has-post-thumbnail","7":"category-overskrifter","8":"tag-breaking-news","9":"tag-breakingnews","10":"tag-featured-news","11":"tag-featurednews","12":"tag-fredrik-solvang","13":"tag-headlines","14":"tag-hovedoppslag","15":"tag-latest-news","16":"tag-latestnews","17":"tag-main-news","18":"tag-mainnews","19":"tag-miljopartiet-de-gronne-mdg","20":"tag-news","21":"tag-no","22":"tag-norge","23":"tag-norsk-politikk","24":"tag-norway","25":"tag-nrk","26":"tag-nyheter","27":"tag-overskrifter","28":"tag-stortingsvalg","29":"tag-top-stories","30":"tag-topstories","31":"tag-vgsamfunn"},"share_on_mastodon":{"url":"","error":""},"_links":{"self":[{"href":"https:\/\/www.europesays.com\/no\/wp-json\/wp\/v2\/posts\/12138","targetHints":{"allow":["GET"]}}],"collection":[{"href":"https:\/\/www.europesays.com\/no\/wp-json\/wp\/v2\/posts"}],"about":[{"href":"https:\/\/www.europesays.com\/no\/wp-json\/wp\/v2\/types\/post"}],"author":[{"embeddable":true,"href":"https:\/\/www.europesays.com\/no\/wp-json\/wp\/v2\/users\/2"}],"replies":[{"embeddable":true,"href":"https:\/\/www.europesays.com\/no\/wp-json\/wp\/v2\/comments?post=12138"}],"version-history":[{"count":0,"href":"https:\/\/www.europesays.com\/no\/wp-json\/wp\/v2\/posts\/12138\/revisions"}],"wp:featuredmedia":[{"embeddable":true,"href":"https:\/\/www.europesays.com\/no\/wp-json\/wp\/v2\/media\/12139"}],"wp:attachment":[{"href":"https:\/\/www.europesays.com\/no\/wp-json\/wp\/v2\/media?parent=12138"}],"wp:term":[{"taxonomy":"category","embeddable":true,"href":"https:\/\/www.europesays.com\/no\/wp-json\/wp\/v2\/categories?post=12138"},{"taxonomy":"post_tag","embeddable":true,"href":"https:\/\/www.europesays.com\/no\/wp-json\/wp\/v2\/tags?post=12138"}],"curies":[{"name":"wp","href":"https:\/\/api.w.org\/{rel}","templated":true}]}}