{"id":121384,"date":"2025-12-25T06:19:28","date_gmt":"2025-12-25T06:19:28","guid":{"rendered":"https:\/\/www.europesays.com\/no\/121384\/"},"modified":"2025-12-25T06:19:28","modified_gmt":"2025-12-25T06:19:28","slug":"innbrudd-i-garasje-to-kjoretoy-fortsatt-savnet-sandnesposten","status":"publish","type":"post","link":"https:\/\/www.europesays.com\/no\/121384\/","title":{"rendered":"Innbrudd i garasje \u2013 to kj\u00f8ret\u00f8y fortsatt savnet &#8211; Sandnesposten"},"content":{"rendered":"<ol>\n<li><a href=\"https:\/\/news.google.com\/rss\/articles\/CBMilgFBVV95cUxPbjRiSDJUaFBra3lMZXY1VnhNNHBPMlg2UUtmaVY4dmM4WjkyWnVTTzZnRGtwX0FiS2EyQThVcGZNaS1BUDhDVWtSbk5YY0tuVlZub2p4dmZ3VFlNblNXN0lRaDlkVGxCTDF5dE9HOGdWeWxNWHBhQ1lhR0ljSEk1anowTUZ6cXY3Q0NNcGdKZ3ZFTUNwWHc?oc=5\" target=\"_blank\" rel=\"nofollow noopener\">Innbrudd i garasje \u2013 to kj\u00f8ret\u00f8y fortsatt savnet<\/a>&nbsp;&nbsp;Sandnesposten<\/li>\n<li><a href=\"https:\/\/news.google.com\/rss\/articles\/CBMikgFBVV95cUxPYTB4a19fRjJmU1B3bXNVeWhoTm9JekFIZ2laaDE4VzZqQ3FjX2JNQ3hjWTYzQWNQQldMSURlR1lVY3kzdXNQazhGX0hMa0RlUmF2c29jU2hPek40dUxXbmFqZzFYTmx4emg5LWVlSDhKeXZEbE5NcGFJWS1aTjVGdjNfdWVEU1g4dUc4N3NBcHM1Zw?oc=5\" target=\"_blank\" rel=\"nofollow noopener\">Innbrudd i garasje &#8211; to biler og en mc stj\u00e5let<\/a>&nbsp;&nbsp;Stavanger Aftenblad<\/li>\n<li><a href=\"https:\/\/news.google.com\/rss\/articles\/CBMia0FVX3lxTE1XZDE3TlZ4WTRVR1RHVXFSYTB1TzZNYkN3NGd6ZXJLeVZwZ0lySHdyVlUwbTc4VTRNbXpIazR4ZGlnYXVDaUhfQmZ6cU5EdktlWVVkVzVIa1NjaWNxcWFBWGdhOVgzZzNTVm5B?oc=5\" target=\"_blank\" rel=\"nofollow noopener\">Gir bort juletr\u00e6r<\/a>&nbsp;&nbsp;RA Stavanger<\/li>\n<li><a href=\"https:\/\/news.google.com\/rss\/articles\/CBMibkFVX3lxTFBua3JZam1vWXdhUlI0X1FMZEI1cHhSNE9nY3kzVTZ1cGwyX2VCWDBaU2ZncF9LVG04U2prUWFqbjNMdE5yVUVoYnQ5RHh2aHJYU0VvV3dKc0JycHJ3d21KVUtLNjloRV9LbEJPV2hR?oc=5\" target=\"_blank\" rel=\"nofollow noopener\">\u00c5lg\u00e5rd, Kongeparken | Gir bort gratis juletr\u00e6r<\/a>&nbsp;&nbsp;Gjesdalbuen<\/li>\n<li><a href=\"https:\/\/news.google.com\/rss\/articles\/CBMiZkFVX3lxTE9XbzgyMzZ1Y2IzZ3lDS3pmWXMwVWl3dGJaZGxYeFgzQmVfV0VrSDZtZk4xLUdNQTlEcFlESlBrUXRXaXhtc29MSXVQdDhyU3dPVk44RGNNb055alN3MUM0NUcydzUzZw?oc=5\" target=\"_blank\" rel=\"nofollow noopener\">Hommers\u00e5k: Fikk melding om ordensforstyrrelse<\/a>&nbsp;&nbsp;Stavanger Aftenblad<\/li>\n<\/ol>\n","protected":false},"excerpt":{"rendered":"Innbrudd i garasje \u2013 to kj\u00f8ret\u00f8y fortsatt savnet&nbsp;&nbsp;Sandnesposten Innbrudd i garasje &#8211; to biler og en mc stj\u00e5let&nbsp;&nbsp;Stavanger&hellip;\n","protected":false},"author":2,"featured_media":62219,"comment_status":"","ping_status":"","sticky":false,"template":"","format":"standard","meta":{"footnotes":""},"categories":[12],"tags":[20,21,24,25,15,22,23,13,30,28,29,14,16,26,27,42,43,44,45],"class_list":{"0":"post-121384","1":"post","2":"type-post","3":"status-publish","4":"format-standard","5":"has-post-thumbnail","7":"category-verden","8":"tag-breaking-news","9":"tag-breakingnews","10":"tag-featured-news","11":"tag-featurednews","12":"tag-headlines","13":"tag-latest-news","14":"tag-latestnews","15":"tag-news","16":"tag-no","17":"tag-norge","18":"tag-norway","19":"tag-nyheter","20":"tag-overskrifter","21":"tag-top-stories","22":"tag-topstories","23":"tag-verden","24":"tag-world","25":"tag-world-news","26":"tag-worldnews"},"share_on_mastodon":{"url":"https:\/\/pubeurope.com\/@no\/115778759091358017","error":""},"_links":{"self":[{"href":"https:\/\/www.europesays.com\/no\/wp-json\/wp\/v2\/posts\/121384","targetHints":{"allow":["GET"]}}],"collection":[{"href":"https:\/\/www.europesays.com\/no\/wp-json\/wp\/v2\/posts"}],"about":[{"href":"https:\/\/www.europesays.com\/no\/wp-json\/wp\/v2\/types\/post"}],"author":[{"embeddable":true,"href":"https:\/\/www.europesays.com\/no\/wp-json\/wp\/v2\/users\/2"}],"replies":[{"embeddable":true,"href":"https:\/\/www.europesays.com\/no\/wp-json\/wp\/v2\/comments?post=121384"}],"version-history":[{"count":0,"href":"https:\/\/www.europesays.com\/no\/wp-json\/wp\/v2\/posts\/121384\/revisions"}],"wp:featuredmedia":[{"embeddable":true,"href":"https:\/\/www.europesays.com\/no\/wp-json\/wp\/v2\/media\/62219"}],"wp:attachment":[{"href":"https:\/\/www.europesays.com\/no\/wp-json\/wp\/v2\/media?parent=121384"}],"wp:term":[{"taxonomy":"category","embeddable":true,"href":"https:\/\/www.europesays.com\/no\/wp-json\/wp\/v2\/categories?post=121384"},{"taxonomy":"post_tag","embeddable":true,"href":"https:\/\/www.europesays.com\/no\/wp-json\/wp\/v2\/tags?post=121384"}],"curies":[{"name":"wp","href":"https:\/\/api.w.org\/{rel}","templated":true}]}}