{"id":121385,"date":"2025-12-25T06:38:24","date_gmt":"2025-12-25T06:38:24","guid":{"rendered":"https:\/\/www.europesays.com\/no\/121385\/"},"modified":"2025-12-25T06:38:24","modified_gmt":"2025-12-25T06:38:24","slug":"tsjernobyl-beskyttelse-kan-kollapse","status":"publish","type":"post","link":"https:\/\/www.europesays.com\/no\/121385\/","title":{"rendered":"Tsjernobyl-beskyttelse kan kollapse"},"content":{"rendered":"<p class=\"kicker t15 font-weight-bold m-font-weight-bold color_mobile_no_bg_color quaternary color_mobile_quaternary font-Trim text-case-transform-upper mobile-hasTextPadding\" style=\"\">Nyheter<\/p>\n<p>    Russisk angrep kan f\u00e5 beskyttelsen i Tsjernobyl til \u00e5 kollapse.<\/p>\n<p>\n        SKADET: Anlegget trengte reparasjon etter droneangrepet i februar.<br \/>\n        Foto: Jefrem Lukatskyj, AP, NTB\n    <\/p>\n<p>Et russisk angrep kan f\u00e5 hele det indre str\u00e5leskjoldet ved Tsjernobyl til \u00e5 kollapse, if\u00f8lge direkt\u00f8ren for det nedlagte atomkraftverket.<\/p>\n<p>\u2013 Hvis et missil eller en drone treffer det direkte, eller til og med faller et sted i n\u00e6rheten, for eksempel et Iskander-missil Gud forby, vil det for\u00e5rsake et minijordskjelv i omr\u00e5det, sier Serhij Tarakanov, generaldirekt\u00f8r for atomkraftverket i Tsjernobyl, til AFP.<\/p>\n<p>\u2013 Ingen kan garantere at beskyttelsesanlegget vil st\u00e5 igjen etter det. Det er den st\u00f8rste trusselen, sa han om sarkofagen av st\u00e5l og betong som omgir reaktorkjernen.<\/p>\n<p>Det er andre gang p\u00e5 kort tid at det rapporteres om bekymringer for atomkraftverket Tsjernobyl evne til \u00e5 hindre lekkasje av radioaktivt materiale.<\/p>\n<p>I begynnelsen av desember sa Rafael Grossi, sjef for Det internasjonale atomenergibyr\u00e5et (IAEA), at den ytre beskyttelseskonstruksjonen er skadet og trenger omfattende restaurering.<\/p>\n","protected":false},"excerpt":{"rendered":"Nyheter Russisk angrep kan f\u00e5 beskyttelsen i Tsjernobyl til \u00e5 kollapse. SKADET: Anlegget trengte reparasjon etter droneangrepet i&hellip;\n","protected":false},"author":2,"featured_media":121386,"comment_status":"","ping_status":"","sticky":false,"template":"","format":"standard","meta":{"footnotes":""},"categories":[5],"tags":[20,21,24,25,15,19,22,23,17,18,13,30,28,29,14,16,26,27],"class_list":{"0":"post-121385","1":"post","2":"type-post","3":"status-publish","4":"format-standard","5":"has-post-thumbnail","7":"category-overskrifter","8":"tag-breaking-news","9":"tag-breakingnews","10":"tag-featured-news","11":"tag-featurednews","12":"tag-headlines","13":"tag-hovedoppslag","14":"tag-latest-news","15":"tag-latestnews","16":"tag-main-news","17":"tag-mainnews","18":"tag-news","19":"tag-no","20":"tag-norge","21":"tag-norway","22":"tag-nyheter","23":"tag-overskrifter","24":"tag-top-stories","25":"tag-topstories"},"share_on_mastodon":{"url":"https:\/\/pubeurope.com\/@no\/115778833790453032","error":""},"_links":{"self":[{"href":"https:\/\/www.europesays.com\/no\/wp-json\/wp\/v2\/posts\/121385","targetHints":{"allow":["GET"]}}],"collection":[{"href":"https:\/\/www.europesays.com\/no\/wp-json\/wp\/v2\/posts"}],"about":[{"href":"https:\/\/www.europesays.com\/no\/wp-json\/wp\/v2\/types\/post"}],"author":[{"embeddable":true,"href":"https:\/\/www.europesays.com\/no\/wp-json\/wp\/v2\/users\/2"}],"replies":[{"embeddable":true,"href":"https:\/\/www.europesays.com\/no\/wp-json\/wp\/v2\/comments?post=121385"}],"version-history":[{"count":0,"href":"https:\/\/www.europesays.com\/no\/wp-json\/wp\/v2\/posts\/121385\/revisions"}],"wp:featuredmedia":[{"embeddable":true,"href":"https:\/\/www.europesays.com\/no\/wp-json\/wp\/v2\/media\/121386"}],"wp:attachment":[{"href":"https:\/\/www.europesays.com\/no\/wp-json\/wp\/v2\/media?parent=121385"}],"wp:term":[{"taxonomy":"category","embeddable":true,"href":"https:\/\/www.europesays.com\/no\/wp-json\/wp\/v2\/categories?post=121385"},{"taxonomy":"post_tag","embeddable":true,"href":"https:\/\/www.europesays.com\/no\/wp-json\/wp\/v2\/tags?post=121385"}],"curies":[{"name":"wp","href":"https:\/\/api.w.org\/{rel}","templated":true}]}}