{"id":121387,"date":"2025-12-25T06:50:08","date_gmt":"2025-12-25T06:50:08","guid":{"rendered":"https:\/\/www.europesays.com\/no\/121387\/"},"modified":"2025-12-25T06:50:08","modified_gmt":"2025-12-25T06:50:08","slug":"russiske-bombefly-eskorte-russiske-bombefly-floy-planlagt-tokt-nord-for-skandinavia","status":"publish","type":"post","link":"https:\/\/www.europesays.com\/no\/121387\/","title":{"rendered":"Russiske bombefly, Eskorte | Russiske bombefly fl\u00f8y \u00abplanlagt tokt\u00bb nord for Skandinavia"},"content":{"rendered":"\n<p>Uttalelsen kom torsdag, if\u00f8lge statlige russiske nyhetsbyr\u00e5er, men det blir ikke opplyst n\u00e5r bombeflyene fl\u00f8y sitt tokt. Departementet sier heller ikke hvilket eller hvilke land som sendte fly p\u00e5 vingene for \u00e5 holde et \u00f8ye med bombeflyene, som i Nato g\u00e5r under betegnelsen Bear (bj\u00f8rn).<\/p>\n<p>\u2013 Russiske Tu-95MS strategiske bombefly og rakettb\u00e6rere gjennomf\u00f8rte en planlagt flyging over Barentshavet og Norskehavet. P\u00e5 enkelte stadier underveis, ble de langtrekkende bombeflyene eskortert av utenlandske kampfly, heter det fra departementets side.<\/p>\n<p>De sier slike flygninger skjer jevnlig i mange steder i verden og er i tr\u00e5d med folkeretten. Tidligere denne m\u00e5neden kritiserte S\u00f8r-Korea og Japan tokt med russiske og kinesiske milit\u00e6rfly n\u00e6r deres territorium, noe som fikk s\u00f8rkoreanerne og japanerne til \u00e5 sende jagerfly p\u00e5 vingene. <\/p>\n<p>Norske jagerfly er jevnlig p\u00e5 vingene n\u00e5r Tu-95-fly er p\u00e5 tokt i n\u00e6rheten av norsk luftrom. De store russiske bombeflyene kan utstyres med atomv\u00e5pen.<\/p>\n<p>(\u00a9NTB)<\/p>\n","protected":false},"excerpt":{"rendered":"Uttalelsen kom torsdag, if\u00f8lge statlige russiske nyhetsbyr\u00e5er, men det blir ikke opplyst n\u00e5r bombeflyene fl\u00f8y sitt tokt. Departementet&hellip;\n","protected":false},"author":2,"featured_media":121388,"comment_status":"","ping_status":"","sticky":false,"template":"","format":"standard","meta":{"footnotes":""},"categories":[12],"tags":[20,21,24,25,15,22,23,13,30,28,29,14,16,26,27,42,43,44,45],"class_list":{"0":"post-121387","1":"post","2":"type-post","3":"status-publish","4":"format-standard","5":"has-post-thumbnail","7":"category-verden","8":"tag-breaking-news","9":"tag-breakingnews","10":"tag-featured-news","11":"tag-featurednews","12":"tag-headlines","13":"tag-latest-news","14":"tag-latestnews","15":"tag-news","16":"tag-no","17":"tag-norge","18":"tag-norway","19":"tag-nyheter","20":"tag-overskrifter","21":"tag-top-stories","22":"tag-topstories","23":"tag-verden","24":"tag-world","25":"tag-world-news","26":"tag-worldnews"},"share_on_mastodon":{"url":"https:\/\/pubeurope.com\/@no\/115778881042862957","error":""},"_links":{"self":[{"href":"https:\/\/www.europesays.com\/no\/wp-json\/wp\/v2\/posts\/121387","targetHints":{"allow":["GET"]}}],"collection":[{"href":"https:\/\/www.europesays.com\/no\/wp-json\/wp\/v2\/posts"}],"about":[{"href":"https:\/\/www.europesays.com\/no\/wp-json\/wp\/v2\/types\/post"}],"author":[{"embeddable":true,"href":"https:\/\/www.europesays.com\/no\/wp-json\/wp\/v2\/users\/2"}],"replies":[{"embeddable":true,"href":"https:\/\/www.europesays.com\/no\/wp-json\/wp\/v2\/comments?post=121387"}],"version-history":[{"count":0,"href":"https:\/\/www.europesays.com\/no\/wp-json\/wp\/v2\/posts\/121387\/revisions"}],"wp:featuredmedia":[{"embeddable":true,"href":"https:\/\/www.europesays.com\/no\/wp-json\/wp\/v2\/media\/121388"}],"wp:attachment":[{"href":"https:\/\/www.europesays.com\/no\/wp-json\/wp\/v2\/media?parent=121387"}],"wp:term":[{"taxonomy":"category","embeddable":true,"href":"https:\/\/www.europesays.com\/no\/wp-json\/wp\/v2\/categories?post=121387"},{"taxonomy":"post_tag","embeddable":true,"href":"https:\/\/www.europesays.com\/no\/wp-json\/wp\/v2\/tags?post=121387"}],"curies":[{"name":"wp","href":"https:\/\/api.w.org\/{rel}","templated":true}]}}