{"id":121389,"date":"2025-12-25T06:52:45","date_gmt":"2025-12-25T06:52:45","guid":{"rendered":"https:\/\/www.europesays.com\/no\/121389\/"},"modified":"2025-12-25T06:52:45","modified_gmt":"2025-12-25T06:52:45","slug":"ikke-noe-ekte-mannfolk-gjor","status":"publish","type":"post","link":"https:\/\/www.europesays.com\/no\/121389\/","title":{"rendered":"&#8211; Ikke noe ekte mannfolk gj\u00f8r"},"content":{"rendered":"<p>Petter Northug og Jan Thomas Jenssen er begge vokst opp p\u00e5 g\u00e5rder i Tr\u00f8ndelag.\u00a0<\/p>\n<p>De er vant til skit under neglene og hardt fysisk arbeid.\u00a0<\/p>\n<p>Det har tatt dem til verdenstoppen i langrenn.\u00a0<\/p>\n<p class=\"bold m-bold\" data-lab-font_weight=\"bold\">Begge to har f\u00f8lt p\u00e5 at gutter ikke skal gr\u00e5te p\u00e5 TV.\u00a0<\/p>\n<p>        <img class=\"image__img lazyload\" itemprop=\"image\" title=\"Foto: Magnus Windelstad \/ TV 2\" alt=\"G\u00c5RDSGUTTER: Petter Northug og Jan Thomas Jenssen er begge vokst opp p\u00e5 g\u00e5rd. Foto: Magnus Windelstad \/ TV 2\" width=\"675\" height=\"567\" bad-src=\"https:\/\/www.europesays.com\/no\/wp-content\/uploads\/2025\/12\/18399536.webp\" fetchpriority=\"auto\" \/><\/p>\n<p>      G\u00c5RDSGUTTER: Petter Northug og Jan Thomas Jenssen er begge vokst opp p\u00e5 g\u00e5rd.<br \/>\n         Foto: Magnus Windelstad \/ TV 2<\/p>\n<p data-lab-font_weight=\"\">Men av og til tar f\u00f8lelsene overh\u00e5nd, selv for store, barske karer med kraftige biceps.\u00a0<\/p>\n<p>\u2013 En vond opplevelse\u00a0<\/p>\n<p>Septembersola spanderer p\u00e5 seg h\u00f8stens siste varme n\u00e5r TV 2 m\u00f8ter Jan Thomas Jenssen og Petter Northug p\u00e5 g\u00e5rden hvor den yngste av dem er vokst opp.\u00a0<\/p>\n<p>        <img class=\"image__img lazyload\" itemprop=\"image\" title=\"Foto: Magnus Windelstad \/ TV 2\" alt=\"LANGTUR: Da Northug endelig var klar, l\u00f8p de to ut\u00f8verne flere timer i skogen. Foto: Magnus Windelstad \/ TV 2\" width=\"675\" height=\"696\" bad-src=\"https:\/\/www.europesays.com\/no\/wp-content\/uploads\/2025\/12\/18399775.webp\" fetchpriority=\"auto\" \/><\/p>\n<p>      LANGTUR: Da Northug endelig var klar, l\u00f8p de to ut\u00f8verne flere timer i skogen.<br \/>\n         Foto: Magnus Windelstad \/ TV 2<\/p>\n<p>Duoen skal starte dagen med \u00e5 l\u00f8pe seg en lang tur, men Northug er ikke klar til avtalt tid, og Jenssen m\u00e5 vente.\u00a0<\/p>\n<p class=\"bold m-bold\" data-lab-font_weight=\"bold\">\u2013 Det f\u00e5r han t\u00e5le. Jeg har ventet mye p\u00e5 Jan Thomas i m\u00e5lomr\u00e5det, sier Northug p\u00e5 sitt sedvanlige spydige, men kj\u00e6rlige vis.\u00a0<\/p>\n<p>I l\u00f8pet av to timer i skogen f\u00e5r Jan Thomas Jenssen pratet med idolet og barndomshelten om b\u00e5de treningsfilosofi og taktikk.\u00a0<\/p>\n<p>        <img class=\"image__img lazyload\" itemprop=\"image\" title=\"Foto: Magnus Windelstad \/ TV 2\" alt=\"FORBANNET: \u00c5 tenke tilbake p\u00e5 VM gj\u00f8r noe med f\u00f8lelsene til Jan Thomas. Foto: Magnus Windelstad \/ TV 2\" width=\"675\" height=\"689\" bad-src=\"https:\/\/www.europesays.com\/no\/wp-content\/uploads\/2025\/12\/18400289.webp\" fetchpriority=\"auto\" \/><\/p>\n<p>      FORBANNET: \u00c5 tenke tilbake p\u00e5 VM gj\u00f8r noe med f\u00f8lelsene til Jan Thomas.<br \/>\n         Foto: Magnus Windelstad \/ TV 2<\/p>\n<p>De to har mye til felles, som g\u00e5rdsgutter, langrennsl\u00f8pere og mennesker som b\u00e6rer f\u00f8lelsene utenp\u00e5 kroppen.\u00a0<\/p>\n<p>Et halvt \u00e5r tidligere var Jan Thomas Jenssen millimeter unna \u00e5 ta sin f\u00f8rste VM-medalje p\u00e5 20 kilometer med skibytte i Trondheim.\u00a0<\/p>\n<p> \u2013\u00a0Det er ingenting som f\u00e5r meg mer forbanna enn det der i dag. Bare jeg snakker om det s\u00e5 kjenner jeg hvor forbanna jeg blir, sier Jan Thomas Jenssen, og du kan se p\u00e5 hele ham at han mener det. <\/p>\n<p>Istedenfor tapte han p\u00e5 m\u00e5lfoto mot Harald \u00d8stberg Amundsen som tok bronsen og Martin L\u00f8wstr\u00f8m Nyenget som tok s\u00f8lv. Jan Thomas Jenssen ble nummer fire.\u00a0<\/p>\n<p>      <img class=\"image__img lazyload\" itemprop=\"image\" title=\"Foto: Lise \u00c5serud \/ NTB\" alt=\"MILLIMETERE: S\u00e5 n\u00e6r var Jan Thomas Jenssen ved \u00e5 ta sin f\u00f8rste VM-medalje. Foto: Lise \u00c5serud \/ NTB\" width=\"675\" height=\"581\" bad-src=\"https:\/\/www.europesays.com\/no\/wp-content\/uploads\/2025\/12\/18400326.webp\" fetchpriority=\"auto\" \/><\/p>\n<p>      MILLIMETERE: S\u00e5 n\u00e6r var Jan Thomas Jenssen ved \u00e5 ta sin f\u00f8rste VM-medalje.<br \/>\n         Foto: Lise \u00c5serud \/ NTB<\/p>\n<p>      <img class=\"image__img lazyload\" itemprop=\"image\" title=\"Foto: Lise \u00c5serud \/ NTB\" alt=\"MILLIMETRE: S\u00e5 n\u00e6r var Jan Thomas Jenssen ved \u00e5 ta sin f\u00f8rste VM-medalje. Foto: Lise \u00c5serud \/ NTB\" width=\"675\" height=\"588\" bad-src=\"https:\/\/www.europesays.com\/no\/wp-content\/uploads\/2025\/12\/18400328.webp\" fetchpriority=\"auto\" \/><\/p>\n<p>      MILLIMETRE: S\u00e5 n\u00e6r var Jan Thomas Jenssen ved \u00e5 ta sin f\u00f8rste VM-medalje.<br \/>\n         Foto: Lise \u00c5serud \/ NTB<\/p>\n<p>      <img class=\"image__img lazyload\" itemprop=\"image\" title=\"Foto: Matthias Schrader \/ AP \/ NTB\" alt=\"MILLIMETRE: S\u00e5 n\u00e6r var Jan Thomas Jenssen ved \u00e5 ta sin f\u00f8rste VM-medalje. Foto: Matthias Schrader \/ AP \/ NTB\" width=\"978\" height=\"653\" bad-src=\"https:\/\/www.europesays.com\/no\/wp-content\/uploads\/2025\/12\/18400315.webp\" fetchpriority=\"auto\" \/><\/p>\n<p>      MILLIMETRE: S\u00e5 n\u00e6r var Jan Thomas Jenssen ved \u00e5 ta sin f\u00f8rste VM-medalje.<br \/>\n         Foto: Matthias Schrader \/ AP \/ NTB<\/p>\n<p>      <img class=\"image__img lazyload\" itemprop=\"image\" title=\"Foto: Matthias Schrader \/ AP \/ NTB\" alt=\"MILLIMETRE: S\u00e5 n\u00e6r var Jan Thomas Jenssen ved \u00e5 ta sin f\u00f8rste VM-medalje. Foto: Matthias Schrader \/ AP \/ NTB\" width=\"675\" height=\"561\" bad-src=\"https:\/\/www.europesays.com\/no\/wp-content\/uploads\/2025\/12\/18400329.webp\" fetchpriority=\"auto\" \/><\/p>\n<p>      MILLIMETRE: S\u00e5 n\u00e6r var Jan Thomas Jenssen ved \u00e5 ta sin f\u00f8rste VM-medalje.<br \/>\n         Foto: Matthias Schrader \/ AP \/ NTB<\/p>\n<p> \u2013 Jeg kunne ha d\u00f8dd for \u00e5 bytte plass med dem. Det betyr jo alt i hele verden, akkurat der og da. Jeg var fem centimeter unna \u00e5 ta s\u00f8lv, men det koker det rett og slett over for meg, og jeg h\u00e5ndterte den situasjonen ganske d\u00e5rlig, sier Jenssen.\u00a0<\/p>\n<p>I ettertid har 29-\u00e5ringen skrevet ut m\u00e5lfotoet hvor han taper spurten og hengt det p\u00e5 veggen. Det skal gi motivasjon.\u00a0<\/p>\n<p>\u2013 Jeg har akkurat samme opplevelse fra min f\u00f8rste skiatlon i VM. Jeg gjorde alt riktig hele veien fram til det skulle avgj\u00f8res, men s\u00e5 gjorde jeg en liten feil. Det er en vond opplevelse \u00e5 ta med seg, sier Northug.\u00a0<\/p>\n<p>      <img class=\"image__img lazyload\" itemprop=\"image\" title=\"Foto: Magnus Windelstad  \/ TV 2\" alt=\"LUNSJ: Etter l\u00f8peturen serverte Jenssen wok med svin og gr\u00f8nnsaker. Foto: Magnus Windelstad  \/ TV 2\" width=\"675\" height=\"480\" bad-src=\"https:\/\/www.europesays.com\/no\/wp-content\/uploads\/2025\/12\/18400501.webp\" fetchpriority=\"auto\" \/><\/p>\n<p>      LUNSJ: Etter l\u00f8peturen serverte Jenssen wok med svin og gr\u00f8nnsaker.<br \/>\n         Foto: Magnus Windelstad  \/ TV 2<\/p>\n<p>      <img class=\"image__img lazyload\" itemprop=\"image\" title=\"Foto: Magnus Windelstad  \/ TV 2\" alt=\"LUNSJ: Etter l\u00f8peturen serverte Jenssen wok med svin og gr\u00f8nnsaker. Foto: Magnus Windelstad  \/ TV 2\" width=\"675\" height=\"480\" bad-src=\"https:\/\/www.europesays.com\/no\/wp-content\/uploads\/2025\/12\/18401318.webp\" fetchpriority=\"auto\" \/><\/p>\n<p>      LUNSJ: Etter l\u00f8peturen serverte Jenssen wok med svin og gr\u00f8nnsaker.<br \/>\n         Foto: Magnus Windelstad  \/ TV 2<\/p>\n<p>      <img class=\"image__img lazyload\" itemprop=\"image\" title=\"Foto: Magnus Windelstad  \/ TV 2\" alt=\"LUNSJ: Etter l\u00f8peturen serverte Jenssen wok med svin og gr\u00f8nnsaker. Foto: Magnus Windelstad  \/ TV 2\" width=\"675\" height=\"480\" bad-src=\"https:\/\/www.europesays.com\/no\/wp-content\/uploads\/2025\/12\/18401319.webp\" fetchpriority=\"auto\" \/><\/p>\n<p>      LUNSJ: Etter l\u00f8peturen serverte Jenssen wok med svin og gr\u00f8nnsaker.<br \/>\n         Foto: Magnus Windelstad  \/ TV 2<\/p>\n<p>      <img class=\"image__img lazyload\" itemprop=\"image\" title=\"Foto: Magnus Windelstad  \/ TV 2\" alt=\"LUNSJ: Etter l\u00f8peturen serverte Jenssen wok med svin og gr\u00f8nnsaker. Foto: Magnus Windelstad  \/ TV 2\" width=\"675\" height=\"480\" bad-src=\"https:\/\/www.europesays.com\/no\/wp-content\/uploads\/2025\/12\/18400502.webp\" fetchpriority=\"auto\" \/><\/p>\n<p>      LUNSJ: Etter l\u00f8peturen serverte Jenssen wok med svin og gr\u00f8nnsaker.<br \/>\n         Foto: Magnus Windelstad  \/ TV 2<\/p>\n<p>\u2013 Jeg var s\u00e5 forbanna lei meg\u00a0<\/p>\n<p>Northug ledet nemlig VM-\u00f8velsen da han satte skistaven mellom beina og falt omtrent 200 meter fra m\u00e5l.\u00a0<\/p>\n<p>Men det er verken Jenssens oppl\u00f8p eller Northugs fall vi husker i dag. Det er de brutale t\u00e5rene som kom etterp\u00e5.\u00a0<\/p>\n<p>Begge to var fullstendig utr\u00f8stelige.\u00a0<\/p>\n<p>      <img class=\"image__img lazyload\" itemprop=\"image\" title=\"Foto: Terje Pedersen \/ NTB\" alt=\"KNUST: Jan Thomas Jenssen maktet rett og slett ikke \u00e5 holde t\u00e5rene tilbake. Foto: Terje Pedersen \/ NTB\" width=\"675\" height=\"520\" bad-src=\"https:\/\/www.europesays.com\/no\/wp-content\/uploads\/2025\/12\/18400695.webp\" fetchpriority=\"auto\" \/><\/p>\n<p>      KNUST: Jan Thomas Jenssen maktet rett og slett ikke \u00e5 holde t\u00e5rene tilbake.<br \/>\n         Foto: Terje Pedersen \/ NTB<\/p>\n<p>      <img class=\"image__img lazyload\" itemprop=\"image\" title=\"Foto: Terje Pedersen \/ NTB\" alt=\"KNUST: Jan Thomas Jenssen maktet rett og slett ikke \u00e5 holde t\u00e5rene tilbake. Foto: Terje Pedersen \/ NTB\" width=\"675\" height=\"520\" bad-src=\"https:\/\/www.europesays.com\/no\/wp-content\/uploads\/2025\/12\/18400696.webp\" fetchpriority=\"auto\" \/><\/p>\n<p>      KNUST: Jan Thomas Jenssen maktet rett og slett ikke \u00e5 holde t\u00e5rene tilbake.<br \/>\n         Foto: Terje Pedersen \/ NTB<\/p>\n<p>      <img class=\"image__img lazyload\" itemprop=\"image\" title=\"Foto: Terje Pedersen \/ NTB\" alt=\"KNUST: Jan Thomas Jenssen maktet rett og slett ikke \u00e5 holde t\u00e5rene tilbake. Foto: Terje Pedersen \/ NTB\" width=\"978\" height=\"654\" bad-src=\"https:\/\/www.europesays.com\/no\/wp-content\/uploads\/2025\/12\/17505520.webp\" fetchpriority=\"auto\" \/><\/p>\n<p>      KNUST: Jan Thomas Jenssen maktet rett og slett ikke \u00e5 holde t\u00e5rene tilbake.<br \/>\n         Foto: Terje Pedersen \/ NTB<\/p>\n<p>      <img class=\"image__img lazyload\" itemprop=\"image\" title=\"Foto: Terje Pedersen \/ NTB\" alt=\"KNUST: Jan Thomas Jenssen maktet rett og slett ikke \u00e5 holde t\u00e5rene tilbake. Foto: Terje Pedersen \/ NTB\" width=\"675\" height=\"520\" bad-src=\"https:\/\/www.europesays.com\/no\/wp-content\/uploads\/2025\/12\/18400697.webp\" fetchpriority=\"auto\" \/><\/p>\n<p>      KNUST: Jan Thomas Jenssen maktet rett og slett ikke \u00e5 holde t\u00e5rene tilbake.<br \/>\n         Foto: Terje Pedersen \/ NTB<\/p>\n<p class=\"bold m-bold\" data-lab-font_weight=\"bold\">\u2013 Jeg klarte ikke \u00e5 beherske meg. Jeg skulle gjerne v\u00e6rt foruten at jeg sto og gr\u00e5t framfor hele det norske folk, men da var jeg s\u00e5 forbanna lei meg at det klarte jeg ikke, sier Jenssen.\u00a0<\/p>\n<p>I intervju etter intervju m\u00e5 en gr\u00e5tkvalt og fullstendig knust Jenssen forklare hvorfor f\u00f8lelsene griper ham s\u00e5 sterkt.\u00a0<\/p>\n<p> \u2013 Jeg blir st\u00e5ende og gr\u00e5te, liksom, det er jo egentlig ikke noe ekte mannfolk gj\u00f8r. Jeg skulle gjerne ha stoppet lenge f\u00f8r, men n\u00e5r det livet ditt har handlet om s\u00e5 lenge du kan huske g\u00e5r i grus rett framfor \u00f8ynene dine, da klarte jeg ikke \u00e5 holde igjen.\u00a0<\/p>\n<p>      <img class=\"image__img lazyload\" itemprop=\"image\" title=\"Foto: Erlend Aas \/ NTB\" alt=\"DE F\u00d8RSTE T\u00c5RENE: Northug tok til t\u00e5rene etter fallet som kostet han gullet. Foto: Erlend Aas \/ NTB\" width=\"675\" height=\"520\" bad-src=\"https:\/\/www.europesays.com\/no\/wp-content\/uploads\/2025\/12\/18400684.webp\" fetchpriority=\"auto\" \/><\/p>\n<p>      DE F\u00d8RSTE T\u00c5RENE: Northug tok til t\u00e5rene etter fallet som kostet han gullet.<br \/>\n         Foto: Erlend Aas \/ NTB<\/p>\n<p>      <img class=\"image__img lazyload\" itemprop=\"image\" title=\"Foto: Erlend Aas \/ NTB\" alt=\"DE F\u00d8RSTE T\u00c5RENE: Northug tok til t\u00e5rene etter fallet som kostet han gullet. Foto: Erlend Aas \/ NTB\" width=\"675\" height=\"520\" bad-src=\"https:\/\/www.europesays.com\/no\/wp-content\/uploads\/2025\/12\/18400683.webp\" fetchpriority=\"auto\" \/><\/p>\n<p>      DE F\u00d8RSTE T\u00c5RENE: Northug tok til t\u00e5rene etter fallet som kostet han gullet.<br \/>\n         Foto: Erlend Aas \/ NTB<\/p>\n<p>      <img class=\"image__img lazyload\" itemprop=\"image\" title=\"Foto: Erlend Aas \/ NTB\" alt=\"DE F\u00d8RSTE T\u00c5RENE: Northug tok til t\u00e5rene etter fallet som kostet han gullet. Foto: Erlend Aas \/ NTB\" width=\"978\" height=\"686\" bad-src=\"https:\/\/www.europesays.com\/no\/wp-content\/uploads\/2025\/12\/18400687.webp\" fetchpriority=\"auto\" \/><\/p>\n<p>      DE F\u00d8RSTE T\u00c5RENE: Northug tok til t\u00e5rene etter fallet som kostet han gullet.<br \/>\n         Foto: Erlend Aas \/ NTB<\/p>\n<p>      <img class=\"image__img lazyload\" itemprop=\"image\" title=\"Foto: Erlend Aas \/ NTB\" alt=\"DE F\u00d8RSTE T\u00c5RENE: Northug tok til t\u00e5rene etter fallet som kostet han gullet. Foto: Erlend Aas \/ NTB\" width=\"978\" height=\"702\" bad-src=\"https:\/\/www.europesays.com\/no\/wp-content\/uploads\/2025\/12\/18400688.webp\" fetchpriority=\"auto\" \/><\/p>\n<p>      DE F\u00d8RSTE T\u00c5RENE: Northug tok til t\u00e5rene etter fallet som kostet han gullet.<br \/>\n         Foto: Erlend Aas \/ NTB<\/p>\n<p>\u2013 Jeg er ikke redd for \u00e5 by p\u00e5 meg selv, er veldig stolt over hvor jeg kommer fra og er en snakkesalig og positiv type. Jeg viser gjerne mine svake sider ogs\u00e5, men akkurat der og da synes jeg det var litt ubehagelig, sier Jenssen.\u00a0<\/p>\n<p>Opplevelsen var p\u00e5 mange m\u00e5ter lik for den da 20 \u00e5r gamle Petter Northug, som rotet bort sitt f\u00f8rste VM-gull og endte med nesa i sn\u00f8en.\u00a0<\/p>\n<p>        <img class=\"image__img lazyload\" itemprop=\"image\" title=\"Foto: Magnus Windelstad \/ TV 2\" alt=\"LIKE: Jan Thomas Jenssen og Petter Northug opplevde mye av det samme i sine f\u00f8rste mesterskap. Foto: Magnus Windelstad \/ TV 2\" width=\"675\" height=\"689\" bad-src=\"https:\/\/www.europesays.com\/no\/wp-content\/uploads\/2025\/12\/18401283.webp\" fetchpriority=\"auto\" \/><\/p>\n<p>      LIKE: Jan Thomas Jenssen og Petter Northug opplevde mye av det samme i sine f\u00f8rste mesterskap.<br \/>\n         Foto: Magnus Windelstad \/ TV 2<\/p>\n<p>\u2013 Jeg synes det var vanskelig da jeg gr\u00e5t av skuffelse som ung 20-\u00e5ring i Sapporo. Det var jo for j\u00e6vlig. Jeg var en knust gutt tidlig i karrieren, som f\u00f8lte at han fikk alt revet fra seg.\u00a0<\/p>\n<p>\u2013 Da kom det fram f\u00f8lelser jeg ikke visste at jeg hadde, f\u00f8lelser jeg ikke hadde forventet eller planlagt, sier Northug.\u00a0<\/p>\n<p>Ogs\u00e5 i 2015, da han tok sitt f\u00f8rste gull etter fyllekj\u00f8ringen i Trondheim, gr\u00e5t Petter Northug. Den gang kom t\u00e5rene som f\u00f8lge av glede og lettelse.\u00a0<\/p>\n<p class=\"italic m-italic\" data-lab-italic=\"italic\">\u2013 Har du angret p\u00e5 at du viste f\u00f8lelser?\u00a0<\/p>\n<p>        <img class=\"image__img lazyload\" itemprop=\"image\" title=\"Foto: Magnus Windelstad \/ TV 2\" alt=\"FINT: Northug synes det var flaut da det skjedde, men ser tilbake p\u00e5 t\u00e5rene i Sapporo som noe fint i dag. Foto: Magnus Windelstad \/ TV 2\" width=\"675\" height=\"540\" bad-src=\"https:\/\/www.europesays.com\/no\/wp-content\/uploads\/2025\/12\/18401285.webp\" fetchpriority=\"auto\" \/><\/p>\n<p>      FINT: Northug synes det var flaut da det skjedde, men ser tilbake p\u00e5 t\u00e5rene i Sapporo som noe fint i dag.<br \/>\n         Foto: Magnus Windelstad \/ TV 2<\/p>\n<p>\u2013 Nei, det har jeg ikke. Jeg synes det var vanskelig da jeg var 20 \u00e5r, og f\u00f8lte nok at det var flaut og at gutter ikke skal grine p\u00e5 TV, s\u00e5 jeg skj\u00f8nner Jan Thomas, men n\u00e5 tenker jeg tilbake p\u00e5 det som en fin ting.\u00a0<\/p>\n<p>Langrennskongen tror at ogs\u00e5 Jenssen kommer til \u00e5 se tilbake p\u00e5 prestasjonen og t\u00e5rene i Gran\u00e5sen med andre \u00f8yne etter hvert.\u00a0<\/p>\n<p>\u2013 De f\u00f8lelsene han viste like etter m\u00e5lgang der, det var jo veldig ekte og fint. Jeg skj\u00f8nner at det kan f\u00f8les flaut, men jeg tror han kommer til \u00e5 se tilbake p\u00e5 det som en fin ting, og at han vokser p\u00e5 det og blir enda sterkere.\u00a0<\/p>\n<p>        <img class=\"image__img lazyload\" itemprop=\"image\" title=\"Foto: Magnus Windelstad \/ TV 2\" alt=\"STERKERE: Jan Thomas Jenssen tror selv han kom styrket ut av nedturen. Foto: Magnus Windelstad \/ TV 2\" width=\"675\" height=\"554\" bad-src=\"https:\/\/www.europesays.com\/no\/wp-content\/uploads\/2025\/12\/18401287.webp\" fetchpriority=\"auto\" \/><\/p>\n<p>      STERKERE: Jan Thomas Jenssen tror selv han kom styrket ut av nedturen.<br \/>\n         Foto: Magnus Windelstad \/ TV 2<\/p>\n<p>Selv f\u00f8lte nemlig Northug at han stilte p\u00e5 startstreken i neste mesterskap med mer kynisme og r\u00e5skap.\u00a0<\/p>\n<p>Skuffelsen og f\u00f8lelsene fra Sapporo gjorde at langrennsl\u00f8peren ble enda mer fandenivoldsk.\u00a0<\/p>\n<p>Og Jenssen merker at han har klart \u00e5 snu skuffelsen om til noe positivt.\u00a0<\/p>\n<p>\u2013 Jeg mener jeg har kommet sterkere ut av dette. Det er jeg helt sikker p\u00e5. Jeg har klart \u00e5 snakke om det i ettertid., selv om jeg egentlig ikke ville. Jeg merker at jeg er\u00a0tent og full av motivasjon. <\/p>\n","protected":false},"excerpt":{"rendered":"Petter Northug og Jan Thomas Jenssen er begge vokst opp p\u00e5 g\u00e5rder i Tr\u00f8ndelag.\u00a0 De er vant til&hellip;\n","protected":false},"author":2,"featured_media":121390,"comment_status":"","ping_status":"","sticky":false,"template":"","format":"standard","meta":{"footnotes":""},"categories":[5],"tags":[20,21,24,25,15,19,22,23,17,18,13,30,28,29,14,16,26,27],"class_list":{"0":"post-121389","1":"post","2":"type-post","3":"status-publish","4":"format-standard","5":"has-post-thumbnail","7":"category-overskrifter","8":"tag-breaking-news","9":"tag-breakingnews","10":"tag-featured-news","11":"tag-featurednews","12":"tag-headlines","13":"tag-hovedoppslag","14":"tag-latest-news","15":"tag-latestnews","16":"tag-main-news","17":"tag-mainnews","18":"tag-news","19":"tag-no","20":"tag-norge","21":"tag-norway","22":"tag-nyheter","23":"tag-overskrifter","24":"tag-top-stories","25":"tag-topstories"},"share_on_mastodon":{"url":"https:\/\/pubeurope.com\/@no\/115778889060747452","error":""},"_links":{"self":[{"href":"https:\/\/www.europesays.com\/no\/wp-json\/wp\/v2\/posts\/121389","targetHints":{"allow":["GET"]}}],"collection":[{"href":"https:\/\/www.europesays.com\/no\/wp-json\/wp\/v2\/posts"}],"about":[{"href":"https:\/\/www.europesays.com\/no\/wp-json\/wp\/v2\/types\/post"}],"author":[{"embeddable":true,"href":"https:\/\/www.europesays.com\/no\/wp-json\/wp\/v2\/users\/2"}],"replies":[{"embeddable":true,"href":"https:\/\/www.europesays.com\/no\/wp-json\/wp\/v2\/comments?post=121389"}],"version-history":[{"count":0,"href":"https:\/\/www.europesays.com\/no\/wp-json\/wp\/v2\/posts\/121389\/revisions"}],"wp:featuredmedia":[{"embeddable":true,"href":"https:\/\/www.europesays.com\/no\/wp-json\/wp\/v2\/media\/121390"}],"wp:attachment":[{"href":"https:\/\/www.europesays.com\/no\/wp-json\/wp\/v2\/media?parent=121389"}],"wp:term":[{"taxonomy":"category","embeddable":true,"href":"https:\/\/www.europesays.com\/no\/wp-json\/wp\/v2\/categories?post=121389"},{"taxonomy":"post_tag","embeddable":true,"href":"https:\/\/www.europesays.com\/no\/wp-json\/wp\/v2\/tags?post=121389"}],"curies":[{"name":"wp","href":"https:\/\/api.w.org\/{rel}","templated":true}]}}