{"id":121391,"date":"2025-12-25T06:53:29","date_gmt":"2025-12-25T06:53:29","guid":{"rendered":"https:\/\/www.europesays.com\/no\/121391\/"},"modified":"2025-12-25T06:53:29","modified_gmt":"2025-12-25T06:53:29","slug":"sport-skiskyting-norges-skiskytterforbund-avdode-bakken-ble-funnet-med-hoydemaske","status":"publish","type":"post","link":"https:\/\/www.europesays.com\/no\/121391\/","title":{"rendered":"Sport, Skiskyting | Norges Skiskytterforbund: Avd\u00f8de Bakken ble funnet med h\u00f8ydemaske"},"content":{"rendered":"\n<p>I en pressemelding heter det blant annet at Bakken hadde p\u00e5 seg en h\u00f8ydemaske da han ble funnet d\u00f8d p\u00e5 hotellrommet sitt i italienske Lavaze.<\/p>\n<p>\u2013 Norges Skiskytterforbund kjenner per n\u00e5 ikke til omstendighetene rundt anskaffelse og bruk av denne masken. I dagene som kommer vil forbundet fors\u00f8ke \u00e5 f\u00e5 n\u00e6rmere klarhet i faktiske forhold knyttet til dette, heter det videre.<\/p>\n<p>H\u00f8ydemasker benyttes for \u00e5 simulere at en person befinner seg h\u00f8yere over havet enn det som er realiteten. Simulert h\u00f8yde var tidligere forbudt i Norge, men forbudet ble opphevet for noen \u00e5r siden.<\/p>\n<p>Ole Einar Bj\u00f8rndalen er overrasket over at Bakken ble funnet med en slik maske p\u00e5 seg. Han henviser til at Lavaze allerede ligger 1800 meter over havet.<\/p>\n<p>\u2013 De er allerede p\u00e5 h\u00f8ydetrening, s\u00e5 det er overraskende dersom de skal simulere enda st\u00f8rre h\u00f8yder, sier den tidligere skiskytterkongen <a rel=\"noopener nofollow\" href=\"https:\/\/www.tv2.no\/sport\/ble-funnet-med-hoydemaske\/18411284\/\" target=\"_blank\">til TV 2<\/a>.<\/p>\n<p>  <a href=\"https:\/\/www.h-a.no\/5-139-1904101\" class=\"related-teaser has-image default-story-teaser article--c-eRUmMG article--c-eRUmMG-jKCPdD-design-default\" rel=\"nofollow noopener\" target=\"_blank\"><\/p>\n<p>    <img decoding=\"async\" loading=\"lazy\"  src=\"https:\/\/www.europesays.com\/no\/wp-content\/uploads\/2025\/12\/cueres_scp-mangler_navn_WUw_6QAX-pc.jpg\" alt=\"\" class=\"brick-c-cFOWSL\" style=\"\"\/><\/p>\n<p>\n            Les ogs\u00e5<\/p>\n<p>              Skiskytteren Sivert Guttorm Bakken (27) er d\u00f8d\n        <\/p>\n<p>  <\/a><br \/>\n  Politiet p\u00e5koblet<\/p>\n<p>Skiskytterforbundet opplyser at det vil bli gjennomf\u00f8rt obduksjon av Bakken i l\u00f8pet av romjula i Italia. Norges Skiskytterforbund samarbeider fortsatt tett med politiet p\u00e5 stedet.<\/p>\n<p>\u2013 Dette er en tragisk situasjon med mange uavklarte sp\u00f8rsm\u00e5l. V\u00e5re tanker g\u00e5r f\u00f8rst og fremst til Siverts familie og n\u00e6re venner, som n\u00e5 st\u00e5r i en sv\u00e6rt krevende periode midt i en h\u00f8ytid, sier konstituert generalsekret\u00e6r i Norges Skiskytterforbund, Emilie Nordskar.<\/p>\n<p>\u2013 Vi har forst\u00e5else for medias behov for informasjon, samtidig som det er avgj\u00f8rende at politiet og rettsmedisinske myndigheter p\u00e5 stedet, f\u00e5r n\u00f8dvendig ro til \u00e5 gjennomf\u00f8re sitt arbeid og komme fram til faktiske svar, fortsetter hun.<\/p>\n<p>Forbundet opplyser at kontakt mellom italiensk politi og p\u00e5r\u00f8rende er etablert.<\/p>\n<p>Ut\u00f8vere f\u00e5r hjelp<\/p>\n<p>Ut\u00f8vere som er ber\u00f8rt av hendelsen, f\u00f8lges opp tett av forbundets egne ressurser samt ressurser fra Olympiatoppen.<\/p>\n<p>Et kriseteam p\u00e5 Lillehammer st\u00f8tter familien.<\/p>\n<p>I onsdagens pressemelding heter det ogs\u00e5 at ledelsen i norsk skiskyting ikke kan gi ytterligere kommentarer rundt det som beskrives som mulige \u00e5rsakssammenhenger. Dette er av hensyn til etterforskningen.<\/p>\n<p>\u00abDet er politiet og rettsmedisinske instanser som vil avklare hendelsesforl\u00f8p og d\u00f8ds\u00e5rsak. N\u00e6rmere informasjon til pressen blir gitt s\u00e5 snart vi vet mer\u00bb, opplyser forbundet.<\/p>\n<p>P\u00e5 samling<\/p>\n<p>Det var tirsdag at nyheten om Bakkens plutselige bortgang ble kjent. Hele skiskyttermilj\u00f8et er i sorg.<\/p>\n<p>Tirsdag kveld ble det holdt en minnestund i Lillehammer kirke.<\/p>\n<p>En rekke lagkamerater og konkurrenter har uttrykt stor sorg over Bakkens bortgang i sosiale medier. Vingrom-ut\u00f8veren var \u00e9n av flere norske l\u00f8pere som skulle v\u00e6re p\u00e5 h\u00f8ydesamling i Italia i julen.<\/p>\n<p>Det er ikke kjent hva de \u00f8vrige norske l\u00f8perne gj\u00f8r med resten av samlingen som f\u00f8lge av d\u00f8dsfallet.<\/p>\n","protected":false},"excerpt":{"rendered":"I en pressemelding heter det blant annet at Bakken hadde p\u00e5 seg en h\u00f8ydemaske da han ble funnet&hellip;\n","protected":false},"author":2,"featured_media":121392,"comment_status":"","ping_status":"","sticky":false,"template":"","format":"standard","meta":{"footnotes":""},"categories":[59],"tags":[36,813,30,28,29,769,83,82,1510],"class_list":{"0":"post-121391","1":"post","2":"type-post","3":"status-publish","4":"format-standard","5":"has-post-thumbnail","7":"category-sport","8":"tag-art","9":"tag-innlandet","10":"tag-no","11":"tag-norge","12":"tag-norway","13":"tag-skiskyting","14":"tag-sport","15":"tag-sports","16":"tag-story"},"share_on_mastodon":{"url":"https:\/\/pubeurope.com\/@no\/115778893085318279","error":""},"_links":{"self":[{"href":"https:\/\/www.europesays.com\/no\/wp-json\/wp\/v2\/posts\/121391","targetHints":{"allow":["GET"]}}],"collection":[{"href":"https:\/\/www.europesays.com\/no\/wp-json\/wp\/v2\/posts"}],"about":[{"href":"https:\/\/www.europesays.com\/no\/wp-json\/wp\/v2\/types\/post"}],"author":[{"embeddable":true,"href":"https:\/\/www.europesays.com\/no\/wp-json\/wp\/v2\/users\/2"}],"replies":[{"embeddable":true,"href":"https:\/\/www.europesays.com\/no\/wp-json\/wp\/v2\/comments?post=121391"}],"version-history":[{"count":0,"href":"https:\/\/www.europesays.com\/no\/wp-json\/wp\/v2\/posts\/121391\/revisions"}],"wp:featuredmedia":[{"embeddable":true,"href":"https:\/\/www.europesays.com\/no\/wp-json\/wp\/v2\/media\/121392"}],"wp:attachment":[{"href":"https:\/\/www.europesays.com\/no\/wp-json\/wp\/v2\/media?parent=121391"}],"wp:term":[{"taxonomy":"category","embeddable":true,"href":"https:\/\/www.europesays.com\/no\/wp-json\/wp\/v2\/categories?post=121391"},{"taxonomy":"post_tag","embeddable":true,"href":"https:\/\/www.europesays.com\/no\/wp-json\/wp\/v2\/tags?post=121391"}],"curies":[{"name":"wp","href":"https:\/\/api.w.org\/{rel}","templated":true}]}}