{"id":121393,"date":"2025-12-25T06:54:18","date_gmt":"2025-12-25T06:54:18","guid":{"rendered":"https:\/\/www.europesays.com\/no\/121393\/"},"modified":"2025-12-25T06:54:18","modified_gmt":"2025-12-25T06:54:18","slug":"lukas-fra-haugerud-fra-groruddalen-til-stjerne-pa-the-royal-ballet","status":"publish","type":"post","link":"https:\/\/www.europesays.com\/no\/121393\/","title":{"rendered":"Lukas fra Haugerud: Fra Groruddalen til stjerne p\u00e5 The Royal Ballet:"},"content":{"rendered":"<p class=\"bold m-bold no_italic m-no_italic\" data-lab-font_weight=\"bold\" data-lab-italic=\"\">I hjertet av London, i et av verdens mest prestisjefylte operahus, st\u00e5r norske Lukas Bj\u00f8rneboe Br\u00e6ndsr\u00f8d (29) fra Haugerud p\u00e5 scenen i stjerneroller de fleste bare kan dr\u00f8mme om.\u00a0<\/p>\n<p class=\"no_italic m-no_italic\" data-lab-italic=\"\">De flere hundre tusen nordmennene som bes\u00f8ker storbyen hvert \u00e5r forbinder nok idrettsprestasjoner i England mer med de norske fotballspillerne i Premier League-klubbene, men for en ballettdanser er en solistjobb i The Royal Ballet noe av det st\u00f8rste man kan oppn\u00e5.<\/p>\n<p>        <img class=\"image__img lazyload\" itemprop=\"image\" title=\"Foto: Oleg Seveljov, og The Royal Ballet &amp; Opera\" alt=\"FANT KJ\u00c6RLIGHETEN I BALLETTEN: Lukas og solistkollega Mariko Sasaki giftet seg i sommer og har finner mye st\u00f8tte i at de deler samme lidenskap. Foto: Oleg Seveljov, og The Royal Ballet &amp; Opera\" width=\"978\" height=\"551\" bad-src=\"https:\/\/www.europesays.com\/no\/wp-content\/uploads\/2025\/12\/18409624.webp\" fetchpriority=\"auto\" \/><\/p>\n<p>      FANT KJ\u00c6RLIGHETEN I BALLETTEN: Lukas og solistkollega Mariko Sasaki giftet seg i sommer og har finner mye st\u00f8tte i at de deler samme lidenskap.<br \/>\n         Foto: Oleg Seveljov, og The Royal Ballet &amp; Opera<\/p>\n<p> \u2013 Jeg m\u00e5 ofte minne meg selv p\u00e5 at jeg jobber her. Det er litt kult \u00e5 tenke p\u00e5, smiler Lukas p\u00e5 vei mot jobben og praktbygget som ligger midt i byen, i det popul\u00e6re og travle shopping- og kulturomr\u00e5det Covent Garden. <\/p>\n<p>Kong Charles selv er beskytter av den kongelige balletten Lukas har v\u00e6rt en del av de siste ti \u00e5rene.<\/p>\n<p>\u2013 Et stort \u00f8yeblikk<\/p>\n<p>Vis-\u00e0-vis ansatteinngangen ligger stedet der det hele startet: The Royal Ballet School \u2013 skolen han kom inn p\u00e5 som 15-\u00e5ring.<\/p>\n<p class=\"bold m-bold\" data-lab-font_weight=\"bold\">Han husker godt \u00f8yeblikket da han fikk beskjeden:<\/p>\n<p>\u2013 Hele familien var der da eposten kom, og det var et ganske stort \u00f8yeblikk. S\u00e5 \u00e5pner vi det og det st\u00e5r \u00abdu har f\u00e5tt plass\u00bb. Plutselig kjente vi p\u00e5 at n\u00e5 kom alt til \u00e5 endre seg mye. Men jeg visste p\u00e5 samme tid at dette var en sjanse som jeg ikke kunne si nei til.<\/p>\n<p>        <img class=\"image__img lazyload\" itemprop=\"image\" title=\"Foto: Camilla Blok \/ \u00abGod morgen Norge\u00bb\" alt=\"THE ROYAL BALLET: Fortsatt m\u00e5 Lukas klype seg litt i armen over at dette er arbeidsplassen hans. Foto: Camilla Blok \/ \u00abGod morgen Norge\u00bb\" width=\"675\" height=\"432\" bad-src=\"https:\/\/www.europesays.com\/no\/wp-content\/uploads\/2025\/12\/18409879.webp\" fetchpriority=\"auto\" \/><\/p>\n<p>      THE ROYAL BALLET: Fortsatt m\u00e5 Lukas klype seg litt i armen over at dette er arbeidsplassen hans.<br \/>\n         Foto: Camilla Blok \/ \u00abGod morgen Norge\u00bb<\/p>\n<p>Begynte med \u00abbreakdance\u00bb<\/p>\n<p>Lukas vokste opp langt borte fra kongeligheter i Covent Garden \u2013 p\u00e5 Haugerud i Oslo med to kunstnerforeldre og en yngre bror. Det var ikke helt \u00e5penbart at ballett skulle bli hans vei i livet.<\/p>\n<p>\u2013 Jeg begynte med \u00abbreakdance\u00bb da jeg var liten og det var min mor som ville at jeg skulle pr\u00f8ve ballett. Men det var liksom ikke noe sp\u00f8rsm\u00e5l \u2013 jeg hadde ikke lyst til \u00e5 gj\u00f8re det, forteller han.<\/p>\n<p>En tur i operaen med familien for \u00e5 se ballett skulle endre p\u00e5 det.<\/p>\n<p>\u2013 Vi s\u00e5 \u00abN\u00f8tteknekkeren\u00bb og jeg tenkte at det faktisk s\u00e5 ganske imponerende ut, s\u00e5 jeg ville pr\u00f8ve det.\u00a0F\u00f8rst og fremst tror jeg ikke jeg var kul nok til \u00e5 gj\u00f8re \u00abbreakdance\u00bb uansett. Ballett passet meg litt bedre, ler han.<\/p>\n<p>\u2013 En enkel dr\u00f8m<\/p>\n<p>Veien gikk videre til Nasjonalballettskolen ved Den Norske Opera &amp; Ballett og dr\u00f8mmen ble enda mer konkret.<\/p>\n<p>\u2013 Det var en ganske enkel dr\u00f8m. Jeg hadde lyst til \u00e5 bli ballettdanser. Jeg s\u00e5 opp til de som var profesjonelle og ville bli som dem.\u00a0<\/p>\n<p>        <img class=\"image__img lazyload\" itemprop=\"image\" title=\"Foto: Oleg Seveljov\" alt=\"FEIRET KJ\u00c6RLIGHETEN. Venner fra hele verden kom ogs\u00e5 i parets bryllup. Foto: Oleg Seveljov\" width=\"675\" height=\"898\" bad-src=\"https:\/\/www.europesays.com\/no\/wp-content\/uploads\/2025\/12\/18409549.webp\" fetchpriority=\"auto\" \/><\/p>\n<p>      FEIRET KJ\u00c6RLIGHETEN. Venner fra hele verden kom ogs\u00e5 i parets bryllup.<br \/>\n         Foto: Oleg Seveljov<\/p>\n<p>Mange vil huske Lukas fra den tiden og fra den prisbel\u00f8nte dokumentaren \u00abBallettguttene\u00bb som ble vist p\u00e5 NRK, og som fulgte Lukas og to andre gutter p\u00e5 Nasjonalballetskolen p\u00e5 deres vei mot dr\u00f8mmen.\u00a0<\/p>\n<p>\u2013 En ekstraordin\u00e6r ballettdanser<\/p>\n<p>I dag er han der \u2013 forfremmet til f\u00f8rstesolist ved The Royal Ballet og i 2024 fikk han Tom Wilhelmsens Opera &amp; Ballettpris overrakt p\u00e5 jobb i London. Til stede var ballettsjef ved Den Norske Opera &amp; Ballett, Ingrid Lorentzen og hans n\u00e5v\u00e6rende sjef ved The Royal Ballet, Kevin O&#8217;Hare.<\/p>\n<p>        <img class=\"image__img lazyload\" itemprop=\"image\" title=\"Foto: Wilhelmsen.com\" alt=\"HEDRET: Lukas ble tildelt Tom Wilhelmsens Opera og Ballettpris 2024 for sitt bidrag til ballettkunsten Foto: Wilhelmsen.com\" width=\"675\" height=\"379\" bad-src=\"https:\/\/www.europesays.com\/no\/wp-content\/uploads\/2025\/12\/18410039.webp\" fetchpriority=\"auto\" \/><\/p>\n<p>      HEDRET: Lukas ble tildelt Tom Wilhelmsens Opera og Ballettpris 2024 for sitt bidrag til ballettkunsten<br \/>\n         Foto: Wilhelmsen.com<\/p>\n<p> I begrunnelsen skrev Wilhelmsens stiftelse at: <\/p>\n<p class=\"italic m-italic\" data-lab-italic=\"italic\">\u00abLukas Bj\u00f8rneboe Br\u00e6ndsr\u00f8d har markert seg som en ekstraordin\u00e6r ballettdanser ved Royal Opera House, med en unik bakgrunn som breakdancer, noe som har bidratt til hans allsidige og dynamiske uttrykk p\u00e5 scenen\u00bb.<\/p>\n<p>F\u00f8lelsen av \u00abfull sirkel\u00bb<\/p>\n<p>P\u00e5 veggene i operahuset henger bilder av de som har tr\u00e5kket sine ballettsko i gangene f\u00f8r Lukas. Storheter som Rudolf Nurejev og Margot Fonteyn.<\/p>\n<p>Selv om det er store sko \u00e5 fylle, har Lukas allerede blitt castet i noen av ballettverdens st\u00f8rste roller. For ham har noen av rollene betydd mer enn andre.<\/p>\n<p>\u2013 Favoritten er \u00abOnegin\u00bb. Det er en ballett jeg har likt siden jeg var liten og som jeg var heldig nok \u00e5 kunne gj\u00f8re sist sommer. Det var et \u00abfull sirkel-\u00f8yeblikk\u00bb, smiler han.<\/p>\n<p class=\"bold m-bold\" data-lab-font_weight=\"bold\">N\u00e5 er det \u00abN\u00f8tteknekkeren\u00bb som st\u00e5r p\u00e5 programmet, med Lukas i rollen som n\u00f8tteknekkerprinsen p\u00e5 nytt\u00e5rsaften og p\u00e5 ny\u00e5ret.<\/p>\n<p>\u2013 \u00abN\u00f8tteknekkeren\u00bb er s\u00e5nn vi feirer jul som ballettdansere. Det er tradisjon.\u00a0N\u00e5r du begynner \u00e5 kjenne lukten av kostymene, settet og scenen, s\u00e5 f\u00f8ler du at det er jul, sier Lukas og titter opp p\u00e5 det enorme juletreet som har f\u00e5tt plass i operaens prakthall, The Paul Hamlyn Hall.\u00a0<\/p>\n<p>        <img class=\"image__img lazyload\" itemprop=\"image\" title=\"Foto: Camilla Blok\" alt=\"JUL: \u00abN\u00f8tteknekkeren\u00bb gir Br\u00e6ndsr\u00f8d julestemning Foto: Camilla Blok\" width=\"675\" height=\"898\" bad-src=\"https:\/\/www.europesays.com\/no\/wp-content\/uploads\/2025\/12\/18409923.webp\" fetchpriority=\"auto\" \/><\/p>\n<p>      JUL: \u00abN\u00f8tteknekkeren\u00bb gir Br\u00e6ndsr\u00f8d julestemning<br \/>\n         Foto: Camilla Blok<\/p>\n<p>\u00c5rets juletre er designet av kjendisdesigner Paul Smith \u2013 en venn av balletten.<\/p>\n<p>Lange dager og beinhard disiplin<\/p>\n<p>For det er ikke mangel p\u00e5 celebriteter som frekventerer The Royal Ballet, og prestisjen ved \u00e5 jobbe her er stor.<\/p>\n<p>Men bak alt dette, bak de feststemte omgivelsene, de vakre kostymene og dekoren s\u00e5 ligger det mange hverdager med beint\u00f8ff jobb og lange \u2013 veldig lange- arbeidsdager.<\/p>\n<p class=\"bold m-bold\" data-lab-font_weight=\"bold\">\u2013 N\u00e5r det er forestilling, s\u00e5 er det en tolvtimersdag. Vi kommer inn p\u00e5 jobb klokka halv elleve, og s\u00e5 slutter forestillingen vanligvis halv elleve p\u00e5 kvelden, forteller han.<\/p>\n<p>Det handler om \u00e5 trene styrke og utholdenhet, finpusse teknikken, innstudering og konstant forberedelse:<\/p>\n<p>\u2013 Det er morgenklasse, hvor man tar vare p\u00e5 at teknikken er i orden, og du varmer opp og t\u00f8yer og styrker kroppen. Og s\u00e5 er det inn i daglige innstuderinger. Ofte har du\u00a0minst tre eller fire balletter i hodet p\u00e5 \u00e9n gang, forteller han.<\/p>\n<p>Eventyrbryllup i Oslo<\/p>\n<p>N\u00e5r dagene og hodet er fylt av dans, var det kanskje ikke s\u00e5 overraskende at det var nettopp i balletten at Lukas m\u00f8tte sin store kj\u00e6rlighet: solistkollega Mariko Sasaki.<\/p>\n<p>        <img class=\"image__img lazyload\" itemprop=\"image\" title=\"Foto: Oleg Seveljov\" alt=\"GIFTET SEG I OSLO: Paret samlet familiene fra Norge og Japan til bryllup i sommer. Foto: Oleg Seveljov\" width=\"675\" height=\"628\" bad-src=\"https:\/\/www.europesays.com\/no\/wp-content\/uploads\/2025\/12\/18409553.webp\" fetchpriority=\"auto\" \/><\/p>\n<p>      GIFTET SEG I OSLO: Paret samlet familiene fra Norge og Japan til bryllup i sommer.<br \/>\n         Foto: Oleg Seveljov<\/p>\n<p class=\"bold m-bold\" data-lab-font_weight=\"bold\">At begge lever av samme kunstform, betyr mye:<\/p>\n<p>\u2013 Det hjelper oss veldig at vi kan st\u00f8tte hverandre n\u00e5r jobben er vanskelig eller spennende: n\u00e5r man trenger litt ekstra st\u00f8tte, rett og slett.\u00a0S\u00e5 det \u00e5 dele karriere og liv sammen, det hjelper veldig n\u00e5r det er s\u00e5 intenst, mener han.<\/p>\n<p>De to ballettstjernene giftet seg i sommer i et eventyrlig vakkert bryllup i Oslo- med familie fra b\u00e5de Norge og Japan til stede og med ballettvenner fra hele verden blant gjestene \u2013 et bryllup som ble omtalt i b\u00e5de <a href=\"https:\/\/www.voguescandinavia.com\/articles\/oslo-ballet-dancer-wedding\" target=\"_blank\" rel=\"nofollow noopener\">Vogue Scandinavia<\/a> og Vogue Japan.<\/p>\n<p>Fremtiden<\/p>\n<p>Selv om reisen fra \u00abbreakdancer\u00bb til n\u00f8tteknekkerprins har v\u00e6rt enorm, er det fortsatt mye han fortsatt vil oppleve.<\/p>\n<p>        <img class=\"image__img lazyload\" itemprop=\"image\" title=\"Foto: Oleg Seveljov, faksimile fra Vogue Scandinavia\" alt=\"VIET I OSLOS ELDSTE KIRKE: Bryllupet mellom de to ballettstjernene fikk internasjonal oppmerksomhet og ble dekket av Vogue Scandinavia og Vogue Japan. Foto: Oleg Seveljov, faksimile fra Vogue Scandinavia\" width=\"675\" height=\"365\" bad-src=\"https:\/\/www.europesays.com\/no\/wp-content\/uploads\/2025\/12\/18409795.webp\" fetchpriority=\"auto\" \/><\/p>\n<p>      VIET I OSLOS ELDSTE KIRKE: Bryllupet mellom de to ballettstjernene fikk internasjonal oppmerksomhet og ble dekket av Vogue Scandinavia og Vogue Japan.<br \/>\n         Foto: Oleg Seveljov, faksimile fra Vogue Scandinavia<\/p>\n<p>Uansett har Lukas allerede skrevet norsk balletthistorie. Han er for tiden den norske danseren som har n\u00e5dd lengst i et internasjonalt kompani \u2013 og kanskje en som vil inspirere andre til \u00e5 ta steget \u2013 selv om den ydmyke ballettstjernen ikke vil kalle seg selv et forbilde.<\/p>\n<p class=\"bold m-bold\" data-lab-font_weight=\"bold\">\u2013 Men hvis jeg kan inspirere andre til ogs\u00e5 \u00e5 f\u00f8lge sin dr\u00f8m, vil det v\u00e6re en stor \u00e6re, avslutter han.<\/p>\n","protected":false},"excerpt":{"rendered":"I hjertet av London, i et av verdens mest prestisjefylte operahus, st\u00e5r norske Lukas Bj\u00f8rneboe Br\u00e6ndsr\u00f8d (29) fra&hellip;\n","protected":false},"author":2,"featured_media":121394,"comment_status":"","ping_status":"","sticky":false,"template":"","format":"standard","meta":{"footnotes":""},"categories":[58],"tags":[71,30,28,29,72],"class_list":{"0":"post-121393","1":"post","2":"type-post","3":"status-publish","4":"format-standard","5":"has-post-thumbnail","7":"category-underholdning","8":"tag-entertainment","9":"tag-no","10":"tag-norge","11":"tag-norway","12":"tag-underholdning"},"share_on_mastodon":{"url":"https:\/\/pubeurope.com\/@no\/115778896671461329","error":""},"_links":{"self":[{"href":"https:\/\/www.europesays.com\/no\/wp-json\/wp\/v2\/posts\/121393","targetHints":{"allow":["GET"]}}],"collection":[{"href":"https:\/\/www.europesays.com\/no\/wp-json\/wp\/v2\/posts"}],"about":[{"href":"https:\/\/www.europesays.com\/no\/wp-json\/wp\/v2\/types\/post"}],"author":[{"embeddable":true,"href":"https:\/\/www.europesays.com\/no\/wp-json\/wp\/v2\/users\/2"}],"replies":[{"embeddable":true,"href":"https:\/\/www.europesays.com\/no\/wp-json\/wp\/v2\/comments?post=121393"}],"version-history":[{"count":0,"href":"https:\/\/www.europesays.com\/no\/wp-json\/wp\/v2\/posts\/121393\/revisions"}],"wp:featuredmedia":[{"embeddable":true,"href":"https:\/\/www.europesays.com\/no\/wp-json\/wp\/v2\/media\/121394"}],"wp:attachment":[{"href":"https:\/\/www.europesays.com\/no\/wp-json\/wp\/v2\/media?parent=121393"}],"wp:term":[{"taxonomy":"category","embeddable":true,"href":"https:\/\/www.europesays.com\/no\/wp-json\/wp\/v2\/categories?post=121393"},{"taxonomy":"post_tag","embeddable":true,"href":"https:\/\/www.europesays.com\/no\/wp-json\/wp\/v2\/tags?post=121393"}],"curies":[{"name":"wp","href":"https:\/\/api.w.org\/{rel}","templated":true}]}}